{"id":16814,"date":"2024-01-25T14:28:53","date_gmt":"2024-01-25T17:28:53","guid":{"rendered":"https:\/\/pc.sc.gov.br\/?p=16814"},"modified":"2024-01-25T15:18:08","modified_gmt":"2024-01-25T18:18:08","slug":"policia-civil-localiza-homem-vitima-de-um-possivel-crime-de-extorsao-mediante-sequestro","status":"publish","type":"post","link":"https:\/\/pc.sc.gov.br\/?p=16814","title":{"rendered":"Pol\u00edcia Civil localiza homem v\u00edtima de um poss\u00edvel crime de extors\u00e3o mediante sequestro em Pinhalzinho"},"content":{"rendered":"\t\t<div data-elementor-type=\"wp-post\" data-elementor-id=\"16814\" class=\"elementor elementor-16814\" data-elementor-post-type=\"post\">\n\t\t\t\t\t\t<section class=\"elementor-section elementor-top-section elementor-element elementor-element-adfece4 elementor-section-boxed elementor-section-height-default elementor-section-height-default\" data-id=\"adfece4\" data-element_type=\"section\">\n\t\t\t\t\t\t<div class=\"elementor-container elementor-column-gap-default\">\n\t\t\t\t\t<div class=\"elementor-column elementor-col-100 elementor-top-column elementor-element elementor-element-2e5f0f3\" data-id=\"2e5f0f3\" data-element_type=\"column\">\n\t\t\t<div class=\"elementor-widget-wrap elementor-element-populated\">\n\t\t\t\t\t\t<div class=\"elementor-element elementor-element-28d934a elementor-widget elementor-widget-heading\" data-id=\"28d934a\" data-element_type=\"widget\" data-widget_type=\"heading.default\">\n\t\t\t\t<div class=\"elementor-widget-container\">\n\t\t\t\t\t<h2 class=\"elementor-heading-title elementor-size-default\">Pol\u00edcia Civil localiza homem v\u00edtima de um poss\u00edvel crime de extors\u00e3o mediante sequestro em pinhalzinho<\/h2>\t\t\t\t<\/div>\n\t\t\t\t<\/div>\n\t\t\t\t\t<\/div>\n\t\t<\/div>\n\t\t\t\t\t<\/div>\n\t\t<\/section>\n\t\t\t\t<section class=\"elementor-section elementor-top-section elementor-element elementor-element-efec857 elementor-section-boxed elementor-section-height-default elementor-section-height-default\" data-id=\"efec857\" data-element_type=\"section\">\n\t\t\t\t\t\t<div class=\"elementor-container elementor-column-gap-default\">\n\t\t\t\t\t<div class=\"elementor-column elementor-col-100 elementor-top-column elementor-element elementor-element-41dae5a\" data-id=\"41dae5a\" data-element_type=\"column\">\n\t\t\t<div class=\"elementor-widget-wrap elementor-element-populated\">\n\t\t\t\t\t\t<div class=\"elementor-element elementor-element-a32ffaa elementor-widget elementor-widget-image\" data-id=\"a32ffaa\" data-element_type=\"widget\" data-widget_type=\"image.default\">\n\t\t\t\t<div class=\"elementor-widget-container\">\n\t\t\t\t\t\t\t\t\t\t\t\t\t\t\t<img fetchpriority=\"high\" decoding=\"async\" width=\"696\" height=\"392\" src=\"https:\/\/pc.sc.gov.br\/\/wp-content\/uploads\/2024\/01\/WhatsApp-Image-2024-01-25-at-15.01.16-1024x576.jpeg\" class=\"attachment-large size-large wp-image-16843\" alt=\"\" srcset=\"https:\/\/pc.sc.gov.br\/\/wp-content\/uploads\/2024\/01\/WhatsApp-Image-2024-01-25-at-15.01.16-1024x576.jpeg 1024w, https:\/\/pc.sc.gov.br\/\/wp-content\/uploads\/2024\/01\/WhatsApp-Image-2024-01-25-at-15.01.16-300x169.jpeg 300w, https:\/\/pc.sc.gov.br\/\/wp-content\/uploads\/2024\/01\/WhatsApp-Image-2024-01-25-at-15.01.16-768x432.jpeg 768w, https:\/\/pc.sc.gov.br\/\/wp-content\/uploads\/2024\/01\/WhatsApp-Image-2024-01-25-at-15.01.16-1536x864.jpeg 1536w, https:\/\/pc.sc.gov.br\/\/wp-content\/uploads\/2024\/01\/WhatsApp-Image-2024-01-25-at-15.01.16.jpeg 1600w\" sizes=\"(max-width: 696px) 100vw, 696px\" \/>\t\t\t\t\t\t\t\t\t\t\t\t\t\t\t<\/div>\n\t\t\t\t<\/div>\n\t\t\t\t\t<\/div>\n\t\t<\/div>\n\t\t\t\t\t<\/div>\n\t\t<\/section>\n\t\t\t\t<section class=\"elementor-section elementor-top-section elementor-element elementor-element-2b66c3f elementor-section-boxed elementor-section-height-default elementor-section-height-default\" data-id=\"2b66c3f\" data-element_type=\"section\">\n\t\t\t\t\t\t<div class=\"elementor-container elementor-column-gap-default\">\n\t\t\t\t\t<div class=\"elementor-column elementor-col-100 elementor-top-column elementor-element elementor-element-a61fdca\" data-id=\"a61fdca\" data-element_type=\"column\">\n\t\t\t<div class=\"elementor-widget-wrap elementor-element-populated\">\n\t\t\t\t\t\t<div class=\"elementor-element elementor-element-6c641cd elementor-widget elementor-widget-text-editor\" data-id=\"6c641cd\" data-element_type=\"widget\" data-widget_type=\"text-editor.default\">\n\t\t\t\t<div class=\"elementor-widget-container\">\n\t\t\t\t\t\t\t\t\t<p>A Pol\u00edcia Civil de Santa Catarina investigou desde o in\u00edcio da manh\u00e3 de quarta-feira (24) um poss\u00edvel crime de extors\u00e3o mediante sequestro. Um homem havia sido levado de sua casa em Pinhalzinho, ap\u00f3s criminosos realizaram um assalto \u00e0 resid\u00eancia. Ele foi encontrado \u00e0 noite, por volta das 21h e j\u00e1 est\u00e1 com a fam\u00edlia.&nbsp;<\/p>\n<p>O assalto ocorreu por volta das 5h45mim, momento em que dois homens renderam uma das v\u00edtimas na parte de fora da casa com uma arma de fogo. Ap\u00f3s amarrarem as v\u00edtimas durante busca por dinheiro dentro da casa, os criminosos utilizaram o pr\u00f3prio ve\u00edculo da fam\u00edlia, um GM\/Cruze, para fugir do local e levar consigo em sequestro o homem.<\/p>\n<p>O ve\u00edculo foi abandonado \u00e0s margens da BR-282, na \u00e1rea de Nova Itaberaba. Ap\u00f3s dilig\u00eancias realizadas ao longo de todo o dia, a Pol\u00edcia conseguiu localizar a v\u00edtima na mesma regi\u00e3o, que havia sido liberada pelos sequestradores. O homem foi ouvido na unidade policial e submetido a exame m\u00e9dico.<\/p>\n<p>A a\u00e7\u00e3o contou com um trabalho conjunto da Divis\u00e3o de Investiga\u00e7\u00e3o Criminal (DIC) de Maravilha, da Delegacia da Comarca (DPCo) de Pinhalzinho&nbsp; e da Divis\u00e3o de Roubos e Antissequestros (DRAS).&nbsp;<span style=\"font-family: var( --e-global-typography-primary-font-family ), Sans-serif; font-size: var( --e-global-typography-primary-font-size ); font-weight: var( --e-global-typography-primary-font-weight ); letter-spacing: var( --e-global-typography-primary-letter-spacing );\">A investiga\u00e7\u00e3o continuar\u00e1 a cargo da Pol\u00edcia Civil, por meio da Divis\u00e3o de Roubos e Antissequestros (DRAS).<\/span><\/p>\n<p><b>V\u00eddeo 1: Delegadado Rodrigo Moura da DIC de Maravilha<br>V\u00eddeo 2: Familiares recebem a v\u00edtima em Pinhalzinho<\/b><\/p>\t\t\t\t\t\t\t\t<\/div>\n\t\t\t\t<\/div>\n\t\t\t\t\t<\/div>\n\t\t<\/div>\n\t\t\t\t\t<\/div>\n\t\t<\/section>\n\t\t\t\t<section class=\"elementor-section elementor-top-section elementor-element elementor-element-df424cc elementor-section-boxed elementor-section-height-default elementor-section-height-default\" data-id=\"df424cc\" data-element_type=\"section\">\n\t\t\t\t\t\t<div class=\"elementor-container elementor-column-gap-default\">\n\t\t\t\t\t<div class=\"elementor-column elementor-col-100 elementor-top-column elementor-element elementor-element-b21ccab\" data-id=\"b21ccab\" data-element_type=\"column\">\n\t\t\t<div class=\"elementor-widget-wrap elementor-element-populated\">\n\t\t\t\t\t\t<div class=\"elementor-element elementor-element-4c67607 elementor-widget elementor-widget-video\" data-id=\"4c67607\" data-element_type=\"widget\" data-settings=\"{&quot;video_type&quot;:&quot;hosted&quot;,&quot;controls&quot;:&quot;yes&quot;}\" data-widget_type=\"video.default\">\n\t\t\t\t<div class=\"elementor-widget-container\">\n\t\t\t\t\t\t\t<div class=\"e-hosted-video elementor-wrapper elementor-open-inline\">\n\t\t\t\t\t<video class=\"elementor-video\" src=\"https:\/\/pc.sc.gov.br\/wp-content\/uploads\/2024\/01\/WhatsApp-Video-2024-01-24-at-22.50.10.mp4\" controls=\"\" preload=\"metadata\"><\/video>\n\t\t\t\t<\/div>\n\t\t\t\t\t\t<\/div>\n\t\t\t\t<\/div>\n\t\t\t\t\t<\/div>\n\t\t<\/div>\n\t\t\t\t\t<\/div>\n\t\t<\/section>\n\t\t\t\t<section class=\"elementor-section elementor-top-section elementor-element elementor-element-09425e2 elementor-section-boxed elementor-section-height-default elementor-section-height-default\" data-id=\"09425e2\" data-element_type=\"section\">\n\t\t\t\t\t\t<div class=\"elementor-container elementor-column-gap-default\">\n\t\t\t\t\t<div class=\"elementor-column elementor-col-100 elementor-top-column elementor-element elementor-element-932b190\" data-id=\"932b190\" data-element_type=\"column\">\n\t\t\t<div class=\"elementor-widget-wrap elementor-element-populated\">\n\t\t\t\t\t\t<div class=\"elementor-element elementor-element-cdbaea3 elementor-widget elementor-widget-video\" data-id=\"cdbaea3\" data-element_type=\"widget\" data-settings=\"{&quot;video_type&quot;:&quot;hosted&quot;,&quot;controls&quot;:&quot;yes&quot;}\" data-widget_type=\"video.default\">\n\t\t\t\t<div class=\"elementor-widget-container\">\n\t\t\t\t\t\t\t<div class=\"e-hosted-video elementor-wrapper elementor-open-inline\">\n\t\t\t\t\t<video class=\"elementor-video\" src=\"https:\/\/pc.sc.gov.br\/wp-content\/uploads\/2024\/01\/WhatsApp-Video-2024-01-24-at-22.50.05.mp4\" controls=\"\" preload=\"metadata\"><\/video>\n\t\t\t\t<\/div>\n\t\t\t\t\t\t<\/div>\n\t\t\t\t<\/div>\n\t\t\t\t\t<\/div>\n\t\t<\/div>\n\t\t\t\t\t<\/div>\n\t\t<\/section>\n\t\t\t\t<\/div>\n\t\t","protected":false},"excerpt":{"rendered":"<p>Pol\u00edcia Civil localiza homem v\u00edtima de um poss\u00edvel crime de extors\u00e3o mediante sequestro em pinhalzinho A Pol\u00edcia Civil de Santa Catarina investigou desde o in\u00edcio da manh\u00e3 de quarta-feira (24) um poss\u00edvel crime de extors\u00e3o mediante sequestro. Um homem havia sido levado de sua casa em Pinhalzinho, ap\u00f3s criminosos realizaram um assalto \u00e0 resid\u00eancia. Ele [&hellip;]<\/p>\n","protected":false},"author":5,"featured_media":16843,"comment_status":"closed","ping_status":"open","sticky":false,"template":"","format":"standard","meta":{"_monsterinsights_skip_tracking":false,"_monsterinsights_sitenote_active":false,"_monsterinsights_sitenote_note":"","_monsterinsights_sitenote_category":0,"footnotes":""},"categories":[1],"tags":[],"class_list":["post-16814","post","type-post","status-publish","format-standard","has-post-thumbnail","hentry","category-sem-categoria"],"_links":{"self":[{"href":"https:\/\/pc.sc.gov.br\/index.php?rest_route=\/wp\/v2\/posts\/16814","targetHints":{"allow":["GET"]}}],"collection":[{"href":"https:\/\/pc.sc.gov.br\/index.php?rest_route=\/wp\/v2\/posts"}],"about":[{"href":"https:\/\/pc.sc.gov.br\/index.php?rest_route=\/wp\/v2\/types\/post"}],"author":[{"embeddable":true,"href":"https:\/\/pc.sc.gov.br\/index.php?rest_route=\/wp\/v2\/users\/5"}],"replies":[{"embeddable":true,"href":"https:\/\/pc.sc.gov.br\/index.php?rest_route=%2Fwp%2Fv2%2Fcomments&post=16814"}],"version-history":[{"count":23,"href":"https:\/\/pc.sc.gov.br\/index.php?rest_route=\/wp\/v2\/posts\/16814\/revisions"}],"predecessor-version":[{"id":16855,"href":"https:\/\/pc.sc.gov.br\/index.php?rest_route=\/wp\/v2\/posts\/16814\/revisions\/16855"}],"wp:featuredmedia":[{"embeddable":true,"href":"https:\/\/pc.sc.gov.br\/index.php?rest_route=\/wp\/v2\/media\/16843"}],"wp:attachment":[{"href":"https:\/\/pc.sc.gov.br\/index.php?rest_route=%2Fwp%2Fv2%2Fmedia&parent=16814"}],"wp:term":[{"taxonomy":"category","embeddable":true,"href":"https:\/\/pc.sc.gov.br\/index.php?rest_route=%2Fwp%2Fv2%2Fcategories&post=16814"},{"taxonomy":"post_tag","embeddable":true,"href":"https:\/\/pc.sc.gov.br\/index.php?rest_route=%2Fwp%2Fv2%2Ftags&post=16814"}],"curies":[{"name":"wp","href":"https:\/\/api.w.org\/{rel}","templated":true}]}}