{"id":16847,"date":"2024-01-25T15:08:41","date_gmt":"2024-01-25T18:08:41","guid":{"rendered":"https:\/\/pc.sc.gov.br\/?p=16847"},"modified":"2024-01-25T15:09:58","modified_gmt":"2024-01-25T18:09:58","slug":"dic-de-itajai-prende-foragido-investigado-por-furtos-e-roubos-em-sergipe","status":"publish","type":"post","link":"https:\/\/pc.sc.gov.br\/?p=16847","title":{"rendered":"DIC de Itaja\u00ed prende foragido investigado por furtos e roubos em Sergipe"},"content":{"rendered":"\t\t<div data-elementor-type=\"wp-post\" data-elementor-id=\"16847\" class=\"elementor elementor-16847\" data-elementor-post-type=\"post\">\n\t\t\t\t\t\t<section class=\"elementor-section elementor-top-section elementor-element elementor-element-8c0c26c elementor-section-boxed elementor-section-height-default elementor-section-height-default\" data-id=\"8c0c26c\" data-element_type=\"section\">\n\t\t\t\t\t\t<div class=\"elementor-container elementor-column-gap-default\">\n\t\t\t\t\t<div class=\"elementor-column elementor-col-100 elementor-top-column elementor-element elementor-element-c7bb1b9\" data-id=\"c7bb1b9\" data-element_type=\"column\">\n\t\t\t<div class=\"elementor-widget-wrap elementor-element-populated\">\n\t\t\t\t\t\t<div class=\"elementor-element elementor-element-119e48b elementor-widget elementor-widget-heading\" data-id=\"119e48b\" data-element_type=\"widget\" data-widget_type=\"heading.default\">\n\t\t\t\t<div class=\"elementor-widget-container\">\n\t\t\t\t\t<h2 class=\"elementor-heading-title elementor-size-default\">DIC de Itaja\u00ed prende foragido investigado por furtos e roubos em Sergipe<\/h2>\t\t\t\t<\/div>\n\t\t\t\t<\/div>\n\t\t\t\t\t<\/div>\n\t\t<\/div>\n\t\t\t\t\t<\/div>\n\t\t<\/section>\n\t\t\t\t<section class=\"elementor-section elementor-top-section elementor-element elementor-element-827aed1 elementor-section-boxed elementor-section-height-default elementor-section-height-default\" data-id=\"827aed1\" data-element_type=\"section\">\n\t\t\t\t\t\t<div class=\"elementor-container elementor-column-gap-default\">\n\t\t\t\t\t<div class=\"elementor-column elementor-col-100 elementor-top-column elementor-element elementor-element-958ef21\" data-id=\"958ef21\" data-element_type=\"column\">\n\t\t\t<div class=\"elementor-widget-wrap elementor-element-populated\">\n\t\t\t\t\t\t<div class=\"elementor-element elementor-element-5bc05d8 elementor-widget elementor-widget-image\" data-id=\"5bc05d8\" data-element_type=\"widget\" data-widget_type=\"image.default\">\n\t\t\t\t<div class=\"elementor-widget-container\">\n\t\t\t\t\t\t\t\t\t\t\t\t\t\t\t<img fetchpriority=\"high\" decoding=\"async\" width=\"696\" height=\"522\" src=\"https:\/\/pc.sc.gov.br\/\/wp-content\/uploads\/2024\/01\/CARRO-VIATUIRA-SIRENE-NOITE-POLICIA-CIVIL-PCSC-1024x768.jpg\" class=\"attachment-large size-large wp-image-16597\" alt=\"\" srcset=\"https:\/\/pc.sc.gov.br\/\/wp-content\/uploads\/2024\/01\/CARRO-VIATUIRA-SIRENE-NOITE-POLICIA-CIVIL-PCSC-1024x768.jpg 1024w, https:\/\/pc.sc.gov.br\/\/wp-content\/uploads\/2024\/01\/CARRO-VIATUIRA-SIRENE-NOITE-POLICIA-CIVIL-PCSC-300x225.jpg 300w, https:\/\/pc.sc.gov.br\/\/wp-content\/uploads\/2024\/01\/CARRO-VIATUIRA-SIRENE-NOITE-POLICIA-CIVIL-PCSC-768x576.jpg 768w, https:\/\/pc.sc.gov.br\/\/wp-content\/uploads\/2024\/01\/CARRO-VIATUIRA-SIRENE-NOITE-POLICIA-CIVIL-PCSC.jpg 1280w\" sizes=\"(max-width: 696px) 100vw, 696px\" \/>\t\t\t\t\t\t\t\t\t\t\t\t\t\t\t<\/div>\n\t\t\t\t<\/div>\n\t\t\t\t\t<\/div>\n\t\t<\/div>\n\t\t\t\t\t<\/div>\n\t\t<\/section>\n\t\t\t\t<section class=\"elementor-section elementor-top-section elementor-element elementor-element-eefa700 elementor-section-boxed elementor-section-height-default elementor-section-height-default\" data-id=\"eefa700\" data-element_type=\"section\">\n\t\t\t\t\t\t<div class=\"elementor-container elementor-column-gap-default\">\n\t\t\t\t\t<div class=\"elementor-column elementor-col-100 elementor-top-column elementor-element elementor-element-c363616\" data-id=\"c363616\" data-element_type=\"column\">\n\t\t\t<div class=\"elementor-widget-wrap elementor-element-populated\">\n\t\t\t\t\t\t<div class=\"elementor-element elementor-element-0c8f7ab elementor-widget elementor-widget-text-editor\" data-id=\"0c8f7ab\" data-element_type=\"widget\" data-widget_type=\"text-editor.default\">\n\t\t\t\t<div class=\"elementor-widget-container\">\n\t\t\t\t\t\t\t\t\t<p>A Pol\u00edcia Civil de Santa Catarina, por meio da Divis\u00e3o de Investiga\u00e7\u00e3o Criminal (DIC) de Itaja\u00ed deu cumprimento nesta quarta-feira (24) a mandado de pris\u00e3o preventiva contra um homem. Natural do estado de Sergipe, ele \u00e9 investigado pela Pol\u00edcia Civil daquele estado por diversos crimes patrimoniais como roubo e furto qualificado.<\/p>\n<p>Ap\u00f3s trocas de informa\u00e7\u00f5es de intelig\u00eancia entre as equipes da Delegacia de Est\u00e2ncia (SE) e da Divis\u00e3o de Investiga\u00e7\u00e3o Criminal (DIC) de Itaja\u00ed, o foragido foi capturado, no final da tarde desta quarta-feira quando retornava para sua resid\u00eancia no bairro Fazenda, em itaja\u00ed.<\/p>\n<p>O preso foi encaminhado ao sistema penitenci\u00e1rio, onde permanece \u00e0 disposi\u00e7\u00e3o da Justi\u00e7a.&nbsp;<\/p>\t\t\t\t\t\t\t\t<\/div>\n\t\t\t\t<\/div>\n\t\t\t\t\t<\/div>\n\t\t<\/div>\n\t\t\t\t\t<\/div>\n\t\t<\/section>\n\t\t\t\t<\/div>\n\t\t","protected":false},"excerpt":{"rendered":"<p>DIC de Itaja\u00ed prende foragido investigado por furtos e roubos em Sergipe A Pol\u00edcia Civil de Santa Catarina, por meio da Divis\u00e3o de Investiga\u00e7\u00e3o Criminal (DIC) de Itaja\u00ed deu cumprimento nesta quarta-feira (24) a mandado de pris\u00e3o preventiva contra um homem. Natural do estado de Sergipe, ele \u00e9 investigado pela Pol\u00edcia Civil daquele estado por [&hellip;]<\/p>\n","protected":false},"author":5,"featured_media":15215,"comment_status":"closed","ping_status":"open","sticky":false,"template":"","format":"standard","meta":{"_monsterinsights_skip_tracking":false,"_monsterinsights_sitenote_active":false,"_monsterinsights_sitenote_note":"","_monsterinsights_sitenote_category":0,"footnotes":""},"categories":[1],"tags":[],"class_list":["post-16847","post","type-post","status-publish","format-standard","has-post-thumbnail","hentry","category-sem-categoria"],"_links":{"self":[{"href":"https:\/\/pc.sc.gov.br\/index.php?rest_route=\/wp\/v2\/posts\/16847","targetHints":{"allow":["GET"]}}],"collection":[{"href":"https:\/\/pc.sc.gov.br\/index.php?rest_route=\/wp\/v2\/posts"}],"about":[{"href":"https:\/\/pc.sc.gov.br\/index.php?rest_route=\/wp\/v2\/types\/post"}],"author":[{"embeddable":true,"href":"https:\/\/pc.sc.gov.br\/index.php?rest_route=\/wp\/v2\/users\/5"}],"replies":[{"embeddable":true,"href":"https:\/\/pc.sc.gov.br\/index.php?rest_route=%2Fwp%2Fv2%2Fcomments&post=16847"}],"version-history":[{"count":4,"href":"https:\/\/pc.sc.gov.br\/index.php?rest_route=\/wp\/v2\/posts\/16847\/revisions"}],"predecessor-version":[{"id":16851,"href":"https:\/\/pc.sc.gov.br\/index.php?rest_route=\/wp\/v2\/posts\/16847\/revisions\/16851"}],"wp:featuredmedia":[{"embeddable":true,"href":"https:\/\/pc.sc.gov.br\/index.php?rest_route=\/wp\/v2\/media\/15215"}],"wp:attachment":[{"href":"https:\/\/pc.sc.gov.br\/index.php?rest_route=%2Fwp%2Fv2%2Fmedia&parent=16847"}],"wp:term":[{"taxonomy":"category","embeddable":true,"href":"https:\/\/pc.sc.gov.br\/index.php?rest_route=%2Fwp%2Fv2%2Fcategories&post=16847"},{"taxonomy":"post_tag","embeddable":true,"href":"https:\/\/pc.sc.gov.br\/index.php?rest_route=%2Fwp%2Fv2%2Ftags&post=16847"}],"curies":[{"name":"wp","href":"https:\/\/api.w.org\/{rel}","templated":true}]}}