{"id":16856,"date":"2024-01-25T15:18:59","date_gmt":"2024-01-25T18:18:59","guid":{"rendered":"https:\/\/pc.sc.gov.br\/?p=16856"},"modified":"2024-01-25T15:19:50","modified_gmt":"2024-01-25T18:19:50","slug":"dpcami-de-maravilha-apreende-adolescente-por-descumprir-medida-protetiva-de-urgencia","status":"publish","type":"post","link":"https:\/\/pc.sc.gov.br\/?p=16856","title":{"rendered":"DPCAMI de Maravilha apreende adolescente por descumprir medida protetiva de urg\u00eancia"},"content":{"rendered":"\t\t<div data-elementor-type=\"wp-post\" data-elementor-id=\"16856\" class=\"elementor elementor-16856\" data-elementor-post-type=\"post\">\n\t\t\t\t\t\t<section class=\"elementor-section elementor-top-section elementor-element elementor-element-44d4ac8 elementor-section-boxed elementor-section-height-default elementor-section-height-default\" data-id=\"44d4ac8\" data-element_type=\"section\">\n\t\t\t\t\t\t<div class=\"elementor-container elementor-column-gap-default\">\n\t\t\t\t\t<div class=\"elementor-column elementor-col-100 elementor-top-column elementor-element elementor-element-51df4ac\" data-id=\"51df4ac\" data-element_type=\"column\">\n\t\t\t<div class=\"elementor-widget-wrap elementor-element-populated\">\n\t\t\t\t\t\t<div class=\"elementor-element elementor-element-e71efd1 elementor-widget elementor-widget-heading\" data-id=\"e71efd1\" data-element_type=\"widget\" data-widget_type=\"heading.default\">\n\t\t\t\t<div class=\"elementor-widget-container\">\n\t\t\t\t\t<h2 class=\"elementor-heading-title elementor-size-default\">DPCAMI de Maravilha apreende adolescente por descumprir medida protetiva de urg\u00eancia<\/h2>\t\t\t\t<\/div>\n\t\t\t\t<\/div>\n\t\t\t\t\t<\/div>\n\t\t<\/div>\n\t\t\t\t\t<\/div>\n\t\t<\/section>\n\t\t\t\t<section class=\"elementor-section elementor-top-section elementor-element elementor-element-54383d4 elementor-section-boxed elementor-section-height-default elementor-section-height-default\" data-id=\"54383d4\" data-element_type=\"section\">\n\t\t\t\t\t\t<div class=\"elementor-container elementor-column-gap-default\">\n\t\t\t\t\t<div class=\"elementor-column elementor-col-100 elementor-top-column elementor-element elementor-element-8ee7899\" data-id=\"8ee7899\" data-element_type=\"column\">\n\t\t\t<div class=\"elementor-widget-wrap elementor-element-populated\">\n\t\t\t\t\t\t<div class=\"elementor-element elementor-element-eafe013 elementor-widget elementor-widget-image\" data-id=\"eafe013\" data-element_type=\"widget\" data-widget_type=\"image.default\">\n\t\t\t\t<div class=\"elementor-widget-container\">\n\t\t\t\t\t\t\t\t\t\t\t\t\t\t\t<img fetchpriority=\"high\" decoding=\"async\" width=\"696\" height=\"696\" src=\"https:\/\/pc.sc.gov.br\/\/wp-content\/uploads\/2024\/01\/WhatsApp-Image-2024-01-25-at-12.54.17.jpeg\" class=\"attachment-large size-large wp-image-16857\" alt=\"\" srcset=\"https:\/\/pc.sc.gov.br\/\/wp-content\/uploads\/2024\/01\/WhatsApp-Image-2024-01-25-at-12.54.17.jpeg 960w, https:\/\/pc.sc.gov.br\/\/wp-content\/uploads\/2024\/01\/WhatsApp-Image-2024-01-25-at-12.54.17-300x300.jpeg 300w, https:\/\/pc.sc.gov.br\/\/wp-content\/uploads\/2024\/01\/WhatsApp-Image-2024-01-25-at-12.54.17-150x150.jpeg 150w, https:\/\/pc.sc.gov.br\/\/wp-content\/uploads\/2024\/01\/WhatsApp-Image-2024-01-25-at-12.54.17-768x768.jpeg 768w\" sizes=\"(max-width: 696px) 100vw, 696px\" \/>\t\t\t\t\t\t\t\t\t\t\t\t\t\t\t<\/div>\n\t\t\t\t<\/div>\n\t\t\t\t\t<\/div>\n\t\t<\/div>\n\t\t\t\t\t<\/div>\n\t\t<\/section>\n\t\t\t\t<section class=\"elementor-section elementor-top-section elementor-element elementor-element-bce22bb elementor-section-boxed elementor-section-height-default elementor-section-height-default\" data-id=\"bce22bb\" data-element_type=\"section\">\n\t\t\t\t\t\t<div class=\"elementor-container elementor-column-gap-default\">\n\t\t\t\t\t<div class=\"elementor-column elementor-col-100 elementor-top-column elementor-element elementor-element-96bd60f\" data-id=\"96bd60f\" data-element_type=\"column\">\n\t\t\t<div class=\"elementor-widget-wrap elementor-element-populated\">\n\t\t\t\t\t\t<div class=\"elementor-element elementor-element-c20ab8a elementor-widget elementor-widget-text-editor\" data-id=\"c20ab8a\" data-element_type=\"widget\" data-widget_type=\"text-editor.default\">\n\t\t\t\t<div class=\"elementor-widget-container\">\n\t\t\t\t\t\t\t\t\t<p>Na tarde de quarta-feira, 24 de janeiro de 2024, a Pol\u00edcia Civil, por meio da Delegacia de Prote\u00e7\u00e3o \u00e0 Crian\u00e7a, ao Adolescente, \u00e0 Mulher e ao Idoso (DPCAMI) de Maravilha, conduziu uma opera\u00e7\u00e3o para cumprir um mandado de apreens\u00e3o contra um adolescente. O jovem estava sendo alvo de investiga\u00e7\u00f5es devido \u00e0 sua reiterada pr\u00e1tica de atos infracionais relacionados \u00e0 viol\u00eancia dom\u00e9stica contra sua ex-companheira.<\/p><p>Por meio de boletim de ocorr\u00eancia, chegou ao conhecimento da Pol\u00edcia Civil que o adolescente estava descumprindo medida protetiva de urg\u00eancia que o impedia de se aproximar e manter contato com a ex-companheira.<\/p><p>Ap\u00f3s a oitiva da v\u00edtima e da juntada de elementos probat\u00f3rios, a Pol\u00edcia Civil p\u00f4de constatar a autoria e a materialidade dos atos infracionais, justificando o pedido de interna\u00e7\u00e3o cautelar do adolescente, devido ao risco real para a integridade da v\u00edtima.<\/p><p>O pedido de apreens\u00e3o recebeu a manifesta\u00e7\u00e3o favor\u00e1vel do Minist\u00e9rio P\u00fablico e foi imediatamente deferido pelo Ju\u00edzo da Comarca de Maravilha. A busca pelo adolescente infrator foi conduzida pela equipe da Pol\u00edcia Civil, que efetuou a apreens\u00e3o, sendo posteriormente levado para a unidade Socioeducativa do DEASE. O jovem permanece agora \u00e0 disposi\u00e7\u00e3o do Ju\u00edzo da Inf\u00e2ncia de Maravilha.<\/p><p>A opera\u00e7\u00e3o demonstra o compromisso incans\u00e1vel da Pol\u00edcia Civil em assegurar a seguran\u00e7a e a prote\u00e7\u00e3o das v\u00edtimas de viol\u00eancia dom\u00e9stica, refor\u00e7ando a import\u00e2ncia da atua\u00e7\u00e3o conjunta das institui\u00e7\u00f5es para combater esse tipo de crime e garantir a justi\u00e7a em nossa comunidade.<\/p><div>\u00a0<\/div>\t\t\t\t\t\t\t\t<\/div>\n\t\t\t\t<\/div>\n\t\t\t\t\t<\/div>\n\t\t<\/div>\n\t\t\t\t\t<\/div>\n\t\t<\/section>\n\t\t\t\t<\/div>\n\t\t","protected":false},"excerpt":{"rendered":"<p>DPCAMI de Maravilha apreende adolescente por descumprir medida protetiva de urg\u00eancia Na tarde de quarta-feira, 24 de janeiro de 2024, a Pol\u00edcia Civil, por meio da Delegacia de Prote\u00e7\u00e3o \u00e0 Crian\u00e7a, ao Adolescente, \u00e0 Mulher e ao Idoso (DPCAMI) de Maravilha, conduziu uma opera\u00e7\u00e3o para cumprir um mandado de apreens\u00e3o contra um adolescente. O jovem [&hellip;]<\/p>\n","protected":false},"author":5,"featured_media":16857,"comment_status":"closed","ping_status":"open","sticky":false,"template":"","format":"standard","meta":{"_monsterinsights_skip_tracking":false,"_monsterinsights_sitenote_active":false,"_monsterinsights_sitenote_note":"","_monsterinsights_sitenote_category":0,"footnotes":""},"categories":[1],"tags":[],"class_list":["post-16856","post","type-post","status-publish","format-standard","has-post-thumbnail","hentry","category-sem-categoria"],"_links":{"self":[{"href":"https:\/\/pc.sc.gov.br\/index.php?rest_route=\/wp\/v2\/posts\/16856","targetHints":{"allow":["GET"]}}],"collection":[{"href":"https:\/\/pc.sc.gov.br\/index.php?rest_route=\/wp\/v2\/posts"}],"about":[{"href":"https:\/\/pc.sc.gov.br\/index.php?rest_route=\/wp\/v2\/types\/post"}],"author":[{"embeddable":true,"href":"https:\/\/pc.sc.gov.br\/index.php?rest_route=\/wp\/v2\/users\/5"}],"replies":[{"embeddable":true,"href":"https:\/\/pc.sc.gov.br\/index.php?rest_route=%2Fwp%2Fv2%2Fcomments&post=16856"}],"version-history":[{"count":4,"href":"https:\/\/pc.sc.gov.br\/index.php?rest_route=\/wp\/v2\/posts\/16856\/revisions"}],"predecessor-version":[{"id":16861,"href":"https:\/\/pc.sc.gov.br\/index.php?rest_route=\/wp\/v2\/posts\/16856\/revisions\/16861"}],"wp:featuredmedia":[{"embeddable":true,"href":"https:\/\/pc.sc.gov.br\/index.php?rest_route=\/wp\/v2\/media\/16857"}],"wp:attachment":[{"href":"https:\/\/pc.sc.gov.br\/index.php?rest_route=%2Fwp%2Fv2%2Fmedia&parent=16856"}],"wp:term":[{"taxonomy":"category","embeddable":true,"href":"https:\/\/pc.sc.gov.br\/index.php?rest_route=%2Fwp%2Fv2%2Fcategories&post=16856"},{"taxonomy":"post_tag","embeddable":true,"href":"https:\/\/pc.sc.gov.br\/index.php?rest_route=%2Fwp%2Fv2%2Ftags&post=16856"}],"curies":[{"name":"wp","href":"https:\/\/api.w.org\/{rel}","templated":true}]}}