{"id":16862,"date":"2024-01-25T15:38:04","date_gmt":"2024-01-25T18:38:04","guid":{"rendered":"https:\/\/pc.sc.gov.br\/?p=16862"},"modified":"2024-01-25T15:40:28","modified_gmt":"2024-01-25T18:40:28","slug":"policia-civil-cumpre-mandado-de-busca-e-apreensao-em-casa-noturna-em-bombinhas","status":"publish","type":"post","link":"https:\/\/pc.sc.gov.br\/?p=16862","title":{"rendered":"Pol\u00edcia Civil cumpre mandado de busca e apreens\u00e3o em casa noturna em Bombinhas"},"content":{"rendered":"\t\t<div data-elementor-type=\"wp-post\" data-elementor-id=\"16862\" class=\"elementor elementor-16862\" data-elementor-post-type=\"post\">\n\t\t\t\t\t\t<section class=\"elementor-section elementor-top-section elementor-element elementor-element-b38fc47 elementor-section-boxed elementor-section-height-default elementor-section-height-default\" data-id=\"b38fc47\" data-element_type=\"section\">\n\t\t\t\t\t\t<div class=\"elementor-container elementor-column-gap-default\">\n\t\t\t\t\t<div class=\"elementor-column elementor-col-100 elementor-top-column elementor-element elementor-element-f622ceb\" data-id=\"f622ceb\" data-element_type=\"column\">\n\t\t\t<div class=\"elementor-widget-wrap elementor-element-populated\">\n\t\t\t\t\t\t<div class=\"elementor-element elementor-element-2e782ec elementor-widget elementor-widget-heading\" data-id=\"2e782ec\" data-element_type=\"widget\" data-widget_type=\"heading.default\">\n\t\t\t\t<div class=\"elementor-widget-container\">\n\t\t\t\t\t<h2 class=\"elementor-heading-title elementor-size-default\">Pol\u00edcia Civil cumpre mandado de busca e apreens\u00e3o em casa noturna em Bombinhas<\/h2>\t\t\t\t<\/div>\n\t\t\t\t<\/div>\n\t\t\t\t\t<\/div>\n\t\t<\/div>\n\t\t\t\t\t<\/div>\n\t\t<\/section>\n\t\t\t\t<section class=\"elementor-section elementor-top-section elementor-element elementor-element-f703fec elementor-section-boxed elementor-section-height-default elementor-section-height-default\" data-id=\"f703fec\" data-element_type=\"section\">\n\t\t\t\t\t\t<div class=\"elementor-container elementor-column-gap-default\">\n\t\t\t\t\t<div class=\"elementor-column elementor-col-100 elementor-top-column elementor-element elementor-element-f542137\" data-id=\"f542137\" data-element_type=\"column\">\n\t\t\t<div class=\"elementor-widget-wrap elementor-element-populated\">\n\t\t\t\t\t\t<div class=\"elementor-element elementor-element-7180322 elementor-widget elementor-widget-image\" data-id=\"7180322\" data-element_type=\"widget\" data-widget_type=\"image.default\">\n\t\t\t\t<div class=\"elementor-widget-container\">\n\t\t\t\t\t\t\t\t\t\t\t\t\t\t\t<img fetchpriority=\"high\" decoding=\"async\" width=\"696\" height=\"928\" src=\"https:\/\/pc.sc.gov.br\/\/wp-content\/uploads\/2024\/01\/WhatsApp-Image-2024-01-25-at-13.40.34-1-768x1024.jpeg\" class=\"attachment-large size-large wp-image-16863\" alt=\"\" srcset=\"https:\/\/pc.sc.gov.br\/\/wp-content\/uploads\/2024\/01\/WhatsApp-Image-2024-01-25-at-13.40.34-1-768x1024.jpeg 768w, https:\/\/pc.sc.gov.br\/\/wp-content\/uploads\/2024\/01\/WhatsApp-Image-2024-01-25-at-13.40.34-1-225x300.jpeg 225w, https:\/\/pc.sc.gov.br\/\/wp-content\/uploads\/2024\/01\/WhatsApp-Image-2024-01-25-at-13.40.34-1-1152x1536.jpeg 1152w, https:\/\/pc.sc.gov.br\/\/wp-content\/uploads\/2024\/01\/WhatsApp-Image-2024-01-25-at-13.40.34-1.jpeg 1200w\" sizes=\"(max-width: 696px) 100vw, 696px\" \/>\t\t\t\t\t\t\t\t\t\t\t\t\t\t\t<\/div>\n\t\t\t\t<\/div>\n\t\t\t\t\t<\/div>\n\t\t<\/div>\n\t\t\t\t\t<\/div>\n\t\t<\/section>\n\t\t\t\t<section class=\"elementor-section elementor-top-section elementor-element elementor-element-5871eec elementor-section-boxed elementor-section-height-default elementor-section-height-default\" data-id=\"5871eec\" data-element_type=\"section\">\n\t\t\t\t\t\t<div class=\"elementor-container elementor-column-gap-default\">\n\t\t\t\t\t<div class=\"elementor-column elementor-col-100 elementor-top-column elementor-element elementor-element-3df6931\" data-id=\"3df6931\" data-element_type=\"column\">\n\t\t\t<div class=\"elementor-widget-wrap elementor-element-populated\">\n\t\t\t\t\t\t<div class=\"elementor-element elementor-element-9bb76b5 elementor-widget elementor-widget-text-editor\" data-id=\"9bb76b5\" data-element_type=\"widget\" data-widget_type=\"text-editor.default\">\n\t\t\t\t<div class=\"elementor-widget-container\">\n\t\t\t\t\t\t\t\t\t<p>Nesta quinta-feira (25), a Pol\u00edcia Civil de Santa Catarina, por meio da Delegacia de Pol\u00edcia do Munic\u00edpio de Bombinhas, cumpriu um mandado de busca e apreens\u00e3o em uma casa noturna de Bombinhas. A a\u00e7\u00e3o faz parte de investiga\u00e7\u00e3o que apura os crimes de c\u00e1rcere privado e estupro.<br>No local, a Pol\u00edcia Civil apreendeu telefone celular e imagens do circuito interno das c\u00e2meras de seguran\u00e7a. Foi encontrada tamb\u00e9m uma pequena quantidade de entorpecente. O suspeito foi conduzido para a Delegacia de Pol\u00edcia e autuado por posse de drogas para consumo pessoal e foi liberado em seguida. Participaram da opera\u00e7\u00e3o, policiais civis de Bombinhas, Porto Belo, da Opera\u00e7\u00e3o Esta\u00e7\u00e3o Ver\u00e3o e do N\u00facleo de Opera\u00e7\u00f5es com C\u00e3es (NOC) da DEIC.<br><b>Entenda o caso<\/b><br>Na noite da segunda-feira (22), a Delegacia de Pol\u00edcia de Bombinhas foi acionada pela Pol\u00edcia Militar para atender duas mulheres que estavam na UPA da cidade e haviam denunciado que foram v\u00edtimas dos crimes de c\u00e1rcere privado e estupro. <br>Assim que tomou conhecimento, a Pol\u00edcia Civil prontamente se deslocou ao Hospital e fez o primeiro contato com as v\u00edtimas. Ap\u00f3s a libera\u00e7\u00e3o da UPA, as mulheres foram levadas por um policial civil e uma policial militar at\u00e9 o Instituto M\u00e9dico Legal de Balne\u00e1rio Cambori\u00fa para serem submetidas a exame de corpo de delito.<br>Imediatamente foi instaurado um Inqu\u00e9rito Policial e j\u00e1 na manh\u00e3 da ter\u00e7a- feira(23) as v\u00edtimas foram ouvidas na Delegacia de Bombinhas e demais dilig\u00eancias investigativas foram realizadas.<br><b>Depoimentos<\/b><br>As v\u00edtimas, em depoimento, alegaram que ficaram trabalhando no local por duas semanas, por\u00e9m, de acordo com o Delegado que preside a investiga\u00e7\u00e3o, nada ainda foi comprovado. O suspeito negou todas as acusa\u00e7\u00f5es, disse que nunca manteve as mulheres em c\u00e1rcere privado e que n\u00e3o praticou qualquer tipo de irregularidade no estabelecimento.<br>No momento, n\u00e3o h\u00e1 suspeita de tr\u00e1fico de pessoas e as v\u00edtimas n\u00e3o est\u00e3o em Programa de Prote\u00e7\u00e3o. Uma delas est\u00e1 retornando para a Argentina com apoio da Assist\u00eancia Social do munic\u00edpio de Bombinhas e a outra v\u00edtima vai permanecer no pa\u00eds. <br><b>Pr\u00f3ximas etapas da investiga\u00e7\u00e3o<\/b><br>A investiga\u00e7\u00e3o agora passa para uma nova etapa. Ser\u00e3o analisadas as imagens e o conte\u00fado do telefone celular do suspeito, conforme autorizado pela Justi\u00e7a. Os equipamentos ser\u00e3o enviados para a Pol\u00edcia Cient\u00edfica e depois a equipe de investiga\u00e7\u00e3o elaborar\u00e1 um minucioso relat\u00f3rio sobre o que foi encontrado.<\/p>\t\t\t\t\t\t\t\t<\/div>\n\t\t\t\t<\/div>\n\t\t\t\t\t<\/div>\n\t\t<\/div>\n\t\t\t\t\t<\/div>\n\t\t<\/section>\n\t\t\t\t<section class=\"elementor-section elementor-top-section elementor-element elementor-element-be48517 elementor-section-boxed elementor-section-height-default elementor-section-height-default\" data-id=\"be48517\" data-element_type=\"section\">\n\t\t\t\t\t\t<div class=\"elementor-container elementor-column-gap-default\">\n\t\t\t\t\t<div class=\"elementor-column elementor-col-100 elementor-top-column elementor-element elementor-element-6d01bf3\" data-id=\"6d01bf3\" data-element_type=\"column\">\n\t\t\t<div class=\"elementor-widget-wrap elementor-element-populated\">\n\t\t\t\t\t\t<div class=\"elementor-element elementor-element-e7571e5 elementor-widget elementor-widget-image\" data-id=\"e7571e5\" data-element_type=\"widget\" data-widget_type=\"image.default\">\n\t\t\t\t<div class=\"elementor-widget-container\">\n\t\t\t\t\t\t\t\t\t\t\t\t\t\t\t<img decoding=\"async\" width=\"696\" height=\"652\" src=\"https:\/\/pc.sc.gov.br\/\/wp-content\/uploads\/2024\/01\/WhatsApp-Image-2024-01-25-at-13.40.34.jpeg\" class=\"attachment-large size-large wp-image-16864\" alt=\"\" srcset=\"https:\/\/pc.sc.gov.br\/\/wp-content\/uploads\/2024\/01\/WhatsApp-Image-2024-01-25-at-13.40.34.jpeg 828w, https:\/\/pc.sc.gov.br\/\/wp-content\/uploads\/2024\/01\/WhatsApp-Image-2024-01-25-at-13.40.34-300x281.jpeg 300w, https:\/\/pc.sc.gov.br\/\/wp-content\/uploads\/2024\/01\/WhatsApp-Image-2024-01-25-at-13.40.34-768x720.jpeg 768w\" sizes=\"(max-width: 696px) 100vw, 696px\" \/>\t\t\t\t\t\t\t\t\t\t\t\t\t\t\t<\/div>\n\t\t\t\t<\/div>\n\t\t\t\t\t<\/div>\n\t\t<\/div>\n\t\t\t\t\t<\/div>\n\t\t<\/section>\n\t\t\t\t<\/div>\n\t\t","protected":false},"excerpt":{"rendered":"<p>Pol\u00edcia Civil cumpre mandado de busca e apreens\u00e3o em casa noturna em Bombinhas Nesta quinta-feira (25), a Pol\u00edcia Civil de Santa Catarina, por meio da Delegacia de Pol\u00edcia do Munic\u00edpio de Bombinhas, cumpriu um mandado de busca e apreens\u00e3o em uma casa noturna de Bombinhas. A a\u00e7\u00e3o faz parte de investiga\u00e7\u00e3o que apura os crimes [&hellip;]<\/p>\n","protected":false},"author":5,"featured_media":16863,"comment_status":"closed","ping_status":"open","sticky":false,"template":"","format":"standard","meta":{"_monsterinsights_skip_tracking":false,"_monsterinsights_sitenote_active":false,"_monsterinsights_sitenote_note":"","_monsterinsights_sitenote_category":0,"footnotes":""},"categories":[1],"tags":[],"class_list":["post-16862","post","type-post","status-publish","format-standard","has-post-thumbnail","hentry","category-sem-categoria"],"_links":{"self":[{"href":"https:\/\/pc.sc.gov.br\/index.php?rest_route=\/wp\/v2\/posts\/16862","targetHints":{"allow":["GET"]}}],"collection":[{"href":"https:\/\/pc.sc.gov.br\/index.php?rest_route=\/wp\/v2\/posts"}],"about":[{"href":"https:\/\/pc.sc.gov.br\/index.php?rest_route=\/wp\/v2\/types\/post"}],"author":[{"embeddable":true,"href":"https:\/\/pc.sc.gov.br\/index.php?rest_route=\/wp\/v2\/users\/5"}],"replies":[{"embeddable":true,"href":"https:\/\/pc.sc.gov.br\/index.php?rest_route=%2Fwp%2Fv2%2Fcomments&post=16862"}],"version-history":[{"count":7,"href":"https:\/\/pc.sc.gov.br\/index.php?rest_route=\/wp\/v2\/posts\/16862\/revisions"}],"predecessor-version":[{"id":16872,"href":"https:\/\/pc.sc.gov.br\/index.php?rest_route=\/wp\/v2\/posts\/16862\/revisions\/16872"}],"wp:featuredmedia":[{"embeddable":true,"href":"https:\/\/pc.sc.gov.br\/index.php?rest_route=\/wp\/v2\/media\/16863"}],"wp:attachment":[{"href":"https:\/\/pc.sc.gov.br\/index.php?rest_route=%2Fwp%2Fv2%2Fmedia&parent=16862"}],"wp:term":[{"taxonomy":"category","embeddable":true,"href":"https:\/\/pc.sc.gov.br\/index.php?rest_route=%2Fwp%2Fv2%2Fcategories&post=16862"},{"taxonomy":"post_tag","embeddable":true,"href":"https:\/\/pc.sc.gov.br\/index.php?rest_route=%2Fwp%2Fv2%2Ftags&post=16862"}],"curies":[{"name":"wp","href":"https:\/\/api.w.org\/{rel}","templated":true}]}}