{"id":16878,"date":"2024-01-25T16:13:44","date_gmt":"2024-01-25T19:13:44","guid":{"rendered":"https:\/\/pc.sc.gov.br\/?p=16878"},"modified":"2024-01-25T16:17:38","modified_gmt":"2024-01-25T19:17:38","slug":"em-imbituba-policia-civil-conclui-inquerito-e-indicia-mulher-por-furtos-contra-idosos","status":"publish","type":"post","link":"https:\/\/pc.sc.gov.br\/?p=16878","title":{"rendered":"Em Imbituba, Pol\u00edcia Civil conclui inqu\u00e9rito e indicia mulher por furtos contra idosos"},"content":{"rendered":"\t\t<div data-elementor-type=\"wp-post\" data-elementor-id=\"16878\" class=\"elementor elementor-16878\" data-elementor-post-type=\"post\">\n\t\t\t\t\t\t<section class=\"elementor-section elementor-top-section elementor-element elementor-element-24e8348 elementor-section-boxed elementor-section-height-default elementor-section-height-default\" data-id=\"24e8348\" data-element_type=\"section\">\n\t\t\t\t\t\t<div class=\"elementor-container elementor-column-gap-default\">\n\t\t\t\t\t<div class=\"elementor-column elementor-col-100 elementor-top-column elementor-element elementor-element-a1776cf\" data-id=\"a1776cf\" data-element_type=\"column\">\n\t\t\t<div class=\"elementor-widget-wrap elementor-element-populated\">\n\t\t\t\t\t\t<div class=\"elementor-element elementor-element-730c057 elementor-widget elementor-widget-heading\" data-id=\"730c057\" data-element_type=\"widget\" data-widget_type=\"heading.default\">\n\t\t\t\t<div class=\"elementor-widget-container\">\n\t\t\t\t\t<h2 class=\"elementor-heading-title elementor-size-default\">Em Imbituba, Pol\u00edcia Civil conclui inqu\u00e9rito e indicia mulher por furtos contra idosos<\/h2>\t\t\t\t<\/div>\n\t\t\t\t<\/div>\n\t\t\t\t\t<\/div>\n\t\t<\/div>\n\t\t\t\t\t<\/div>\n\t\t<\/section>\n\t\t\t\t<section class=\"elementor-section elementor-top-section elementor-element elementor-element-59e5ea4 elementor-section-boxed elementor-section-height-default elementor-section-height-default\" data-id=\"59e5ea4\" data-element_type=\"section\">\n\t\t\t\t\t\t<div class=\"elementor-container elementor-column-gap-default\">\n\t\t\t\t\t<div class=\"elementor-column elementor-col-100 elementor-top-column elementor-element elementor-element-4eca803\" data-id=\"4eca803\" data-element_type=\"column\">\n\t\t\t<div class=\"elementor-widget-wrap elementor-element-populated\">\n\t\t\t\t\t\t<div class=\"elementor-element elementor-element-62fa604 elementor-widget elementor-widget-image\" data-id=\"62fa604\" data-element_type=\"widget\" data-widget_type=\"image.default\">\n\t\t\t\t<div class=\"elementor-widget-container\">\n\t\t\t\t\t\t\t\t\t\t\t\t\t\t\t<img fetchpriority=\"high\" decoding=\"async\" width=\"400\" height=\"495\" src=\"https:\/\/pc.sc.gov.br\/\/wp-content\/uploads\/2023\/09\/WhatsApp-Image-2023-09-01-at-12.39.16-1.jpeg\" class=\"attachment-large size-large wp-image-13125\" alt=\"\" srcset=\"https:\/\/pc.sc.gov.br\/\/wp-content\/uploads\/2023\/09\/WhatsApp-Image-2023-09-01-at-12.39.16-1.jpeg 400w, https:\/\/pc.sc.gov.br\/\/wp-content\/uploads\/2023\/09\/WhatsApp-Image-2023-09-01-at-12.39.16-1-242x300.jpeg 242w\" sizes=\"(max-width: 400px) 100vw, 400px\" \/>\t\t\t\t\t\t\t\t\t\t\t\t\t\t\t<\/div>\n\t\t\t\t<\/div>\n\t\t\t\t\t<\/div>\n\t\t<\/div>\n\t\t\t\t\t<\/div>\n\t\t<\/section>\n\t\t\t\t<section class=\"elementor-section elementor-top-section elementor-element elementor-element-fac0506 elementor-section-boxed elementor-section-height-default elementor-section-height-default\" data-id=\"fac0506\" data-element_type=\"section\">\n\t\t\t\t\t\t<div class=\"elementor-container elementor-column-gap-default\">\n\t\t\t\t\t<div class=\"elementor-column elementor-col-100 elementor-top-column elementor-element elementor-element-140f4db\" data-id=\"140f4db\" data-element_type=\"column\">\n\t\t\t<div class=\"elementor-widget-wrap elementor-element-populated\">\n\t\t\t\t\t\t<div class=\"elementor-element elementor-element-05c3c9e elementor-widget elementor-widget-text-editor\" data-id=\"05c3c9e\" data-element_type=\"widget\" data-widget_type=\"text-editor.default\">\n\t\t\t\t<div class=\"elementor-widget-container\">\n\t\t\t\t\t\t\t\t\t<p>A Delegacia de Pol\u00edcia de Imbituba instaurou inqu\u00e9rito policial para apurar uma s\u00e9rie de furtos ocorridos na cidade, entre agosto e outubro de 2023. Conforme investiga\u00e7\u00e3o realizada, uma mulher, aproveitando-se da boa vontade das v\u00edtimas, a maioria idosos, convencia estes a deix\u00e1-la ingressar em suas resid\u00eancias.\u00a0<\/p><p>No decorrer das conversas, a suspeita se passava por pessoa em situa\u00e7\u00e3o de vulnerabilidade, ou apenas pedia um copo de \u00e1gua \u00e0s v\u00edtimas e diante de um pequeno descuido, a investigada\u00a0 subtraia pertences das v\u00edtimas, em especial, aparelhos celulares.\u00a0<\/p><p>Com base nos elementos de informa\u00e7\u00e3o coletados, a Pol\u00edcia Civil representou pela pris\u00e3o preventiva da suspeita, o que foi deferido pelo ju\u00edzo da Vara Criminal de Imbituba, ap\u00f3s manifesta\u00e7\u00e3o favor\u00e1vel do Minist\u00e9rio P\u00fablico local.<\/p><p>No \u00faltimo s\u00e1bado (20), a Pol\u00edcia Militar capturou a suspeita no decorrer de atendimento de ocorr\u00eancia, conduzindo-a ao sistema prisional.\u00a0<\/p><p>No inqu\u00e9rito policial foram identificados nove furtos praticados pela suspeita, que geraram seu indiciamento por oito furtos qualificados e um por furto simples. O inqu\u00e9rito policial ser\u00e1 encaminhado ao Minist\u00e9rio P\u00fablico.<\/p>\t\t\t\t\t\t\t\t<\/div>\n\t\t\t\t<\/div>\n\t\t\t\t\t<\/div>\n\t\t<\/div>\n\t\t\t\t\t<\/div>\n\t\t<\/section>\n\t\t\t\t<\/div>\n\t\t","protected":false},"excerpt":{"rendered":"<p>Em Imbituba, Pol\u00edcia Civil conclui inqu\u00e9rito e indicia mulher por furtos contra idosos A Delegacia de Pol\u00edcia de Imbituba instaurou inqu\u00e9rito policial para apurar uma s\u00e9rie de furtos ocorridos na cidade, entre agosto e outubro de 2023. Conforme investiga\u00e7\u00e3o realizada, uma mulher, aproveitando-se da boa vontade das v\u00edtimas, a maioria idosos, convencia estes a deix\u00e1-la [&hellip;]<\/p>\n","protected":false},"author":5,"featured_media":13055,"comment_status":"closed","ping_status":"open","sticky":false,"template":"","format":"standard","meta":{"_monsterinsights_skip_tracking":false,"_monsterinsights_sitenote_active":false,"_monsterinsights_sitenote_note":"","_monsterinsights_sitenote_category":0,"footnotes":""},"categories":[1],"tags":[],"class_list":["post-16878","post","type-post","status-publish","format-standard","has-post-thumbnail","hentry","category-sem-categoria"],"_links":{"self":[{"href":"https:\/\/pc.sc.gov.br\/index.php?rest_route=\/wp\/v2\/posts\/16878","targetHints":{"allow":["GET"]}}],"collection":[{"href":"https:\/\/pc.sc.gov.br\/index.php?rest_route=\/wp\/v2\/posts"}],"about":[{"href":"https:\/\/pc.sc.gov.br\/index.php?rest_route=\/wp\/v2\/types\/post"}],"author":[{"embeddable":true,"href":"https:\/\/pc.sc.gov.br\/index.php?rest_route=\/wp\/v2\/users\/5"}],"replies":[{"embeddable":true,"href":"https:\/\/pc.sc.gov.br\/index.php?rest_route=%2Fwp%2Fv2%2Fcomments&post=16878"}],"version-history":[{"count":3,"href":"https:\/\/pc.sc.gov.br\/index.php?rest_route=\/wp\/v2\/posts\/16878\/revisions"}],"predecessor-version":[{"id":16881,"href":"https:\/\/pc.sc.gov.br\/index.php?rest_route=\/wp\/v2\/posts\/16878\/revisions\/16881"}],"wp:featuredmedia":[{"embeddable":true,"href":"https:\/\/pc.sc.gov.br\/index.php?rest_route=\/wp\/v2\/media\/13055"}],"wp:attachment":[{"href":"https:\/\/pc.sc.gov.br\/index.php?rest_route=%2Fwp%2Fv2%2Fmedia&parent=16878"}],"wp:term":[{"taxonomy":"category","embeddable":true,"href":"https:\/\/pc.sc.gov.br\/index.php?rest_route=%2Fwp%2Fv2%2Fcategories&post=16878"},{"taxonomy":"post_tag","embeddable":true,"href":"https:\/\/pc.sc.gov.br\/index.php?rest_route=%2Fwp%2Fv2%2Ftags&post=16878"}],"curies":[{"name":"wp","href":"https:\/\/api.w.org\/{rel}","templated":true}]}}