{"id":16908,"date":"2024-01-26T15:43:19","date_gmt":"2024-01-26T18:43:19","guid":{"rendered":"https:\/\/pc.sc.gov.br\/?p=16908"},"modified":"2024-01-26T15:47:14","modified_gmt":"2024-01-26T18:47:14","slug":"dic-de-lages-deflagra-operacao-de-combate-ao-trafico-e-prende-quatro-pessoas-por-associacao-criminosa","status":"publish","type":"post","link":"https:\/\/pc.sc.gov.br\/?p=16908","title":{"rendered":"DIC de Lages deflagra opera\u00e7\u00e3o de combate ao tr\u00e1fico e prende quatro pessoas por associa\u00e7\u00e3o criminosa"},"content":{"rendered":"\t\t<div data-elementor-type=\"wp-post\" data-elementor-id=\"16908\" class=\"elementor elementor-16908\" data-elementor-post-type=\"post\">\n\t\t\t\t\t\t<section class=\"elementor-section elementor-top-section elementor-element elementor-element-260f83f elementor-section-boxed elementor-section-height-default elementor-section-height-default\" data-id=\"260f83f\" data-element_type=\"section\">\n\t\t\t\t\t\t<div class=\"elementor-container elementor-column-gap-default\">\n\t\t\t\t\t<div class=\"elementor-column elementor-col-100 elementor-top-column elementor-element elementor-element-d00770d\" data-id=\"d00770d\" data-element_type=\"column\">\n\t\t\t<div class=\"elementor-widget-wrap elementor-element-populated\">\n\t\t\t\t\t\t<div class=\"elementor-element elementor-element-56dcd58 elementor-widget elementor-widget-heading\" data-id=\"56dcd58\" data-element_type=\"widget\" data-widget_type=\"heading.default\">\n\t\t\t\t<div class=\"elementor-widget-container\">\n\t\t\t\t\t<h2 class=\"elementor-heading-title elementor-size-default\">DIC de Lages deflagra opera\u00e7\u00e3o de combate ao tr\u00e1fico e prende quatro pessoas por associa\u00e7\u00e3o criminosa<\/h2>\t\t\t\t<\/div>\n\t\t\t\t<\/div>\n\t\t\t\t\t<\/div>\n\t\t<\/div>\n\t\t\t\t\t<\/div>\n\t\t<\/section>\n\t\t\t\t<section class=\"elementor-section elementor-top-section elementor-element elementor-element-af7f6c2 elementor-section-boxed elementor-section-height-default elementor-section-height-default\" data-id=\"af7f6c2\" data-element_type=\"section\">\n\t\t\t\t\t\t<div class=\"elementor-container elementor-column-gap-default\">\n\t\t\t\t\t<div class=\"elementor-column elementor-col-100 elementor-top-column elementor-element elementor-element-03caea8\" data-id=\"03caea8\" data-element_type=\"column\">\n\t\t\t<div class=\"elementor-widget-wrap elementor-element-populated\">\n\t\t\t\t\t\t<div class=\"elementor-element elementor-element-bfcc844 elementor-widget elementor-widget-image\" data-id=\"bfcc844\" data-element_type=\"widget\" data-widget_type=\"image.default\">\n\t\t\t\t<div class=\"elementor-widget-container\">\n\t\t\t\t\t\t\t\t\t\t\t\t\t\t\t<img fetchpriority=\"high\" decoding=\"async\" width=\"696\" height=\"501\" src=\"https:\/\/pc.sc.gov.br\/\/wp-content\/uploads\/2024\/01\/DIC-DE-LAGES-CORTA-fotor-202401031851-1.png\" class=\"attachment-large size-large wp-image-16909\" alt=\"\" srcset=\"https:\/\/pc.sc.gov.br\/\/wp-content\/uploads\/2024\/01\/DIC-DE-LAGES-CORTA-fotor-202401031851-1.png 950w, https:\/\/pc.sc.gov.br\/\/wp-content\/uploads\/2024\/01\/DIC-DE-LAGES-CORTA-fotor-202401031851-1-300x216.png 300w, https:\/\/pc.sc.gov.br\/\/wp-content\/uploads\/2024\/01\/DIC-DE-LAGES-CORTA-fotor-202401031851-1-768x553.png 768w\" sizes=\"(max-width: 696px) 100vw, 696px\" \/>\t\t\t\t\t\t\t\t\t\t\t\t\t\t\t<\/div>\n\t\t\t\t<\/div>\n\t\t\t\t\t<\/div>\n\t\t<\/div>\n\t\t\t\t\t<\/div>\n\t\t<\/section>\n\t\t\t\t<section class=\"elementor-section elementor-top-section elementor-element elementor-element-cf44be5 elementor-section-boxed elementor-section-height-default elementor-section-height-default\" data-id=\"cf44be5\" data-element_type=\"section\">\n\t\t\t\t\t\t<div class=\"elementor-container elementor-column-gap-default\">\n\t\t\t\t\t<div class=\"elementor-column elementor-col-100 elementor-top-column elementor-element elementor-element-46d2974\" data-id=\"46d2974\" data-element_type=\"column\">\n\t\t\t<div class=\"elementor-widget-wrap elementor-element-populated\">\n\t\t\t\t\t\t<div class=\"elementor-element elementor-element-20996a6 elementor-widget elementor-widget-text-editor\" data-id=\"20996a6\" data-element_type=\"widget\" data-widget_type=\"text-editor.default\">\n\t\t\t\t<div class=\"elementor-widget-container\">\n\t\t\t\t\t\t\t\t\t<p>A Pol\u00edcia Civil de Santa Catarina, por meio da Divis\u00e3o de Investiga\u00e7\u00e3o Criminal (DIC) de Lages, deflagrou opera\u00e7\u00e3o nesta sexta-feira (26) para desarticular uma associa\u00e7\u00e3o criminosa que atuava na distribui\u00e7\u00e3o de drogas em Lages.<\/p>\n<p>A opera\u00e7\u00e3o contou com o apoio da Delegacia de Prote\u00e7\u00e3o \u00e0 Crian\u00e7a, ao Adolescente, \u00e0 Mulher e ao Idoso (DPCAMI), 1\u00ba e 2\u00ba Delegacias de Pol\u00edcia, Central de Plant\u00e3o Policial (CPP) e Delegacias de Pol\u00edcia das comarcas de Bom Retiro, Otac\u00edlio Costa, Campo Belo, Correia Pinto e Anita Garibaldi.<\/p>\n<p>As investiga\u00e7\u00f5es iniciaram ap\u00f3s a pris\u00e3o de dois indiv\u00edduos por tr\u00e1fico de drogas no bairro Guaruj\u00e1, em Lages. Ap\u00f3s as pris\u00f5es, foram identificados outros indiv\u00edduos envolvidos em uma associa\u00e7\u00e3o para o tr\u00e1fico de drogas, principalmente maconha, coca\u00edna e ecstasy.<\/p>\n<p>Dilig\u00eancias policiais identificaram, ainda, locais onde poderiam ser encontradas drogas nos bairros Guaruj\u00e1, Conta Dinheiro e Centro de Lages e, representada pela expedi\u00e7\u00e3o de mandados de busca e apreens\u00e3o, foram deferidos os pedidos.<\/p>\n<p>A opera\u00e7\u00e3o contou com 30 policiais e resultou na apreens\u00e3o de drogas, apetrechos para consumo de drogas, m\u00e1quinas de cobran\u00e7a e na pris\u00e3o de quatro indiv\u00edduos, sendo dois homens e 2 mulheres. Tamb\u00e9m foi formalizado um termo circunstanciado por uso de drogas contra um dos abordados pelos policiais.<\/p>\n<p>Ap\u00f3s os trabalhos, o material e os presos foram encaminhados para a Divis\u00e3o de Investiga\u00e7\u00e3o Criminal (DIC) onde foram formalizados os procedimentos legais. Em seguida, encaminhados para o Sistema Penitenci\u00e1rio de Lages, onde permanecer\u00e3o \u00e0 disposi\u00e7\u00e3o da Justi\u00e7a.<span style=\"color: var( --e-global-color-text ); font-family: var( --e-global-typography-primary-font-family ), Sans-serif; font-size: var( --e-global-typography-primary-font-size ); font-weight: var( --e-global-typography-primary-font-weight ); letter-spacing: var( --e-global-typography-primary-letter-spacing );\">&nbsp;<\/span><\/p>\t\t\t\t\t\t\t\t<\/div>\n\t\t\t\t<\/div>\n\t\t\t\t\t<\/div>\n\t\t<\/div>\n\t\t\t\t\t<\/div>\n\t\t<\/section>\n\t\t\t\t<\/div>\n\t\t","protected":false},"excerpt":{"rendered":"<p>DIC de Lages deflagra opera\u00e7\u00e3o de combate ao tr\u00e1fico e prende quatro pessoas por associa\u00e7\u00e3o criminosa A Pol\u00edcia Civil de Santa Catarina, por meio da Divis\u00e3o de Investiga\u00e7\u00e3o Criminal (DIC) de Lages, deflagrou opera\u00e7\u00e3o nesta sexta-feira (26) para desarticular uma associa\u00e7\u00e3o criminosa que atuava na distribui\u00e7\u00e3o de drogas em Lages. A opera\u00e7\u00e3o contou com o [&hellip;]<\/p>\n","protected":false},"author":5,"featured_media":16909,"comment_status":"closed","ping_status":"open","sticky":false,"template":"","format":"standard","meta":{"_monsterinsights_skip_tracking":false,"_monsterinsights_sitenote_active":false,"_monsterinsights_sitenote_note":"","_monsterinsights_sitenote_category":0,"footnotes":""},"categories":[1],"tags":[],"class_list":["post-16908","post","type-post","status-publish","format-standard","has-post-thumbnail","hentry","category-sem-categoria"],"_links":{"self":[{"href":"https:\/\/pc.sc.gov.br\/index.php?rest_route=\/wp\/v2\/posts\/16908","targetHints":{"allow":["GET"]}}],"collection":[{"href":"https:\/\/pc.sc.gov.br\/index.php?rest_route=\/wp\/v2\/posts"}],"about":[{"href":"https:\/\/pc.sc.gov.br\/index.php?rest_route=\/wp\/v2\/types\/post"}],"author":[{"embeddable":true,"href":"https:\/\/pc.sc.gov.br\/index.php?rest_route=\/wp\/v2\/users\/5"}],"replies":[{"embeddable":true,"href":"https:\/\/pc.sc.gov.br\/index.php?rest_route=%2Fwp%2Fv2%2Fcomments&post=16908"}],"version-history":[{"count":3,"href":"https:\/\/pc.sc.gov.br\/index.php?rest_route=\/wp\/v2\/posts\/16908\/revisions"}],"predecessor-version":[{"id":16912,"href":"https:\/\/pc.sc.gov.br\/index.php?rest_route=\/wp\/v2\/posts\/16908\/revisions\/16912"}],"wp:featuredmedia":[{"embeddable":true,"href":"https:\/\/pc.sc.gov.br\/index.php?rest_route=\/wp\/v2\/media\/16909"}],"wp:attachment":[{"href":"https:\/\/pc.sc.gov.br\/index.php?rest_route=%2Fwp%2Fv2%2Fmedia&parent=16908"}],"wp:term":[{"taxonomy":"category","embeddable":true,"href":"https:\/\/pc.sc.gov.br\/index.php?rest_route=%2Fwp%2Fv2%2Fcategories&post=16908"},{"taxonomy":"post_tag","embeddable":true,"href":"https:\/\/pc.sc.gov.br\/index.php?rest_route=%2Fwp%2Fv2%2Ftags&post=16908"}],"curies":[{"name":"wp","href":"https:\/\/api.w.org\/{rel}","templated":true}]}}