{"id":16913,"date":"2024-01-26T16:06:22","date_gmt":"2024-01-26T19:06:22","guid":{"rendered":"https:\/\/pc.sc.gov.br\/?p=16913"},"modified":"2024-01-26T16:07:37","modified_gmt":"2024-01-26T19:07:37","slug":"dpmu-de-governador-celso-ramos-cumpre-mandado-de-prisao-por-roubo","status":"publish","type":"post","link":"https:\/\/pc.sc.gov.br\/?p=16913","title":{"rendered":"DPMu de Governador Celso Ramos cumpre mandado de pris\u00e3o por roubo"},"content":{"rendered":"\t\t<div data-elementor-type=\"wp-post\" data-elementor-id=\"16913\" class=\"elementor elementor-16913\" data-elementor-post-type=\"post\">\n\t\t\t\t\t\t<section class=\"elementor-section elementor-top-section elementor-element elementor-element-7d63353 elementor-section-boxed elementor-section-height-default elementor-section-height-default\" data-id=\"7d63353\" data-element_type=\"section\">\n\t\t\t\t\t\t<div class=\"elementor-container elementor-column-gap-default\">\n\t\t\t\t\t<div class=\"elementor-column elementor-col-100 elementor-top-column elementor-element elementor-element-65cac9c\" data-id=\"65cac9c\" data-element_type=\"column\">\n\t\t\t<div class=\"elementor-widget-wrap elementor-element-populated\">\n\t\t\t\t\t\t<div class=\"elementor-element elementor-element-c51a8fb elementor-widget elementor-widget-heading\" data-id=\"c51a8fb\" data-element_type=\"widget\" data-widget_type=\"heading.default\">\n\t\t\t\t<div class=\"elementor-widget-container\">\n\t\t\t\t\t<h2 class=\"elementor-heading-title elementor-size-default\">DPMu de Governador Celso Ramos cumpre mandado de pris\u00e3o por roubo<\/h2>\t\t\t\t<\/div>\n\t\t\t\t<\/div>\n\t\t\t\t\t<\/div>\n\t\t<\/div>\n\t\t\t\t\t<\/div>\n\t\t<\/section>\n\t\t\t\t<section class=\"elementor-section elementor-top-section elementor-element elementor-element-d192804 elementor-section-boxed elementor-section-height-default elementor-section-height-default\" data-id=\"d192804\" data-element_type=\"section\">\n\t\t\t\t\t\t<div class=\"elementor-container elementor-column-gap-default\">\n\t\t\t\t\t<div class=\"elementor-column elementor-col-100 elementor-top-column elementor-element elementor-element-c3ec1a4\" data-id=\"c3ec1a4\" data-element_type=\"column\">\n\t\t\t<div class=\"elementor-widget-wrap elementor-element-populated\">\n\t\t\t\t\t\t<div class=\"elementor-element elementor-element-25bb20b elementor-widget elementor-widget-image\" data-id=\"25bb20b\" data-element_type=\"widget\" data-widget_type=\"image.default\">\n\t\t\t\t<div class=\"elementor-widget-container\">\n\t\t\t\t\t\t\t\t\t\t\t\t\t\t\t<img fetchpriority=\"high\" decoding=\"async\" width=\"696\" height=\"464\" src=\"https:\/\/pc.sc.gov.br\/\/wp-content\/uploads\/2024\/01\/dsc_0720_51468326894_o-1024x683.jpg\" class=\"attachment-large size-large wp-image-16458\" alt=\"\" srcset=\"https:\/\/pc.sc.gov.br\/\/wp-content\/uploads\/2024\/01\/dsc_0720_51468326894_o-1024x683.jpg 1024w, https:\/\/pc.sc.gov.br\/\/wp-content\/uploads\/2024\/01\/dsc_0720_51468326894_o-300x200.jpg 300w, https:\/\/pc.sc.gov.br\/\/wp-content\/uploads\/2024\/01\/dsc_0720_51468326894_o-768x512.jpg 768w, https:\/\/pc.sc.gov.br\/\/wp-content\/uploads\/2024\/01\/dsc_0720_51468326894_o-1536x1024.jpg 1536w, https:\/\/pc.sc.gov.br\/\/wp-content\/uploads\/2024\/01\/dsc_0720_51468326894_o-2048x1365.jpg 2048w\" sizes=\"(max-width: 696px) 100vw, 696px\" \/>\t\t\t\t\t\t\t\t\t\t\t\t\t\t\t<\/div>\n\t\t\t\t<\/div>\n\t\t\t\t\t<\/div>\n\t\t<\/div>\n\t\t\t\t\t<\/div>\n\t\t<\/section>\n\t\t\t\t<section class=\"elementor-section elementor-top-section elementor-element elementor-element-8c4ef7b elementor-section-boxed elementor-section-height-default elementor-section-height-default\" data-id=\"8c4ef7b\" data-element_type=\"section\">\n\t\t\t\t\t\t<div class=\"elementor-container elementor-column-gap-default\">\n\t\t\t\t\t<div class=\"elementor-column elementor-col-100 elementor-top-column elementor-element elementor-element-ea8d1d7\" data-id=\"ea8d1d7\" data-element_type=\"column\">\n\t\t\t<div class=\"elementor-widget-wrap elementor-element-populated\">\n\t\t\t\t\t\t<div class=\"elementor-element elementor-element-69c5668 elementor-widget elementor-widget-text-editor\" data-id=\"69c5668\" data-element_type=\"widget\" data-widget_type=\"text-editor.default\">\n\t\t\t\t<div class=\"elementor-widget-container\">\n\t\t\t\t\t\t\t\t\t<p>A Pol\u00edcia Civil do Estado de Santa Catarina, por meio da Delegacia do Munic\u00edpio de Governador Celso Ramos, cumpriu nesta sexta-feira (26) mandado de pris\u00e3o contra um homem, por crime de roubo, expedido pela Vara de Execu\u00e7\u00e3o Penal da Regi\u00e3o Metropolitana de Bel\u00e9m (PA).<\/p><p>A equipe de investiga\u00e7\u00e3o, juntamente com os policiais da opera\u00e7\u00e3o Esta\u00e7\u00e3o Ver\u00e3o, receberam informa\u00e7\u00f5es\u00a0 de que um indiv\u00edduo estaria com mandado de pris\u00e3o na regi\u00e3o de Governador Celso Ramos e, na\u00a0 sequ\u00eancia, iniciaram trabalho investigativo no intuito de identificar e paradeiro do indiv\u00edduo.\u00a0<\/p><p>O homem foi localizado no bairro Calheiros e encaminhado para a Central de Plant\u00e3o Policial para as provid\u00eancias cab\u00edveis.<\/p>\t\t\t\t\t\t\t\t<\/div>\n\t\t\t\t<\/div>\n\t\t\t\t\t<\/div>\n\t\t<\/div>\n\t\t\t\t\t<\/div>\n\t\t<\/section>\n\t\t\t\t<\/div>\n\t\t","protected":false},"excerpt":{"rendered":"<p>DPMu de Governador Celso Ramos cumpre mandado de pris\u00e3o por roubo A Pol\u00edcia Civil do Estado de Santa Catarina, por meio da Delegacia do Munic\u00edpio de Governador Celso Ramos, cumpriu nesta sexta-feira (26) mandado de pris\u00e3o contra um homem, por crime de roubo, expedido pela Vara de Execu\u00e7\u00e3o Penal da Regi\u00e3o Metropolitana de Bel\u00e9m (PA). [&hellip;]<\/p>\n","protected":false},"author":5,"featured_media":16381,"comment_status":"closed","ping_status":"open","sticky":false,"template":"","format":"standard","meta":{"_monsterinsights_skip_tracking":false,"_monsterinsights_sitenote_active":false,"_monsterinsights_sitenote_note":"","_monsterinsights_sitenote_category":0,"footnotes":""},"categories":[1],"tags":[],"class_list":["post-16913","post","type-post","status-publish","format-standard","has-post-thumbnail","hentry","category-sem-categoria"],"_links":{"self":[{"href":"https:\/\/pc.sc.gov.br\/index.php?rest_route=\/wp\/v2\/posts\/16913","targetHints":{"allow":["GET"]}}],"collection":[{"href":"https:\/\/pc.sc.gov.br\/index.php?rest_route=\/wp\/v2\/posts"}],"about":[{"href":"https:\/\/pc.sc.gov.br\/index.php?rest_route=\/wp\/v2\/types\/post"}],"author":[{"embeddable":true,"href":"https:\/\/pc.sc.gov.br\/index.php?rest_route=\/wp\/v2\/users\/5"}],"replies":[{"embeddable":true,"href":"https:\/\/pc.sc.gov.br\/index.php?rest_route=%2Fwp%2Fv2%2Fcomments&post=16913"}],"version-history":[{"count":4,"href":"https:\/\/pc.sc.gov.br\/index.php?rest_route=\/wp\/v2\/posts\/16913\/revisions"}],"predecessor-version":[{"id":16917,"href":"https:\/\/pc.sc.gov.br\/index.php?rest_route=\/wp\/v2\/posts\/16913\/revisions\/16917"}],"wp:featuredmedia":[{"embeddable":true,"href":"https:\/\/pc.sc.gov.br\/index.php?rest_route=\/wp\/v2\/media\/16381"}],"wp:attachment":[{"href":"https:\/\/pc.sc.gov.br\/index.php?rest_route=%2Fwp%2Fv2%2Fmedia&parent=16913"}],"wp:term":[{"taxonomy":"category","embeddable":true,"href":"https:\/\/pc.sc.gov.br\/index.php?rest_route=%2Fwp%2Fv2%2Fcategories&post=16913"},{"taxonomy":"post_tag","embeddable":true,"href":"https:\/\/pc.sc.gov.br\/index.php?rest_route=%2Fwp%2Fv2%2Ftags&post=16913"}],"curies":[{"name":"wp","href":"https:\/\/api.w.org\/{rel}","templated":true}]}}