{"id":16918,"date":"2024-01-26T16:25:58","date_gmt":"2024-01-26T19:25:58","guid":{"rendered":"https:\/\/pc.sc.gov.br\/?p=16918"},"modified":"2024-01-26T16:30:39","modified_gmt":"2024-01-26T19:30:39","slug":"policia-civil-prende-duas-pessoas-por-sequencia-de-crimes-envolvendo-furto-de-veiculos-e-a-residencia-na-regiao-oeste-do-estado","status":"publish","type":"post","link":"https:\/\/pc.sc.gov.br\/?p=16918","title":{"rendered":"Pol\u00edcia Civil prende duas pessoas por sequ\u00eancia de crimes envolvendo furto de ve\u00edculos e \u00e0 resid\u00eancia na regi\u00e3o oeste do estado"},"content":{"rendered":"\t\t<div data-elementor-type=\"wp-post\" data-elementor-id=\"16918\" class=\"elementor elementor-16918\" data-elementor-post-type=\"post\">\n\t\t\t\t\t\t<section class=\"elementor-section elementor-top-section elementor-element elementor-element-92114fe elementor-section-boxed elementor-section-height-default elementor-section-height-default\" data-id=\"92114fe\" data-element_type=\"section\">\n\t\t\t\t\t\t<div class=\"elementor-container elementor-column-gap-default\">\n\t\t\t\t\t<div class=\"elementor-column elementor-col-100 elementor-top-column elementor-element elementor-element-fa8ba6e\" data-id=\"fa8ba6e\" data-element_type=\"column\">\n\t\t\t<div class=\"elementor-widget-wrap elementor-element-populated\">\n\t\t\t\t\t\t<div class=\"elementor-element elementor-element-5b6ffe1 elementor-widget elementor-widget-heading\" data-id=\"5b6ffe1\" data-element_type=\"widget\" data-widget_type=\"heading.default\">\n\t\t\t\t<div class=\"elementor-widget-container\">\n\t\t\t\t\t<h2 class=\"elementor-heading-title elementor-size-default\">Pol\u00edcia Civil prende duas pessoas por sequ\u00eancia de crimes envolvendo furto de ve\u00edculos e \u00e0 resid\u00eancia na regi\u00e3o oeste do estado<\/h2>\t\t\t\t<\/div>\n\t\t\t\t<\/div>\n\t\t\t\t\t<\/div>\n\t\t<\/div>\n\t\t\t\t\t<\/div>\n\t\t<\/section>\n\t\t\t\t<section class=\"elementor-section elementor-top-section elementor-element elementor-element-fa94974 elementor-section-boxed elementor-section-height-default elementor-section-height-default\" data-id=\"fa94974\" data-element_type=\"section\">\n\t\t\t\t\t\t<div class=\"elementor-container elementor-column-gap-default\">\n\t\t\t\t\t<div class=\"elementor-column elementor-col-100 elementor-top-column elementor-element elementor-element-0474bbf\" data-id=\"0474bbf\" data-element_type=\"column\">\n\t\t\t<div class=\"elementor-widget-wrap elementor-element-populated\">\n\t\t\t\t\t\t<div class=\"elementor-element elementor-element-a42eb4e elementor-widget elementor-widget-image\" data-id=\"a42eb4e\" data-element_type=\"widget\" data-widget_type=\"image.default\">\n\t\t\t\t<div class=\"elementor-widget-container\">\n\t\t\t\t\t\t\t\t\t\t\t\t\t\t\t<img fetchpriority=\"high\" decoding=\"async\" width=\"696\" height=\"476\" src=\"https:\/\/pc.sc.gov.br\/\/wp-content\/uploads\/2024\/01\/WhatsApp-Image-2024-01-26-at-16.13.02.jpeg\" class=\"attachment-large size-large wp-image-16924\" alt=\"\" srcset=\"https:\/\/pc.sc.gov.br\/\/wp-content\/uploads\/2024\/01\/WhatsApp-Image-2024-01-26-at-16.13.02.jpeg 735w, https:\/\/pc.sc.gov.br\/\/wp-content\/uploads\/2024\/01\/WhatsApp-Image-2024-01-26-at-16.13.02-300x205.jpeg 300w\" sizes=\"(max-width: 696px) 100vw, 696px\" \/>\t\t\t\t\t\t\t\t\t\t\t\t\t\t\t<\/div>\n\t\t\t\t<\/div>\n\t\t\t\t\t<\/div>\n\t\t<\/div>\n\t\t\t\t\t<\/div>\n\t\t<\/section>\n\t\t\t\t<section class=\"elementor-section elementor-top-section elementor-element elementor-element-3ab4045 elementor-section-boxed elementor-section-height-default elementor-section-height-default\" data-id=\"3ab4045\" data-element_type=\"section\">\n\t\t\t\t\t\t<div class=\"elementor-container elementor-column-gap-default\">\n\t\t\t\t\t<div class=\"elementor-column elementor-col-100 elementor-top-column elementor-element elementor-element-4e66f37\" data-id=\"4e66f37\" data-element_type=\"column\">\n\t\t\t<div class=\"elementor-widget-wrap elementor-element-populated\">\n\t\t\t\t\t\t<div class=\"elementor-element elementor-element-d98cc75 elementor-widget elementor-widget-text-editor\" data-id=\"d98cc75\" data-element_type=\"widget\" data-widget_type=\"text-editor.default\">\n\t\t\t\t<div class=\"elementor-widget-container\">\n\t\t\t\t\t\t\t\t\t<p>Nesta sexta-feira (26), a Pol\u00edcia Civil de Santa Catarina, deu cumprimento a mandados de pris\u00e3o preventiva contra dois homens investigados pela pr\u00e1tica de v\u00e1rios crimes patrimoniais. As ordens judiciais s\u00e3o decorrentes de diversas investiga\u00e7\u00f5es relacionadas \u00e0 pr\u00e1tica de furtos de autom\u00f3veis na regi\u00e3o de Caibi, bem como de uma investiga\u00e7\u00e3o referente a furto \u00e0 resid\u00eancia no mesmo local.<\/p>\n<p>O trabalho policial conseguiu demonstrar que os autores estavam mancomunados para a pr\u00e1tica de crimes patrimoniais, principalmente a subtra\u00e7\u00e3o de autom\u00f3veis pertencentes \u00e0 Prefeitura Municipal de Caibi. Cinco dos sete carros efetivamente furtados pelos investigados pertenciam ao ente p\u00fablico municipal e apenas um deles retornou intacto.<\/p>\n<p>Conforme apurado, na noite de 16 de agosto de 2023 os investigados subtra\u00edram um ve\u00edculo GM Spin, utilizado pela secretaria de Sa\u00fade do Munic\u00edpio de Caibi. Entretanto, horas ap\u00f3s, ainda durante a madrugada, abandonaram o ve\u00edculo no p\u00e1tio da mesma reparti\u00e7\u00e3o p\u00fablica.&nbsp;<\/p>\n<p>Posteriormente, na madrugada de 23 de agosto de 2023, os mesmos autores novamente invadiram o p\u00e1tio da secretaria de Sa\u00fade e tentaram subtrair, sem \u00eaxito, um FIAT\/Palio. Na sequ\u00eancia, conseguiram furtar um Ford Ka Sedan e fugir na dire\u00e7\u00e3o de Palmitos, momento em que capotaram o carro causando sua quase completa destrui\u00e7\u00e3o.<\/p>\n<p>Na noite de 30 de outubro de 2023, um dos autores ainda subtraiu um Hyundai HB20 particular tamb\u00e9m em Caibi, se deslocou at\u00e9 Palmitos, abandonou o carro por falta de combust\u00edvel e furtou outro ve\u00edculo, um FIAT Strada pertencente \u00e0 cooperativa Cooper A1, com o qual fugiu na dire\u00e7\u00e3o de Chapec\u00f3, onde novamente bateu o carro, colidindo em outro ve\u00edculo, ocasi\u00e3o na qual foi flagrado pela pol\u00edcia por ter ficado preso no autom\u00f3vel capotado.<\/p>\n<p>Na virada do ano, os autores voltaram a furtar ve\u00edculos da prefeitura Municipal de Caibi na recente virada do ano. Na noite de 31 de dezembro de 2023, tentaram arrombar um Fiat Dobl\u00f4 sem sucesso e, ap\u00f3s, subtra\u00edram do p\u00e1tio do Departamento de Estradas e Rodagens local um Ford Fiesta, ve\u00edculo que foi levado para a regi\u00e3o de Ira\u00ed, no Rio Grande do Sul e, at\u00e9 o momento, n\u00e3o foi recuperado.<\/p>\n<p>J\u00e1 na tarde de 1\u00ba de janeiro de 2024, os autores furtaram um Fiat Uno da prefeitura Municipal de Caibi, removeram seus adesivos de identifica\u00e7\u00e3o de ve\u00edculo funcional e levaram o carro at\u00e9 o litoral catarinense onde, j\u00e1 em Bigua\u00e7u, fugiram de um posto de combust\u00edveis sem pagar pelo abastecimento e acabaram presos em flagrante na rodovia momentos ap\u00f3s com o ve\u00edculo furtado.<\/p>\n<p>Paralelamente a todos esses crimes, um dos homens ainda invadiu uma resid\u00eancia em Caibi em 9 de outubro de 2023, subtraiu dinheiro e v\u00e1rios objetos do local e permaneceu habitando clandestinamente o im\u00f3vel por quase 20 dias, quando sua presen\u00e7a foi percebida por vizinhos e flagrada pelo filho da moradora, uma senhora idosa que estava viajando para visitar familiares. Na ocasi\u00e3o, o autor conseguiu fugir antes do acionamento da pol\u00edcia.<\/p>\n<p>A Pol\u00edcia Civil ainda confirmou por meio do depoimento de um dos investigados a hip\u00f3tese de um novo furto (o d\u00e9cimo crime) de outro ve\u00edculo da Prefeitura no dia 17 de janeiro de 2024.&nbsp;<span style=\"font-family: var( --e-global-typography-text-font-family ), Sans-serif; font-size: var( --e-global-typography-text-font-size );\">Ambos os investigados presos responder\u00e3o pela pr\u00e1tica de 10 crimes de furto qualificado, sendo 8 consumados e 2 tentados.&nbsp;<\/span><\/p>\n<p>Por fim, a Pol\u00edcia Civil solicita aux\u00edlio da popula\u00e7\u00e3o para encontrar e recuperar o Ford Fiesta Sedan, placa ANH-8417, autom\u00f3vel que \u00e9 usado em prol da popula\u00e7\u00e3o do Munic\u00edpio de Caibi.&nbsp;<span style=\"font-family: var( --e-global-typography-text-font-family ), Sans-serif; font-size: var( --e-global-typography-text-font-size );\">O trabalho foi realizado pela Delegacia de Pol\u00edcia do Munic\u00edpio de Caibi com o apoio da Delegacia de Pol\u00edcia da Comarca de Palmitos.<\/span><\/p>\n<div>&nbsp;<\/div>\t\t\t\t\t\t\t\t<\/div>\n\t\t\t\t<\/div>\n\t\t\t\t\t<\/div>\n\t\t<\/div>\n\t\t\t\t\t<\/div>\n\t\t<\/section>\n\t\t\t\t<\/div>\n\t\t","protected":false},"excerpt":{"rendered":"<p>Pol\u00edcia Civil prende duas pessoas por sequ\u00eancia de crimes envolvendo furto de ve\u00edculos e \u00e0 resid\u00eancia na regi\u00e3o oeste do estado Nesta sexta-feira (26), a Pol\u00edcia Civil de Santa Catarina, deu cumprimento a mandados de pris\u00e3o preventiva contra dois homens investigados pela pr\u00e1tica de v\u00e1rios crimes patrimoniais. As ordens judiciais s\u00e3o decorrentes de diversas investiga\u00e7\u00f5es [&hellip;]<\/p>\n","protected":false},"author":5,"featured_media":16920,"comment_status":"closed","ping_status":"open","sticky":false,"template":"","format":"standard","meta":{"_monsterinsights_skip_tracking":false,"_monsterinsights_sitenote_active":false,"_monsterinsights_sitenote_note":"","_monsterinsights_sitenote_category":0,"footnotes":""},"categories":[1],"tags":[],"class_list":["post-16918","post","type-post","status-publish","format-standard","has-post-thumbnail","hentry","category-sem-categoria"],"_links":{"self":[{"href":"https:\/\/pc.sc.gov.br\/index.php?rest_route=\/wp\/v2\/posts\/16918","targetHints":{"allow":["GET"]}}],"collection":[{"href":"https:\/\/pc.sc.gov.br\/index.php?rest_route=\/wp\/v2\/posts"}],"about":[{"href":"https:\/\/pc.sc.gov.br\/index.php?rest_route=\/wp\/v2\/types\/post"}],"author":[{"embeddable":true,"href":"https:\/\/pc.sc.gov.br\/index.php?rest_route=\/wp\/v2\/users\/5"}],"replies":[{"embeddable":true,"href":"https:\/\/pc.sc.gov.br\/index.php?rest_route=%2Fwp%2Fv2%2Fcomments&post=16918"}],"version-history":[{"count":3,"href":"https:\/\/pc.sc.gov.br\/index.php?rest_route=\/wp\/v2\/posts\/16918\/revisions"}],"predecessor-version":[{"id":16927,"href":"https:\/\/pc.sc.gov.br\/index.php?rest_route=\/wp\/v2\/posts\/16918\/revisions\/16927"}],"wp:featuredmedia":[{"embeddable":true,"href":"https:\/\/pc.sc.gov.br\/index.php?rest_route=\/wp\/v2\/media\/16920"}],"wp:attachment":[{"href":"https:\/\/pc.sc.gov.br\/index.php?rest_route=%2Fwp%2Fv2%2Fmedia&parent=16918"}],"wp:term":[{"taxonomy":"category","embeddable":true,"href":"https:\/\/pc.sc.gov.br\/index.php?rest_route=%2Fwp%2Fv2%2Fcategories&post=16918"},{"taxonomy":"post_tag","embeddable":true,"href":"https:\/\/pc.sc.gov.br\/index.php?rest_route=%2Fwp%2Fv2%2Ftags&post=16918"}],"curies":[{"name":"wp","href":"https:\/\/api.w.org\/{rel}","templated":true}]}}