{"id":16938,"date":"2024-01-29T16:41:22","date_gmt":"2024-01-29T19:41:22","guid":{"rendered":"https:\/\/pc.sc.gov.br\/?p=16938"},"modified":"2024-01-29T16:43:44","modified_gmt":"2024-01-29T19:43:44","slug":"policia-civil-conclui-investigacao-de-latrocinio-contra-taxista-em-bom-retiro-e-prende-autor-do-crime","status":"publish","type":"post","link":"https:\/\/pc.sc.gov.br\/?p=16938","title":{"rendered":"Pol\u00edcia Civil conclui investiga\u00e7\u00e3o de latroc\u00ednio contra taxista em Bom Retiro e apreende autor"},"content":{"rendered":"\t\t<div data-elementor-type=\"wp-post\" data-elementor-id=\"16938\" class=\"elementor elementor-16938\" data-elementor-post-type=\"post\">\n\t\t\t\t\t\t<section class=\"elementor-section elementor-top-section elementor-element elementor-element-b53b3e0 elementor-section-boxed elementor-section-height-default elementor-section-height-default\" data-id=\"b53b3e0\" data-element_type=\"section\">\n\t\t\t\t\t\t<div class=\"elementor-container elementor-column-gap-default\">\n\t\t\t\t\t<div class=\"elementor-column elementor-col-100 elementor-top-column elementor-element elementor-element-3a5bb92\" data-id=\"3a5bb92\" data-element_type=\"column\">\n\t\t\t<div class=\"elementor-widget-wrap elementor-element-populated\">\n\t\t\t\t\t\t<div class=\"elementor-element elementor-element-4eef4db elementor-widget elementor-widget-heading\" data-id=\"4eef4db\" data-element_type=\"widget\" data-widget_type=\"heading.default\">\n\t\t\t\t<div class=\"elementor-widget-container\">\n\t\t\t\t\t<h2 class=\"elementor-heading-title elementor-size-default\">Pol\u00edcia Civil conclui investiga\u00e7\u00e3o de latroc\u00ednio contra taxista em Bom Retiro e apreende autor <\/h2>\t\t\t\t<\/div>\n\t\t\t\t<\/div>\n\t\t\t\t\t<\/div>\n\t\t<\/div>\n\t\t\t\t\t<\/div>\n\t\t<\/section>\n\t\t\t\t<section class=\"elementor-section elementor-top-section elementor-element elementor-element-0fbf78e elementor-section-boxed elementor-section-height-default elementor-section-height-default\" data-id=\"0fbf78e\" data-element_type=\"section\">\n\t\t\t\t\t\t<div class=\"elementor-container elementor-column-gap-default\">\n\t\t\t\t\t<div class=\"elementor-column elementor-col-100 elementor-top-column elementor-element elementor-element-89a7dd6\" data-id=\"89a7dd6\" data-element_type=\"column\">\n\t\t\t<div class=\"elementor-widget-wrap elementor-element-populated\">\n\t\t\t\t\t\t<div class=\"elementor-element elementor-element-f22d84a elementor-widget elementor-widget-image\" data-id=\"f22d84a\" data-element_type=\"widget\" data-widget_type=\"image.default\">\n\t\t\t\t<div class=\"elementor-widget-container\">\n\t\t\t\t\t\t\t\t\t\t\t\t\t\t\t<img fetchpriority=\"high\" decoding=\"async\" width=\"696\" height=\"829\" src=\"https:\/\/pc.sc.gov.br\/\/wp-content\/uploads\/2023\/05\/VIATURA_000000000009-1290x1536-1-860x1024.jpg\" class=\"attachment-large size-large wp-image-9318\" alt=\"\" srcset=\"https:\/\/pc.sc.gov.br\/\/wp-content\/uploads\/2023\/05\/VIATURA_000000000009-1290x1536-1-860x1024.jpg 860w, https:\/\/pc.sc.gov.br\/\/wp-content\/uploads\/2023\/05\/VIATURA_000000000009-1290x1536-1-252x300.jpg 252w, https:\/\/pc.sc.gov.br\/\/wp-content\/uploads\/2023\/05\/VIATURA_000000000009-1290x1536-1-768x914.jpg 768w, https:\/\/pc.sc.gov.br\/\/wp-content\/uploads\/2023\/05\/VIATURA_000000000009-1290x1536-1.jpg 1290w\" sizes=\"(max-width: 696px) 100vw, 696px\" \/>\t\t\t\t\t\t\t\t\t\t\t\t\t\t\t<\/div>\n\t\t\t\t<\/div>\n\t\t\t\t\t<\/div>\n\t\t<\/div>\n\t\t\t\t\t<\/div>\n\t\t<\/section>\n\t\t\t\t<section class=\"elementor-section elementor-top-section elementor-element elementor-element-6c4ebaa elementor-section-boxed elementor-section-height-default elementor-section-height-default\" data-id=\"6c4ebaa\" data-element_type=\"section\">\n\t\t\t\t\t\t<div class=\"elementor-container elementor-column-gap-default\">\n\t\t\t\t\t<div class=\"elementor-column elementor-col-100 elementor-top-column elementor-element elementor-element-217a8f4\" data-id=\"217a8f4\" data-element_type=\"column\">\n\t\t\t<div class=\"elementor-widget-wrap elementor-element-populated\">\n\t\t\t\t\t\t<div class=\"elementor-element elementor-element-8adad0a elementor-widget elementor-widget-text-editor\" data-id=\"8adad0a\" data-element_type=\"widget\" data-widget_type=\"text-editor.default\">\n\t\t\t\t<div class=\"elementor-widget-container\">\n\t\t\t\t\t\t\t\t\t<p>A Pol\u00edcia Civil de Santa Catarina, por meio da Delegacia de Pol\u00edcia da Comarca de Bom Retiro, concluiu as investiga\u00e7\u00f5es sobre o latroc\u00ednio ocorrido em setembro de 2023 contra um conhecido taxista na cidade de Bom Retiro. O crime teria ocorrido na noite de uma ter\u00e7a-feira e, assim que encontrado o ve\u00edculo da v\u00edtima, os policiais iniciaram as dilig\u00eancias para identificar o autor do crime.<\/p><p>Os policiais realizaram a an\u00e1lise de mais de 50 horas de imagens de videomonitoramento, a inquiri\u00e7\u00e3o de diversas testemunhas\u00a0 e procederam aos exames periciais no intuito de elucidar o caso. Aproximadamente duas semanas de investiga\u00e7\u00e3o ap\u00f3s o crime, a Pol\u00edcia Civil conseguiu identificar o autor, o qual era, ao tempo do fato, menor de idade.<\/p><p>Representou-se por sua interna\u00e7\u00e3o provis\u00f3ria, a qual foi deferida pelo Poder Judici\u00e1rio. Foram realizadas diversas tentativas de captura do suspeito, al\u00e9m do compartilhamento de informa\u00e7\u00f5es com outras for\u00e7as policiais. Na sexta-feira (26), o autor foi apreendido por policiais do 24\u00ba BPM na cidade de Florian\u00f3polis.<\/p>\t\t\t\t\t\t\t\t<\/div>\n\t\t\t\t<\/div>\n\t\t\t\t\t<\/div>\n\t\t<\/div>\n\t\t\t\t\t<\/div>\n\t\t<\/section>\n\t\t\t\t<\/div>\n\t\t","protected":false},"excerpt":{"rendered":"<p>Pol\u00edcia Civil conclui investiga\u00e7\u00e3o de latroc\u00ednio contra taxista em Bom Retiro e apreende autor A Pol\u00edcia Civil de Santa Catarina, por meio da Delegacia de Pol\u00edcia da Comarca de Bom Retiro, concluiu as investiga\u00e7\u00f5es sobre o latroc\u00ednio ocorrido em setembro de 2023 contra um conhecido taxista na cidade de Bom Retiro. O crime teria ocorrido [&hellip;]<\/p>\n","protected":false},"author":5,"featured_media":9318,"comment_status":"closed","ping_status":"open","sticky":false,"template":"","format":"standard","meta":{"_monsterinsights_skip_tracking":false,"_monsterinsights_sitenote_active":false,"_monsterinsights_sitenote_note":"","_monsterinsights_sitenote_category":0,"footnotes":""},"categories":[1],"tags":[],"class_list":["post-16938","post","type-post","status-publish","format-standard","has-post-thumbnail","hentry","category-sem-categoria"],"_links":{"self":[{"href":"https:\/\/pc.sc.gov.br\/index.php?rest_route=\/wp\/v2\/posts\/16938","targetHints":{"allow":["GET"]}}],"collection":[{"href":"https:\/\/pc.sc.gov.br\/index.php?rest_route=\/wp\/v2\/posts"}],"about":[{"href":"https:\/\/pc.sc.gov.br\/index.php?rest_route=\/wp\/v2\/types\/post"}],"author":[{"embeddable":true,"href":"https:\/\/pc.sc.gov.br\/index.php?rest_route=\/wp\/v2\/users\/5"}],"replies":[{"embeddable":true,"href":"https:\/\/pc.sc.gov.br\/index.php?rest_route=%2Fwp%2Fv2%2Fcomments&post=16938"}],"version-history":[{"count":5,"href":"https:\/\/pc.sc.gov.br\/index.php?rest_route=\/wp\/v2\/posts\/16938\/revisions"}],"predecessor-version":[{"id":16943,"href":"https:\/\/pc.sc.gov.br\/index.php?rest_route=\/wp\/v2\/posts\/16938\/revisions\/16943"}],"wp:featuredmedia":[{"embeddable":true,"href":"https:\/\/pc.sc.gov.br\/index.php?rest_route=\/wp\/v2\/media\/9318"}],"wp:attachment":[{"href":"https:\/\/pc.sc.gov.br\/index.php?rest_route=%2Fwp%2Fv2%2Fmedia&parent=16938"}],"wp:term":[{"taxonomy":"category","embeddable":true,"href":"https:\/\/pc.sc.gov.br\/index.php?rest_route=%2Fwp%2Fv2%2Fcategories&post=16938"},{"taxonomy":"post_tag","embeddable":true,"href":"https:\/\/pc.sc.gov.br\/index.php?rest_route=%2Fwp%2Fv2%2Ftags&post=16938"}],"curies":[{"name":"wp","href":"https:\/\/api.w.org\/{rel}","templated":true}]}}