{"id":16944,"date":"2024-01-29T16:50:15","date_gmt":"2024-01-29T19:50:15","guid":{"rendered":"https:\/\/pc.sc.gov.br\/?p=16944"},"modified":"2024-01-29T16:58:25","modified_gmt":"2024-01-29T19:58:25","slug":"policia-civil-prende-homem-apontado-como-autor-do-crime-de-pedofilia-em-gaspar","status":"publish","type":"post","link":"https:\/\/pc.sc.gov.br\/?p=16944","title":{"rendered":"Pol\u00edcia Civil prende homem apontado como autor do crime de pedofilia em Gaspar"},"content":{"rendered":"\t\t<div data-elementor-type=\"wp-post\" data-elementor-id=\"16944\" class=\"elementor elementor-16944\" data-elementor-post-type=\"post\">\n\t\t\t\t\t\t<section class=\"elementor-section elementor-top-section elementor-element elementor-element-6573827 elementor-section-boxed elementor-section-height-default elementor-section-height-default\" data-id=\"6573827\" data-element_type=\"section\">\n\t\t\t\t\t\t<div class=\"elementor-container elementor-column-gap-default\">\n\t\t\t\t\t<div class=\"elementor-column elementor-col-100 elementor-top-column elementor-element elementor-element-b97f78a\" data-id=\"b97f78a\" data-element_type=\"column\">\n\t\t\t<div class=\"elementor-widget-wrap elementor-element-populated\">\n\t\t\t\t\t\t<div class=\"elementor-element elementor-element-cf10d51 elementor-widget elementor-widget-heading\" data-id=\"cf10d51\" data-element_type=\"widget\" data-widget_type=\"heading.default\">\n\t\t\t\t<div class=\"elementor-widget-container\">\n\t\t\t\t\t<h2 class=\"elementor-heading-title elementor-size-default\">Pol\u00edcia Civil prende homem apontado como autor do crime de pedofilia em Gaspar<\/h2>\t\t\t\t<\/div>\n\t\t\t\t<\/div>\n\t\t\t\t\t<\/div>\n\t\t<\/div>\n\t\t\t\t\t<\/div>\n\t\t<\/section>\n\t\t\t\t<section class=\"elementor-section elementor-top-section elementor-element elementor-element-15e48f4 elementor-section-boxed elementor-section-height-default elementor-section-height-default\" data-id=\"15e48f4\" data-element_type=\"section\">\n\t\t\t\t\t\t<div class=\"elementor-container elementor-column-gap-default\">\n\t\t\t\t\t<div class=\"elementor-column elementor-col-100 elementor-top-column elementor-element elementor-element-00f3acd\" data-id=\"00f3acd\" data-element_type=\"column\">\n\t\t\t<div class=\"elementor-widget-wrap elementor-element-populated\">\n\t\t\t\t\t\t<div class=\"elementor-element elementor-element-4f973f8 elementor-widget elementor-widget-image\" data-id=\"4f973f8\" data-element_type=\"widget\" data-widget_type=\"image.default\">\n\t\t\t\t<div class=\"elementor-widget-container\">\n\t\t\t\t\t\t\t\t\t\t\t\t\t\t\t<img fetchpriority=\"high\" decoding=\"async\" width=\"696\" height=\"522\" src=\"https:\/\/pc.sc.gov.br\/\/wp-content\/uploads\/2024\/01\/CARRO-VIATUIRA-SIRENE-NOITE-POLICIA-CIVIL-PCSC-1024x768.jpg\" class=\"attachment-large size-large wp-image-16597\" alt=\"\" srcset=\"https:\/\/pc.sc.gov.br\/\/wp-content\/uploads\/2024\/01\/CARRO-VIATUIRA-SIRENE-NOITE-POLICIA-CIVIL-PCSC-1024x768.jpg 1024w, https:\/\/pc.sc.gov.br\/\/wp-content\/uploads\/2024\/01\/CARRO-VIATUIRA-SIRENE-NOITE-POLICIA-CIVIL-PCSC-300x225.jpg 300w, https:\/\/pc.sc.gov.br\/\/wp-content\/uploads\/2024\/01\/CARRO-VIATUIRA-SIRENE-NOITE-POLICIA-CIVIL-PCSC-768x576.jpg 768w, https:\/\/pc.sc.gov.br\/\/wp-content\/uploads\/2024\/01\/CARRO-VIATUIRA-SIRENE-NOITE-POLICIA-CIVIL-PCSC.jpg 1280w\" sizes=\"(max-width: 696px) 100vw, 696px\" \/>\t\t\t\t\t\t\t\t\t\t\t\t\t\t\t<\/div>\n\t\t\t\t<\/div>\n\t\t\t\t\t<\/div>\n\t\t<\/div>\n\t\t\t\t\t<\/div>\n\t\t<\/section>\n\t\t\t\t<section class=\"elementor-section elementor-top-section elementor-element elementor-element-254393d elementor-section-boxed elementor-section-height-default elementor-section-height-default\" data-id=\"254393d\" data-element_type=\"section\">\n\t\t\t\t\t\t<div class=\"elementor-container elementor-column-gap-default\">\n\t\t\t\t\t<div class=\"elementor-column elementor-col-100 elementor-top-column elementor-element elementor-element-e0a3ab1\" data-id=\"e0a3ab1\" data-element_type=\"column\">\n\t\t\t<div class=\"elementor-widget-wrap elementor-element-populated\">\n\t\t\t\t\t\t<div class=\"elementor-element elementor-element-ed48700 elementor-widget elementor-widget-text-editor\" data-id=\"ed48700\" data-element_type=\"widget\" data-widget_type=\"text-editor.default\">\n\t\t\t\t<div class=\"elementor-widget-container\">\n\t\t\t\t\t\t\t\t\t<p>Na sexta-feira (26), a Pol\u00edcia Civil de Santa Catarina cumpriu um mandado de pris\u00e3o preventiva contra um homem apontado como autor do crime de pedofilia em Gaspar. A revela\u00e7\u00e3o dos abusos ocorreu no final do ano de 2021, ap\u00f3s a filha adotiva do autor ter contado o fato para uma amiga no estado do Paran\u00e1. Logo ap\u00f3s, a m\u00e3e da v\u00edtima procurou a rede de apoio e formalizou a den\u00fancia. A investiga\u00e7\u00e3o foi da Delegacia de Pol\u00edcia da Comarca de Porto Belo, local onde os crimes ocorreram.&nbsp;<\/p>\n<p>De acordo com o apurado os abusos teriam ocorrido por dois anos, entre&nbsp; 2017 a 2019, ap\u00f3s os pais se separarem. Na \u00e9poca a crian\u00e7a com 7 anos, ficou com a m\u00e3e, e nas f\u00e9rias vinha para a casa do pai, em&nbsp; Porto Belo, ocasi\u00e3o em que aconteciam os abusos sexuais de forma reiterada.<\/p>\n<p>De acordo com a v\u00edtima o pai a amea\u00e7ava com uma arma de fogo e tamb\u00e9m com uma faca, dizendo que se ela n\u00e3o fizesse o que ele queria&nbsp; iria mat\u00e1-la, assim como se ela contasse para algu\u00e9m.<\/p>\n<p>Uma testemunha relatou que achava o comportamento do investigado estranho, pois, ele pedia para a filha dan\u00e7ar para ele, e teria comprado calcinha fio dental para a crian\u00e7a, mas quando ela perguntava para a crian\u00e7a se estava acontecendo algo ela respondia que n\u00e3o.<\/p>\n<p>Ap\u00f3s essa revela\u00e7\u00e3o, outra v\u00edtima tamb\u00e9m denunciou o investigado, dizendo que ia brincar com a filha do homem, na casa dele, e nessas ocasi\u00f5es tamb\u00e9m era abusada sexualmente. Na \u00e9poca a v\u00edtima possu\u00eda 8 anos de idade e ele tamb\u00e9m amea\u00e7ava essa crian\u00e7a.<\/p>\n<p>A pris\u00e3o preventiva do homem j\u00e1 havia sido decretada em julho do ano passado, mas ele estava foragido desde ent\u00e3o. Atrav\u00e9s de a\u00e7\u00f5es de intelig\u00eancia policial foi poss\u00edvel apurar que o investigado estaria situado na cidade de Brusque e atrav\u00e9s do compartilhamento com as demais for\u00e7as de seguran\u00e7a p\u00fablica, a Pol\u00edcia Militar de Gaspar prendeu o investigado na cidade de Gaspar enquanto se deslocava para a cidade de Brusque.<\/p>\t\t\t\t\t\t\t\t<\/div>\n\t\t\t\t<\/div>\n\t\t\t\t\t<\/div>\n\t\t<\/div>\n\t\t\t\t\t<\/div>\n\t\t<\/section>\n\t\t\t\t<\/div>\n\t\t","protected":false},"excerpt":{"rendered":"<p>Pol\u00edcia Civil prende homem apontado como autor do crime de pedofilia em Gaspar Na sexta-feira (26), a Pol\u00edcia Civil de Santa Catarina cumpriu um mandado de pris\u00e3o preventiva contra um homem apontado como autor do crime de pedofilia em Gaspar. A revela\u00e7\u00e3o dos abusos ocorreu no final do ano de 2021, ap\u00f3s a filha adotiva [&hellip;]<\/p>\n","protected":false},"author":5,"featured_media":14024,"comment_status":"closed","ping_status":"open","sticky":false,"template":"","format":"standard","meta":{"_monsterinsights_skip_tracking":false,"_monsterinsights_sitenote_active":false,"_monsterinsights_sitenote_note":"","_monsterinsights_sitenote_category":0,"footnotes":""},"categories":[1],"tags":[],"class_list":["post-16944","post","type-post","status-publish","format-standard","has-post-thumbnail","hentry","category-sem-categoria"],"_links":{"self":[{"href":"https:\/\/pc.sc.gov.br\/index.php?rest_route=\/wp\/v2\/posts\/16944","targetHints":{"allow":["GET"]}}],"collection":[{"href":"https:\/\/pc.sc.gov.br\/index.php?rest_route=\/wp\/v2\/posts"}],"about":[{"href":"https:\/\/pc.sc.gov.br\/index.php?rest_route=\/wp\/v2\/types\/post"}],"author":[{"embeddable":true,"href":"https:\/\/pc.sc.gov.br\/index.php?rest_route=\/wp\/v2\/users\/5"}],"replies":[{"embeddable":true,"href":"https:\/\/pc.sc.gov.br\/index.php?rest_route=%2Fwp%2Fv2%2Fcomments&post=16944"}],"version-history":[{"count":7,"href":"https:\/\/pc.sc.gov.br\/index.php?rest_route=\/wp\/v2\/posts\/16944\/revisions"}],"predecessor-version":[{"id":16951,"href":"https:\/\/pc.sc.gov.br\/index.php?rest_route=\/wp\/v2\/posts\/16944\/revisions\/16951"}],"wp:featuredmedia":[{"embeddable":true,"href":"https:\/\/pc.sc.gov.br\/index.php?rest_route=\/wp\/v2\/media\/14024"}],"wp:attachment":[{"href":"https:\/\/pc.sc.gov.br\/index.php?rest_route=%2Fwp%2Fv2%2Fmedia&parent=16944"}],"wp:term":[{"taxonomy":"category","embeddable":true,"href":"https:\/\/pc.sc.gov.br\/index.php?rest_route=%2Fwp%2Fv2%2Fcategories&post=16944"},{"taxonomy":"post_tag","embeddable":true,"href":"https:\/\/pc.sc.gov.br\/index.php?rest_route=%2Fwp%2Fv2%2Ftags&post=16944"}],"curies":[{"name":"wp","href":"https:\/\/api.w.org\/{rel}","templated":true}]}}