{"id":16956,"date":"2024-01-29T17:16:37","date_gmt":"2024-01-29T20:16:37","guid":{"rendered":"https:\/\/pc.sc.gov.br\/?p=16956"},"modified":"2024-01-29T19:05:29","modified_gmt":"2024-01-29T22:05:29","slug":"dfrv-deic-deflagra-operacao-contra-roubo-de-cargas-em-itajai","status":"publish","type":"post","link":"https:\/\/pc.sc.gov.br\/?p=16956","title":{"rendered":"DFRC\/DEIC deflagra opera\u00e7\u00e3o contra roubo de cargas em Itaja\u00ed"},"content":{"rendered":"\t\t<div data-elementor-type=\"wp-post\" data-elementor-id=\"16956\" class=\"elementor elementor-16956\" data-elementor-post-type=\"post\">\n\t\t\t\t\t\t<section class=\"elementor-section elementor-top-section elementor-element elementor-element-bb0f3b5 elementor-section-boxed elementor-section-height-default elementor-section-height-default\" data-id=\"bb0f3b5\" data-element_type=\"section\">\n\t\t\t\t\t\t<div class=\"elementor-container elementor-column-gap-default\">\n\t\t\t\t\t<div class=\"elementor-column elementor-col-100 elementor-top-column elementor-element elementor-element-add4006\" data-id=\"add4006\" data-element_type=\"column\">\n\t\t\t<div class=\"elementor-widget-wrap elementor-element-populated\">\n\t\t\t\t\t\t<div class=\"elementor-element elementor-element-5393388 elementor-widget elementor-widget-heading\" data-id=\"5393388\" data-element_type=\"widget\" data-widget_type=\"heading.default\">\n\t\t\t\t<div class=\"elementor-widget-container\">\n\t\t\t\t\t<h2 class=\"elementor-heading-title elementor-size-default\">DFRC\/DEIC deflagra opera\u00e7\u00e3o contra roubo de cargas em Itaja\u00ed<\/h2>\t\t\t\t<\/div>\n\t\t\t\t<\/div>\n\t\t\t\t\t<\/div>\n\t\t<\/div>\n\t\t\t\t\t<\/div>\n\t\t<\/section>\n\t\t\t\t<section class=\"elementor-section elementor-top-section elementor-element elementor-element-7261ad9 elementor-section-boxed elementor-section-height-default elementor-section-height-default\" data-id=\"7261ad9\" data-element_type=\"section\">\n\t\t\t\t\t\t<div class=\"elementor-container elementor-column-gap-default\">\n\t\t\t\t\t<div class=\"elementor-column elementor-col-100 elementor-top-column elementor-element elementor-element-fa7648c\" data-id=\"fa7648c\" data-element_type=\"column\">\n\t\t\t<div class=\"elementor-widget-wrap elementor-element-populated\">\n\t\t\t\t\t\t<div class=\"elementor-element elementor-element-7e672f5 elementor-widget elementor-widget-image\" data-id=\"7e672f5\" data-element_type=\"widget\" data-widget_type=\"image.default\">\n\t\t\t\t<div class=\"elementor-widget-container\">\n\t\t\t\t\t\t\t\t\t\t\t\t\t\t\t<img fetchpriority=\"high\" decoding=\"async\" width=\"657\" height=\"570\" src=\"https:\/\/pc.sc.gov.br\/\/wp-content\/uploads\/2024\/01\/0e41c49e-89ab-4226-a65b-b431279e2c88-fotor-2024012917316.jpg\" class=\"attachment-large size-large wp-image-16953\" alt=\"\" srcset=\"https:\/\/pc.sc.gov.br\/\/wp-content\/uploads\/2024\/01\/0e41c49e-89ab-4226-a65b-b431279e2c88-fotor-2024012917316.jpg 657w, https:\/\/pc.sc.gov.br\/\/wp-content\/uploads\/2024\/01\/0e41c49e-89ab-4226-a65b-b431279e2c88-fotor-2024012917316-300x260.jpg 300w\" sizes=\"(max-width: 657px) 100vw, 657px\" \/>\t\t\t\t\t\t\t\t\t\t\t\t\t\t\t<\/div>\n\t\t\t\t<\/div>\n\t\t\t\t\t<\/div>\n\t\t<\/div>\n\t\t\t\t\t<\/div>\n\t\t<\/section>\n\t\t\t\t<section class=\"elementor-section elementor-top-section elementor-element elementor-element-41530ea elementor-section-boxed elementor-section-height-default elementor-section-height-default\" data-id=\"41530ea\" data-element_type=\"section\">\n\t\t\t\t\t\t<div class=\"elementor-container elementor-column-gap-default\">\n\t\t\t\t\t<div class=\"elementor-column elementor-col-100 elementor-top-column elementor-element elementor-element-77d12f3\" data-id=\"77d12f3\" data-element_type=\"column\">\n\t\t\t<div class=\"elementor-widget-wrap elementor-element-populated\">\n\t\t\t\t\t\t<div class=\"elementor-element elementor-element-62de220 elementor-widget elementor-widget-text-editor\" data-id=\"62de220\" data-element_type=\"widget\" data-widget_type=\"text-editor.default\">\n\t\t\t\t<div class=\"elementor-widget-container\">\n\t\t\t\t\t\t\t\t\t<p>A Pol\u00edcia Civil de Santa Catarina por meio da Delegacia de Furtos e Roubos de Cargas (DFRC\/DEIC) deflagrou na sexta-feira (26) opera\u00e7\u00e3o de Policial em Itaja\u00ed. O objetivo da a\u00e7\u00e3o foi dar cumprimento a mandados de busca e apreens\u00e3o e de dois mandados de pris\u00e3o. Foram apreendidos documentos, dispositivos eletr\u00f4nicos, uma pistola calibre .380 e muni\u00e7\u00f5es, al\u00e9m de um ve\u00edculo usado na a\u00e7\u00e3o criminosa. A a\u00e7\u00e3o contou com apoio operacional da DRRDI\/DEIC e policiais civis que est\u00e3o atuando na Opera\u00e7\u00e3o Esta\u00e7\u00e3o Ver\u00e3o em Itaja\u00ed\/SC.<\/p>\n<p>O crime ocorreu no dia 21\/12\/2023 quando foi roubada na cidade de Itaja\u00ed uma carga t\u00eaxtil, avaliada em cerca de R$ 600 mil. O material de alto valor agregado estava em um caminh\u00e3o no p\u00e1tio da empresa aguardando a descarga.<\/p>\n<p>Na a\u00e7\u00e3o, cinco homens armados renderam o vigilante da empresa e o arrebataram. O vigia foi mantido em c\u00e1rcere durante a madrugada e, posteriormente, abandonado na mata. A carga t\u00eaxtil foi subtra\u00edda, juntamente com o caminh\u00e3o e o semirreboque.<\/p>\n<p>Ao tomar conhecimento do roubo a DFRC\/DEIC, sob a coordena\u00e7\u00e3o do delegado Osnei Valdir de Oliveira, foram analisadas diversas imagens e empreendidas dilig\u00eancias na regi\u00e3o resultando na localiza\u00e7\u00e3o da carga, do caminh\u00e3o e do semirreboque. O material roubado estava em um galp\u00e3o no bairro Itaipava, em Itaja\u00ed, e a totalidade da carga foi recuperada, evitando preju\u00edzo \u00e0 v\u00edtima superior a R$ 600 mil.<\/p>\n<p>As investiga\u00e7\u00f5es prosseguiram ap\u00f3s a recupera\u00e7\u00e3o da carga, possibilitando a identifica\u00e7\u00e3o de duas pessoas com ind\u00edcios de envolvimento no crime, assim como dos ve\u00edculos usados na a\u00e7\u00e3o criminosa, al\u00e9m do cativeiro onde o vigilante foi mantido ref\u00e9m.<\/p>\n<p>O Delegado Osnei de Oliveira destacou ainda que novas dilig\u00eancias est\u00e3o sendo realizadas para a identifica\u00e7\u00e3o dos demais envolvidos no crime. O delegado refor\u00e7ou o compromisso da Pol\u00edcia Civil no enfrentamento a esta modalidade criminosa, destacando que as investiga\u00e7\u00f5es foram ininterruptas, mesmo no per\u00edodo de festividades de final de ano, o que possibilitou o avan\u00e7o das investiga\u00e7\u00f5es.<\/p>\n<p><b>Den\u00fancias e informa\u00e7\u00f5es relacionadas a Roubo de Cargas podem ser encaminhadas para o e-mail deic-dfrc@pc.sc.gov.br ou no WhatsApp (48) 99161-8446, disque-den\u00fancia da PCSC, sendo garantido o anonimato.<\/b><\/p>\n<div>&nbsp;<\/div>\t\t\t\t\t\t\t\t<\/div>\n\t\t\t\t<\/div>\n\t\t\t\t\t<\/div>\n\t\t<\/div>\n\t\t\t\t\t<\/div>\n\t\t<\/section>\n\t\t\t\t<\/div>\n\t\t","protected":false},"excerpt":{"rendered":"<p>DFRC\/DEIC deflagra opera\u00e7\u00e3o contra roubo de cargas em Itaja\u00ed A Pol\u00edcia Civil de Santa Catarina por meio da Delegacia de Furtos e Roubos de Cargas (DFRC\/DEIC) deflagrou na sexta-feira (26) opera\u00e7\u00e3o de Policial em Itaja\u00ed. O objetivo da a\u00e7\u00e3o foi dar cumprimento a mandados de busca e apreens\u00e3o e de dois mandados de pris\u00e3o. Foram [&hellip;]<\/p>\n","protected":false},"author":5,"featured_media":16953,"comment_status":"closed","ping_status":"open","sticky":false,"template":"","format":"standard","meta":{"_monsterinsights_skip_tracking":false,"_monsterinsights_sitenote_active":false,"_monsterinsights_sitenote_note":"","_monsterinsights_sitenote_category":0,"footnotes":""},"categories":[1],"tags":[],"class_list":["post-16956","post","type-post","status-publish","format-standard","has-post-thumbnail","hentry","category-sem-categoria"],"_links":{"self":[{"href":"https:\/\/pc.sc.gov.br\/index.php?rest_route=\/wp\/v2\/posts\/16956","targetHints":{"allow":["GET"]}}],"collection":[{"href":"https:\/\/pc.sc.gov.br\/index.php?rest_route=\/wp\/v2\/posts"}],"about":[{"href":"https:\/\/pc.sc.gov.br\/index.php?rest_route=\/wp\/v2\/types\/post"}],"author":[{"embeddable":true,"href":"https:\/\/pc.sc.gov.br\/index.php?rest_route=\/wp\/v2\/users\/5"}],"replies":[{"embeddable":true,"href":"https:\/\/pc.sc.gov.br\/index.php?rest_route=%2Fwp%2Fv2%2Fcomments&post=16956"}],"version-history":[{"count":11,"href":"https:\/\/pc.sc.gov.br\/index.php?rest_route=\/wp\/v2\/posts\/16956\/revisions"}],"predecessor-version":[{"id":16973,"href":"https:\/\/pc.sc.gov.br\/index.php?rest_route=\/wp\/v2\/posts\/16956\/revisions\/16973"}],"wp:featuredmedia":[{"embeddable":true,"href":"https:\/\/pc.sc.gov.br\/index.php?rest_route=\/wp\/v2\/media\/16953"}],"wp:attachment":[{"href":"https:\/\/pc.sc.gov.br\/index.php?rest_route=%2Fwp%2Fv2%2Fmedia&parent=16956"}],"wp:term":[{"taxonomy":"category","embeddable":true,"href":"https:\/\/pc.sc.gov.br\/index.php?rest_route=%2Fwp%2Fv2%2Fcategories&post=16956"},{"taxonomy":"post_tag","embeddable":true,"href":"https:\/\/pc.sc.gov.br\/index.php?rest_route=%2Fwp%2Fv2%2Ftags&post=16956"}],"curies":[{"name":"wp","href":"https:\/\/api.w.org\/{rel}","templated":true}]}}