{"id":17072,"date":"2024-02-02T12:09:29","date_gmt":"2024-02-02T15:09:29","guid":{"rendered":"https:\/\/pc.sc.gov.br\/?p=17072"},"modified":"2024-02-02T12:10:24","modified_gmt":"2024-02-02T15:10:24","slug":"em-balneario-camboriu-policia-civil-prende-um-foragido-de-tocantins-e-outro-foragido-de-santa-catarina","status":"publish","type":"post","link":"https:\/\/pc.sc.gov.br\/?p=17072","title":{"rendered":"Em Balne\u00e1rio Cambori\u00fa, Pol\u00edcia Civil prende um foragido de Tocantins e outro foragido de Santa Catarina"},"content":{"rendered":"\t\t<div data-elementor-type=\"wp-post\" data-elementor-id=\"17072\" class=\"elementor elementor-17072\" data-elementor-post-type=\"post\">\n\t\t\t\t\t\t<section class=\"elementor-section elementor-top-section elementor-element elementor-element-73cec90 elementor-section-boxed elementor-section-height-default elementor-section-height-default\" data-id=\"73cec90\" data-element_type=\"section\">\n\t\t\t\t\t\t<div class=\"elementor-container elementor-column-gap-default\">\n\t\t\t\t\t<div class=\"elementor-column elementor-col-100 elementor-top-column elementor-element elementor-element-5ba70c5\" data-id=\"5ba70c5\" data-element_type=\"column\">\n\t\t\t<div class=\"elementor-widget-wrap elementor-element-populated\">\n\t\t\t\t\t\t<div class=\"elementor-element elementor-element-9bf6170 elementor-widget elementor-widget-heading\" data-id=\"9bf6170\" data-element_type=\"widget\" data-widget_type=\"heading.default\">\n\t\t\t\t<div class=\"elementor-widget-container\">\n\t\t\t\t\t<h2 class=\"elementor-heading-title elementor-size-default\">Em Balne\u00e1rio Cambori\u00fa, Pol\u00edcia Civil prende um foragido de Tocantins e outro foragido de Santa Catarina<\/h2>\t\t\t\t<\/div>\n\t\t\t\t<\/div>\n\t\t\t\t\t<\/div>\n\t\t<\/div>\n\t\t\t\t\t<\/div>\n\t\t<\/section>\n\t\t\t\t<section class=\"elementor-section elementor-top-section elementor-element elementor-element-fdb6241 elementor-section-boxed elementor-section-height-default elementor-section-height-default\" data-id=\"fdb6241\" data-element_type=\"section\">\n\t\t\t\t\t\t<div class=\"elementor-container elementor-column-gap-default\">\n\t\t\t\t\t<div class=\"elementor-column elementor-col-100 elementor-top-column elementor-element elementor-element-ff8f90d\" data-id=\"ff8f90d\" data-element_type=\"column\">\n\t\t\t<div class=\"elementor-widget-wrap elementor-element-populated\">\n\t\t\t\t\t\t<div class=\"elementor-element elementor-element-9be69b1 elementor-widget elementor-widget-image\" data-id=\"9be69b1\" data-element_type=\"widget\" data-widget_type=\"image.default\">\n\t\t\t\t<div class=\"elementor-widget-container\">\n\t\t\t\t\t\t\t\t\t\t\t\t\t\t\t<img fetchpriority=\"high\" decoding=\"async\" width=\"576\" height=\"1024\" src=\"https:\/\/pc.sc.gov.br\/\/wp-content\/uploads\/2023\/06\/VIATURA_000000000028-576x1024.jpg\" class=\"attachment-large size-large wp-image-10112\" alt=\"\" srcset=\"https:\/\/pc.sc.gov.br\/\/wp-content\/uploads\/2023\/06\/VIATURA_000000000028-576x1024.jpg 576w, https:\/\/pc.sc.gov.br\/\/wp-content\/uploads\/2023\/06\/VIATURA_000000000028-169x300.jpg 169w, https:\/\/pc.sc.gov.br\/\/wp-content\/uploads\/2023\/06\/VIATURA_000000000028.jpg 720w\" sizes=\"(max-width: 576px) 100vw, 576px\" \/>\t\t\t\t\t\t\t\t\t\t\t\t\t\t\t<\/div>\n\t\t\t\t<\/div>\n\t\t\t\t\t<\/div>\n\t\t<\/div>\n\t\t\t\t\t<\/div>\n\t\t<\/section>\n\t\t\t\t<section class=\"elementor-section elementor-top-section elementor-element elementor-element-dd8c638 elementor-section-boxed elementor-section-height-default elementor-section-height-default\" data-id=\"dd8c638\" data-element_type=\"section\">\n\t\t\t\t\t\t<div class=\"elementor-container elementor-column-gap-default\">\n\t\t\t\t\t<div class=\"elementor-column elementor-col-100 elementor-top-column elementor-element elementor-element-242fd17\" data-id=\"242fd17\" data-element_type=\"column\">\n\t\t\t<div class=\"elementor-widget-wrap elementor-element-populated\">\n\t\t\t\t\t\t<div class=\"elementor-element elementor-element-f966aaf elementor-widget elementor-widget-text-editor\" data-id=\"f966aaf\" data-element_type=\"widget\" data-widget_type=\"text-editor.default\">\n\t\t\t\t<div class=\"elementor-widget-container\">\n\t\t\t\t\t\t\t\t\t<p>Na quinta-feira (1), a Pol\u00edcia Civil de Santa Catarina, por meio da Delegacia de Repress\u00e3o aos Crimes de Inform\u00e1tica da Diretoria Estadual de Investiga\u00e7\u00f5es Criminais, em apoio \u00e0 Divis\u00e3o Especializada de Repress\u00e3o a Crimes Cibern\u00e9ticos de Palmas, cumpriu mandados de pris\u00e3o na cidade de Balne\u00e1rio Cambori\u00fa. <br \/>O homem procurado estava foragido do estado de Tocantins pelos crimes de furto mediante fraude (por meio de dispositivo eletr\u00f4nico\/inform\u00e1tico), estelionato mediante fraude eletr\u00f4nica, falsifica\u00e7\u00e3o de documento p\u00fablico, falsidade ideol\u00f3gica, uso de documento p\u00fablico falso e falsa identidade. <br \/>Durante o cumprimento do mandado, foi identificado que ele estava na companhia de outro foragido do Sistema Penitenci\u00e1rio de Santa Catarina, o qual tamb\u00e9m foi preso. Ambos foram encaminhados ao Sistema Prisional e ficar\u00e3o \u00e0 disposi\u00e7\u00e3o da Justi\u00e7a.<\/p>\t\t\t\t\t\t\t\t<\/div>\n\t\t\t\t<\/div>\n\t\t\t\t\t<\/div>\n\t\t<\/div>\n\t\t\t\t\t<\/div>\n\t\t<\/section>\n\t\t\t\t<\/div>\n\t\t","protected":false},"excerpt":{"rendered":"<p>Em Balne\u00e1rio Cambori\u00fa, Pol\u00edcia Civil prende um foragido de Tocantins e outro foragido de Santa Catarina Na quinta-feira (1), a Pol\u00edcia Civil de Santa Catarina, por meio da Delegacia de Repress\u00e3o aos Crimes de Inform\u00e1tica da Diretoria Estadual de Investiga\u00e7\u00f5es Criminais, em apoio \u00e0 Divis\u00e3o Especializada de Repress\u00e3o a Crimes Cibern\u00e9ticos de Palmas, cumpriu mandados [&hellip;]<\/p>\n","protected":false},"author":5,"featured_media":10113,"comment_status":"closed","ping_status":"open","sticky":false,"template":"","format":"standard","meta":{"_monsterinsights_skip_tracking":false,"_monsterinsights_sitenote_active":false,"_monsterinsights_sitenote_note":"","_monsterinsights_sitenote_category":0,"footnotes":""},"categories":[1],"tags":[],"class_list":["post-17072","post","type-post","status-publish","format-standard","has-post-thumbnail","hentry","category-sem-categoria"],"_links":{"self":[{"href":"https:\/\/pc.sc.gov.br\/index.php?rest_route=\/wp\/v2\/posts\/17072","targetHints":{"allow":["GET"]}}],"collection":[{"href":"https:\/\/pc.sc.gov.br\/index.php?rest_route=\/wp\/v2\/posts"}],"about":[{"href":"https:\/\/pc.sc.gov.br\/index.php?rest_route=\/wp\/v2\/types\/post"}],"author":[{"embeddable":true,"href":"https:\/\/pc.sc.gov.br\/index.php?rest_route=\/wp\/v2\/users\/5"}],"replies":[{"embeddable":true,"href":"https:\/\/pc.sc.gov.br\/index.php?rest_route=%2Fwp%2Fv2%2Fcomments&post=17072"}],"version-history":[{"count":4,"href":"https:\/\/pc.sc.gov.br\/index.php?rest_route=\/wp\/v2\/posts\/17072\/revisions"}],"predecessor-version":[{"id":17076,"href":"https:\/\/pc.sc.gov.br\/index.php?rest_route=\/wp\/v2\/posts\/17072\/revisions\/17076"}],"wp:featuredmedia":[{"embeddable":true,"href":"https:\/\/pc.sc.gov.br\/index.php?rest_route=\/wp\/v2\/media\/10113"}],"wp:attachment":[{"href":"https:\/\/pc.sc.gov.br\/index.php?rest_route=%2Fwp%2Fv2%2Fmedia&parent=17072"}],"wp:term":[{"taxonomy":"category","embeddable":true,"href":"https:\/\/pc.sc.gov.br\/index.php?rest_route=%2Fwp%2Fv2%2Fcategories&post=17072"},{"taxonomy":"post_tag","embeddable":true,"href":"https:\/\/pc.sc.gov.br\/index.php?rest_route=%2Fwp%2Fv2%2Ftags&post=17072"}],"curies":[{"name":"wp","href":"https:\/\/api.w.org\/{rel}","templated":true}]}}