{"id":17083,"date":"2024-02-02T12:48:06","date_gmt":"2024-02-02T15:48:06","guid":{"rendered":"https:\/\/pc.sc.gov.br\/?p=17083"},"modified":"2024-02-02T12:49:49","modified_gmt":"2024-02-02T15:49:49","slug":"na-capital-delegacia-de-capturas-da-deic-recaptura-mulher-foragida-do-rio-grande-do-sul","status":"publish","type":"post","link":"https:\/\/pc.sc.gov.br\/?p=17083","title":{"rendered":"Na Capital, Delegacia de Capturas da DEIC recaptura mulher foragida do Rio Grande do Sul"},"content":{"rendered":"\t\t<div data-elementor-type=\"wp-post\" data-elementor-id=\"17083\" class=\"elementor elementor-17083\" data-elementor-post-type=\"post\">\n\t\t\t\t\t\t<section class=\"elementor-section elementor-top-section elementor-element elementor-element-71fc1e5 elementor-section-boxed elementor-section-height-default elementor-section-height-default\" data-id=\"71fc1e5\" data-element_type=\"section\">\n\t\t\t\t\t\t<div class=\"elementor-container elementor-column-gap-default\">\n\t\t\t\t\t<div class=\"elementor-column elementor-col-100 elementor-top-column elementor-element elementor-element-0a8f4a3\" data-id=\"0a8f4a3\" data-element_type=\"column\">\n\t\t\t<div class=\"elementor-widget-wrap elementor-element-populated\">\n\t\t\t\t\t\t<div class=\"elementor-element elementor-element-353d820 elementor-widget elementor-widget-heading\" data-id=\"353d820\" data-element_type=\"widget\" data-widget_type=\"heading.default\">\n\t\t\t\t<div class=\"elementor-widget-container\">\n\t\t\t\t\t<h2 class=\"elementor-heading-title elementor-size-default\">Na Capital, Delegacia de Capturas da DEIC recaptura mulher foragida do Rio Grande do Sul<\/h2>\t\t\t\t<\/div>\n\t\t\t\t<\/div>\n\t\t\t\t\t<\/div>\n\t\t<\/div>\n\t\t\t\t\t<\/div>\n\t\t<\/section>\n\t\t\t\t<section class=\"elementor-section elementor-top-section elementor-element elementor-element-010b028 elementor-section-boxed elementor-section-height-default elementor-section-height-default\" data-id=\"010b028\" data-element_type=\"section\">\n\t\t\t\t\t\t<div class=\"elementor-container elementor-column-gap-default\">\n\t\t\t\t\t<div class=\"elementor-column elementor-col-100 elementor-top-column elementor-element elementor-element-472f1a6\" data-id=\"472f1a6\" data-element_type=\"column\">\n\t\t\t<div class=\"elementor-widget-wrap elementor-element-populated\">\n\t\t\t\t\t\t<div class=\"elementor-element elementor-element-f959d8c elementor-widget elementor-widget-image\" data-id=\"f959d8c\" data-element_type=\"widget\" data-widget_type=\"image.default\">\n\t\t\t\t<div class=\"elementor-widget-container\">\n\t\t\t\t\t\t\t\t\t\t\t\t\t\t\t<img fetchpriority=\"high\" decoding=\"async\" width=\"696\" height=\"583\" src=\"https:\/\/pc.sc.gov.br\/\/wp-content\/uploads\/2023\/08\/DEIC-GERAL.jpeg\" class=\"attachment-large size-large wp-image-12431\" alt=\"\" srcset=\"https:\/\/pc.sc.gov.br\/\/wp-content\/uploads\/2023\/08\/DEIC-GERAL.jpeg 940w, https:\/\/pc.sc.gov.br\/\/wp-content\/uploads\/2023\/08\/DEIC-GERAL-300x251.jpeg 300w, https:\/\/pc.sc.gov.br\/\/wp-content\/uploads\/2023\/08\/DEIC-GERAL-768x644.jpeg 768w\" sizes=\"(max-width: 696px) 100vw, 696px\" \/>\t\t\t\t\t\t\t\t\t\t\t\t\t\t\t<\/div>\n\t\t\t\t<\/div>\n\t\t\t\t\t<\/div>\n\t\t<\/div>\n\t\t\t\t\t<\/div>\n\t\t<\/section>\n\t\t\t\t<section class=\"elementor-section elementor-top-section elementor-element elementor-element-6bcca28 elementor-section-boxed elementor-section-height-default elementor-section-height-default\" data-id=\"6bcca28\" data-element_type=\"section\">\n\t\t\t\t\t\t<div class=\"elementor-container elementor-column-gap-default\">\n\t\t\t\t\t<div class=\"elementor-column elementor-col-100 elementor-top-column elementor-element elementor-element-988e574\" data-id=\"988e574\" data-element_type=\"column\">\n\t\t\t<div class=\"elementor-widget-wrap elementor-element-populated\">\n\t\t\t\t\t\t<div class=\"elementor-element elementor-element-22921b4 elementor-widget elementor-widget-text-editor\" data-id=\"22921b4\" data-element_type=\"widget\" data-widget_type=\"text-editor.default\">\n\t\t\t\t<div class=\"elementor-widget-container\">\n\t\t\t\t\t\t\t\t\t<p>Na quarta-feira (31), a Pol\u00edcia Civil de Santa Catarina, por meio da Delegacia de Capturas, com apoio da Delegacia de Combate ao Crime Organizado, ambas da Diretoria Estadual de Investiga\u00e7\u00f5es Criminais, recapturou uma foragida do Sistema Prisional do Rio Grande do Sul. A mulher havia sido condenada pela justi\u00e7a ao cumprimento de 10 anos e 6 meses de pris\u00e3o, pelos crimes de tr\u00e1fico de drogas e associa\u00e7\u00e3o para o tr\u00e1fico.<\/p>\n<p>Ap\u00f3s solicita\u00e7\u00e3o de apoio da Pol\u00edcia Civil do Rio Grande do Sul, dilig\u00eancias investigativas foram realizadas e foi poss\u00edvel obter o paradeiro da mulher, que estava homiziada no bairro Ingleses, em Florian\u00f3polis. A procurada foi encaminhada ao Pres\u00eddio Feminino de Florian\u00f3polis, onde permanece \u00e0 disposi\u00e7\u00e3o do Poder Judici\u00e1rio.<\/p>\n<p>A DECAP\/DEIC refor\u00e7a o seu compromisso em prol da seguran\u00e7a da sociedade catarinense e se compromete com as demais unidades policiais do Estado no aux\u00edlio \u00e0 captura de foragidos. Den\u00fancias e informa\u00e7\u00f5es relacionadas a foragidos da Justi\u00e7a podem ser encaminhadas para o e-mail deic-capturas@pc.sc.gov.br. Al\u00e9m disso, pelo&nbsp;<a href=\"https:\/\/sistemas.pc.sc.gov.br\/foragidos\/\" target=\"_blank\"><b><u>Portal Foragidos da PCSC<\/u><\/b><\/a>&nbsp;\u00e9 poss\u00edvel conhecer a rela\u00e7\u00e3o de procurados pela Justi\u00e7a. A Pol\u00edcia Civil de Santa Catarina garante o anonimato de quem prestar informa\u00e7\u00f5es sobre foragidos.<\/p>\t\t\t\t\t\t\t\t<\/div>\n\t\t\t\t<\/div>\n\t\t\t\t\t<\/div>\n\t\t<\/div>\n\t\t\t\t\t<\/div>\n\t\t<\/section>\n\t\t\t\t<\/div>\n\t\t","protected":false},"excerpt":{"rendered":"<p>Na Capital, Delegacia de Capturas da DEIC recaptura mulher foragida do Rio Grande do Sul Na quarta-feira (31), a Pol\u00edcia Civil de Santa Catarina, por meio da Delegacia de Capturas, com apoio da Delegacia de Combate ao Crime Organizado, ambas da Diretoria Estadual de Investiga\u00e7\u00f5es Criminais, recapturou uma foragida do Sistema Prisional do Rio Grande [&hellip;]<\/p>\n","protected":false},"author":5,"featured_media":12431,"comment_status":"closed","ping_status":"open","sticky":false,"template":"","format":"standard","meta":{"_monsterinsights_skip_tracking":false,"_monsterinsights_sitenote_active":false,"_monsterinsights_sitenote_note":"","_monsterinsights_sitenote_category":0,"footnotes":""},"categories":[1],"tags":[],"class_list":["post-17083","post","type-post","status-publish","format-standard","has-post-thumbnail","hentry","category-sem-categoria"],"_links":{"self":[{"href":"https:\/\/pc.sc.gov.br\/index.php?rest_route=\/wp\/v2\/posts\/17083","targetHints":{"allow":["GET"]}}],"collection":[{"href":"https:\/\/pc.sc.gov.br\/index.php?rest_route=\/wp\/v2\/posts"}],"about":[{"href":"https:\/\/pc.sc.gov.br\/index.php?rest_route=\/wp\/v2\/types\/post"}],"author":[{"embeddable":true,"href":"https:\/\/pc.sc.gov.br\/index.php?rest_route=\/wp\/v2\/users\/5"}],"replies":[{"embeddable":true,"href":"https:\/\/pc.sc.gov.br\/index.php?rest_route=%2Fwp%2Fv2%2Fcomments&post=17083"}],"version-history":[{"count":4,"href":"https:\/\/pc.sc.gov.br\/index.php?rest_route=\/wp\/v2\/posts\/17083\/revisions"}],"predecessor-version":[{"id":17087,"href":"https:\/\/pc.sc.gov.br\/index.php?rest_route=\/wp\/v2\/posts\/17083\/revisions\/17087"}],"wp:featuredmedia":[{"embeddable":true,"href":"https:\/\/pc.sc.gov.br\/index.php?rest_route=\/wp\/v2\/media\/12431"}],"wp:attachment":[{"href":"https:\/\/pc.sc.gov.br\/index.php?rest_route=%2Fwp%2Fv2%2Fmedia&parent=17083"}],"wp:term":[{"taxonomy":"category","embeddable":true,"href":"https:\/\/pc.sc.gov.br\/index.php?rest_route=%2Fwp%2Fv2%2Fcategories&post=17083"},{"taxonomy":"post_tag","embeddable":true,"href":"https:\/\/pc.sc.gov.br\/index.php?rest_route=%2Fwp%2Fv2%2Ftags&post=17083"}],"curies":[{"name":"wp","href":"https:\/\/api.w.org\/{rel}","templated":true}]}}