{"id":17088,"date":"2024-02-02T13:05:53","date_gmt":"2024-02-02T16:05:53","guid":{"rendered":"https:\/\/pc.sc.gov.br\/?p=17088"},"modified":"2024-02-02T13:06:53","modified_gmt":"2024-02-02T16:06:53","slug":"policia-civil-conclui-inquerito-sobre-mortes-de-jovens-em-veiculo-em-balneario-camboriu","status":"publish","type":"post","link":"https:\/\/pc.sc.gov.br\/?p=17088","title":{"rendered":"Pol\u00edcia Civil conclui inqu\u00e9rito sobre mortes de jovens em ve\u00edculo em Balne\u00e1rio Cambori\u00fa"},"content":{"rendered":"\t\t<div data-elementor-type=\"wp-post\" data-elementor-id=\"17088\" class=\"elementor elementor-17088\" data-elementor-post-type=\"post\">\n\t\t\t\t\t\t<section class=\"elementor-section elementor-top-section elementor-element elementor-element-e9e2dcd elementor-section-boxed elementor-section-height-default elementor-section-height-default\" data-id=\"e9e2dcd\" data-element_type=\"section\">\n\t\t\t\t\t\t<div class=\"elementor-container elementor-column-gap-default\">\n\t\t\t\t\t<div class=\"elementor-column elementor-col-100 elementor-top-column elementor-element elementor-element-2266f3c\" data-id=\"2266f3c\" data-element_type=\"column\">\n\t\t\t<div class=\"elementor-widget-wrap elementor-element-populated\">\n\t\t\t\t\t\t<div class=\"elementor-element elementor-element-b385a81 elementor-widget elementor-widget-heading\" data-id=\"b385a81\" data-element_type=\"widget\" data-widget_type=\"heading.default\">\n\t\t\t\t<div class=\"elementor-widget-container\">\n\t\t\t\t\t<h2 class=\"elementor-heading-title elementor-size-default\">Pol\u00edcia Civil conclui inqu\u00e9rito sobre mortes de jovens em ve\u00edculo em Balne\u00e1rio Cambori\u00fa <\/h2>\t\t\t\t<\/div>\n\t\t\t\t<\/div>\n\t\t\t\t\t<\/div>\n\t\t<\/div>\n\t\t\t\t\t<\/div>\n\t\t<\/section>\n\t\t\t\t<section class=\"elementor-section elementor-top-section elementor-element elementor-element-90b11ce elementor-section-boxed elementor-section-height-default elementor-section-height-default\" data-id=\"90b11ce\" data-element_type=\"section\">\n\t\t\t\t\t\t<div class=\"elementor-container elementor-column-gap-default\">\n\t\t\t\t\t<div class=\"elementor-column elementor-col-100 elementor-top-column elementor-element elementor-element-2b3253d\" data-id=\"2b3253d\" data-element_type=\"column\">\n\t\t\t<div class=\"elementor-widget-wrap elementor-element-populated\">\n\t\t\t\t\t\t<div class=\"elementor-element elementor-element-c82b52d elementor-widget elementor-widget-image\" data-id=\"c82b52d\" data-element_type=\"widget\" data-widget_type=\"image.default\">\n\t\t\t\t<div class=\"elementor-widget-container\">\n\t\t\t\t\t\t\t\t\t\t\t\t\t\t\t<img fetchpriority=\"high\" decoding=\"async\" width=\"696\" height=\"522\" src=\"https:\/\/pc.sc.gov.br\/\/wp-content\/uploads\/2024\/01\/CARRO-VIATUIRA-SIRENE-NOITE-POLICIA-CIVIL-PCSC-1024x768.jpg\" class=\"attachment-large size-large wp-image-16597\" alt=\"\" srcset=\"https:\/\/pc.sc.gov.br\/\/wp-content\/uploads\/2024\/01\/CARRO-VIATUIRA-SIRENE-NOITE-POLICIA-CIVIL-PCSC-1024x768.jpg 1024w, https:\/\/pc.sc.gov.br\/\/wp-content\/uploads\/2024\/01\/CARRO-VIATUIRA-SIRENE-NOITE-POLICIA-CIVIL-PCSC-300x225.jpg 300w, https:\/\/pc.sc.gov.br\/\/wp-content\/uploads\/2024\/01\/CARRO-VIATUIRA-SIRENE-NOITE-POLICIA-CIVIL-PCSC-768x576.jpg 768w, https:\/\/pc.sc.gov.br\/\/wp-content\/uploads\/2024\/01\/CARRO-VIATUIRA-SIRENE-NOITE-POLICIA-CIVIL-PCSC.jpg 1280w\" sizes=\"(max-width: 696px) 100vw, 696px\" \/>\t\t\t\t\t\t\t\t\t\t\t\t\t\t\t<\/div>\n\t\t\t\t<\/div>\n\t\t\t\t\t<\/div>\n\t\t<\/div>\n\t\t\t\t\t<\/div>\n\t\t<\/section>\n\t\t\t\t<section class=\"elementor-section elementor-top-section elementor-element elementor-element-e7d57df elementor-section-boxed elementor-section-height-default elementor-section-height-default\" data-id=\"e7d57df\" data-element_type=\"section\">\n\t\t\t\t\t\t<div class=\"elementor-container elementor-column-gap-default\">\n\t\t\t\t\t<div class=\"elementor-column elementor-col-100 elementor-top-column elementor-element elementor-element-76b4599\" data-id=\"76b4599\" data-element_type=\"column\">\n\t\t\t<div class=\"elementor-widget-wrap elementor-element-populated\">\n\t\t\t\t\t\t<div class=\"elementor-element elementor-element-8d59f00 elementor-widget elementor-widget-text-editor\" data-id=\"8d59f00\" data-element_type=\"widget\" data-widget_type=\"text-editor.default\">\n\t\t\t\t<div class=\"elementor-widget-container\">\n\t\t\t\t\t\t\t\t\t<p>Na quarta-feira (31), a Pol\u00edcia Civil de Santa Catarina, por meio da Divis\u00e3o de Investiga\u00e7\u00e3o Criminal de Balne\u00e1rio Cambori\u00fa, concluiu o inqu\u00e9rito policial que apurava as circunst\u00e2ncias das mortes de quatro jovens, no dia 01\/01\/2024, na rodovi\u00e1ria de Balne\u00e1rio Cambori\u00fa. <br \/>Conforme divulgado anteriormente, as per\u00edcias realizadas pela Pol\u00edcia Cient\u00edfica conclu\u00edram que a causa das mortes foi asfixia provocada pela inala\u00e7\u00e3o de mon\u00f3xido de carbono que vazou atrav\u00e9s da ruptura de uma pe\u00e7a, denominada downpipe, e adentrou na cabine do ve\u00edculo por meio do ar condicionado. Os peritos conclu\u00edram que a pe\u00e7a, a qual foi instalada em substitui\u00e7\u00e3o ao catalisador do ve\u00edculo, foi produzida e montada de forma prec\u00e1ria e divergente dos padr\u00f5es de qualidade do fabricante. <br \/>A investiga\u00e7\u00e3o apontou que a pe\u00e7a que rompeu foi instalada em uma oficina situada na cidade de Aparecida de Goi\u00e2nia\/GO, no m\u00eas de julho de 2023, e que o servi\u00e7o foi realizado por um indiv\u00edduo sem qualquer forma\u00e7\u00e3o t\u00e9cnica e sob a supervis\u00e3o e controle do propriet\u00e1rio do estabelecimento. <br \/>Diante dos elementos probat\u00f3rios angariados, o inqu\u00e9rito foi conclu\u00eddo com o indiciamento do propriet\u00e1rio da oficina e do respons\u00e1vel pela constru\u00e7\u00e3o e instala\u00e7\u00e3o do equipamento por quatro homic\u00eddios culposos (art. 121, \u00a73\u00ba, do CP), haja vista a imper\u00edcia na realiza\u00e7\u00e3o do servi\u00e7o. <br \/>O procedimento foi encaminhado para an\u00e1lise do Poder Judici\u00e1rio e do Minist\u00e9rio P\u00fablico, a fim de dar andamento \u00e0 fase processual persecu\u00e7\u00e3o penal. <\/p>\t\t\t\t\t\t\t\t<\/div>\n\t\t\t\t<\/div>\n\t\t\t\t\t<\/div>\n\t\t<\/div>\n\t\t\t\t\t<\/div>\n\t\t<\/section>\n\t\t\t\t<\/div>\n\t\t","protected":false},"excerpt":{"rendered":"<p>Pol\u00edcia Civil conclui inqu\u00e9rito sobre mortes de jovens em ve\u00edculo em Balne\u00e1rio Cambori\u00fa Na quarta-feira (31), a Pol\u00edcia Civil de Santa Catarina, por meio da Divis\u00e3o de Investiga\u00e7\u00e3o Criminal de Balne\u00e1rio Cambori\u00fa, concluiu o inqu\u00e9rito policial que apurava as circunst\u00e2ncias das mortes de quatro jovens, no dia 01\/01\/2024, na rodovi\u00e1ria de Balne\u00e1rio Cambori\u00fa. Conforme divulgado [&hellip;]<\/p>\n","protected":false},"author":5,"featured_media":16597,"comment_status":"closed","ping_status":"open","sticky":false,"template":"","format":"standard","meta":{"_monsterinsights_skip_tracking":false,"_monsterinsights_sitenote_active":false,"_monsterinsights_sitenote_note":"","_monsterinsights_sitenote_category":0,"footnotes":""},"categories":[1],"tags":[],"class_list":["post-17088","post","type-post","status-publish","format-standard","has-post-thumbnail","hentry","category-sem-categoria"],"_links":{"self":[{"href":"https:\/\/pc.sc.gov.br\/index.php?rest_route=\/wp\/v2\/posts\/17088","targetHints":{"allow":["GET"]}}],"collection":[{"href":"https:\/\/pc.sc.gov.br\/index.php?rest_route=\/wp\/v2\/posts"}],"about":[{"href":"https:\/\/pc.sc.gov.br\/index.php?rest_route=\/wp\/v2\/types\/post"}],"author":[{"embeddable":true,"href":"https:\/\/pc.sc.gov.br\/index.php?rest_route=\/wp\/v2\/users\/5"}],"replies":[{"embeddable":true,"href":"https:\/\/pc.sc.gov.br\/index.php?rest_route=%2Fwp%2Fv2%2Fcomments&post=17088"}],"version-history":[{"count":4,"href":"https:\/\/pc.sc.gov.br\/index.php?rest_route=\/wp\/v2\/posts\/17088\/revisions"}],"predecessor-version":[{"id":17092,"href":"https:\/\/pc.sc.gov.br\/index.php?rest_route=\/wp\/v2\/posts\/17088\/revisions\/17092"}],"wp:featuredmedia":[{"embeddable":true,"href":"https:\/\/pc.sc.gov.br\/index.php?rest_route=\/wp\/v2\/media\/16597"}],"wp:attachment":[{"href":"https:\/\/pc.sc.gov.br\/index.php?rest_route=%2Fwp%2Fv2%2Fmedia&parent=17088"}],"wp:term":[{"taxonomy":"category","embeddable":true,"href":"https:\/\/pc.sc.gov.br\/index.php?rest_route=%2Fwp%2Fv2%2Fcategories&post=17088"},{"taxonomy":"post_tag","embeddable":true,"href":"https:\/\/pc.sc.gov.br\/index.php?rest_route=%2Fwp%2Fv2%2Ftags&post=17088"}],"curies":[{"name":"wp","href":"https:\/\/api.w.org\/{rel}","templated":true}]}}