{"id":17106,"date":"2024-02-02T15:21:24","date_gmt":"2024-02-02T18:21:24","guid":{"rendered":"https:\/\/pc.sc.gov.br\/?p=17106"},"modified":"2024-02-02T15:22:26","modified_gmt":"2024-02-02T18:22:26","slug":"em-itajai-policia-civil-prende-suspeito-por-estupro-de-vulneravel-foragido-do-para","status":"publish","type":"post","link":"https:\/\/pc.sc.gov.br\/?p=17106","title":{"rendered":"Em Itaja\u00ed, Pol\u00edcia Civil prende suspeito por estupro de vulner\u00e1vel foragido do Par\u00e1"},"content":{"rendered":"\t\t<div data-elementor-type=\"wp-post\" data-elementor-id=\"17106\" class=\"elementor elementor-17106\" data-elementor-post-type=\"post\">\n\t\t\t\t\t\t<section class=\"elementor-section elementor-top-section elementor-element elementor-element-6fdcbfb elementor-section-boxed elementor-section-height-default elementor-section-height-default\" data-id=\"6fdcbfb\" data-element_type=\"section\">\n\t\t\t\t\t\t<div class=\"elementor-container elementor-column-gap-default\">\n\t\t\t\t\t<div class=\"elementor-column elementor-col-100 elementor-top-column elementor-element elementor-element-08bcdd9\" data-id=\"08bcdd9\" data-element_type=\"column\">\n\t\t\t<div class=\"elementor-widget-wrap elementor-element-populated\">\n\t\t\t\t\t\t<div class=\"elementor-element elementor-element-336b907 elementor-widget elementor-widget-heading\" data-id=\"336b907\" data-element_type=\"widget\" data-widget_type=\"heading.default\">\n\t\t\t\t<div class=\"elementor-widget-container\">\n\t\t\t\t\t<h2 class=\"elementor-heading-title elementor-size-default\">Em Itaja\u00ed, Pol\u00edcia Civil prende suspeito por estupro de vulner\u00e1vel foragido do Par\u00e1<\/h2>\t\t\t\t<\/div>\n\t\t\t\t<\/div>\n\t\t\t\t\t<\/div>\n\t\t<\/div>\n\t\t\t\t\t<\/div>\n\t\t<\/section>\n\t\t\t\t<section class=\"elementor-section elementor-top-section elementor-element elementor-element-3601cae elementor-section-boxed elementor-section-height-default elementor-section-height-default\" data-id=\"3601cae\" data-element_type=\"section\">\n\t\t\t\t\t\t<div class=\"elementor-container elementor-column-gap-default\">\n\t\t\t\t\t<div class=\"elementor-column elementor-col-100 elementor-top-column elementor-element elementor-element-b5fd09e\" data-id=\"b5fd09e\" data-element_type=\"column\">\n\t\t\t<div class=\"elementor-widget-wrap elementor-element-populated\">\n\t\t\t\t\t\t<div class=\"elementor-element elementor-element-1b366b0 elementor-widget elementor-widget-image\" data-id=\"1b366b0\" data-element_type=\"widget\" data-widget_type=\"image.default\">\n\t\t\t\t<div class=\"elementor-widget-container\">\n\t\t\t\t\t\t\t\t\t\t\t\t\t\t\t<img fetchpriority=\"high\" decoding=\"async\" width=\"510\" height=\"680\" src=\"https:\/\/pc.sc.gov.br\/\/wp-content\/uploads\/2022\/12\/DIC_COLETE.jpg\" class=\"attachment-large size-large wp-image-2546\" alt=\"\" srcset=\"https:\/\/pc.sc.gov.br\/\/wp-content\/uploads\/2022\/12\/DIC_COLETE.jpg 510w, https:\/\/pc.sc.gov.br\/\/wp-content\/uploads\/2022\/12\/DIC_COLETE-225x300.jpg 225w\" sizes=\"(max-width: 510px) 100vw, 510px\" \/>\t\t\t\t\t\t\t\t\t\t\t\t\t\t\t<\/div>\n\t\t\t\t<\/div>\n\t\t\t\t\t<\/div>\n\t\t<\/div>\n\t\t\t\t\t<\/div>\n\t\t<\/section>\n\t\t\t\t<section class=\"elementor-section elementor-top-section elementor-element elementor-element-69de2bf elementor-section-boxed elementor-section-height-default elementor-section-height-default\" data-id=\"69de2bf\" data-element_type=\"section\">\n\t\t\t\t\t\t<div class=\"elementor-container elementor-column-gap-default\">\n\t\t\t\t\t<div class=\"elementor-column elementor-col-100 elementor-top-column elementor-element elementor-element-59d1743\" data-id=\"59d1743\" data-element_type=\"column\">\n\t\t\t<div class=\"elementor-widget-wrap elementor-element-populated\">\n\t\t\t\t\t\t<div class=\"elementor-element elementor-element-8d8ae47 elementor-widget elementor-widget-text-editor\" data-id=\"8d8ae47\" data-element_type=\"widget\" data-widget_type=\"text-editor.default\">\n\t\t\t\t<div class=\"elementor-widget-container\">\n\t\t\t\t\t\t\t\t\t<p>Na quinta-feira (1), a Pol\u00edcia Civil de Santa Catarina, por meio da Divis\u00e3o de Investiga\u00e7\u00e3o Criminal de Itaja\u00ed (DIC), deu cumprimento a mandado de pris\u00e3o preventiva pelo crime de estupro de vulner\u00e1vel. O homem apontado como autor do crime teve sua pris\u00e3o decretada pela 2\u00aa Vara Criminal de Marab\u00e1 por ter supostamente abusado de uma crian\u00e7a de 12 anos de idade em 2021 no estado do Par\u00e1.<br><br>Ap\u00f3s troca de informa\u00e7\u00f5es com a Pol\u00edcia Civil do Par\u00e1 e da DNIT\/PC, o foragido foi localizado e capturado em sua resid\u00eancia, no bairro Santa Regina, em Itaja\u00ed. O preso foi encaminhado ao Sistema Penitenci\u00e1rio, onde permanece \u00e0 disposi\u00e7\u00e3o da Justi\u00e7a.<\/p>\t\t\t\t\t\t\t\t<\/div>\n\t\t\t\t<\/div>\n\t\t\t\t\t<\/div>\n\t\t<\/div>\n\t\t\t\t\t<\/div>\n\t\t<\/section>\n\t\t\t\t<\/div>\n\t\t","protected":false},"excerpt":{"rendered":"<p>Em Itaja\u00ed, Pol\u00edcia Civil prende suspeito por estupro de vulner\u00e1vel foragido do Par\u00e1 Na quinta-feira (1), a Pol\u00edcia Civil de Santa Catarina, por meio da Divis\u00e3o de Investiga\u00e7\u00e3o Criminal de Itaja\u00ed (DIC), deu cumprimento a mandado de pris\u00e3o preventiva pelo crime de estupro de vulner\u00e1vel. O homem apontado como autor do crime teve sua pris\u00e3o [&hellip;]<\/p>\n","protected":false},"author":5,"featured_media":2546,"comment_status":"closed","ping_status":"open","sticky":false,"template":"","format":"standard","meta":{"_monsterinsights_skip_tracking":false,"_monsterinsights_sitenote_active":false,"_monsterinsights_sitenote_note":"","_monsterinsights_sitenote_category":0,"footnotes":""},"categories":[1],"tags":[],"class_list":["post-17106","post","type-post","status-publish","format-standard","has-post-thumbnail","hentry","category-sem-categoria"],"_links":{"self":[{"href":"https:\/\/pc.sc.gov.br\/index.php?rest_route=\/wp\/v2\/posts\/17106","targetHints":{"allow":["GET"]}}],"collection":[{"href":"https:\/\/pc.sc.gov.br\/index.php?rest_route=\/wp\/v2\/posts"}],"about":[{"href":"https:\/\/pc.sc.gov.br\/index.php?rest_route=\/wp\/v2\/types\/post"}],"author":[{"embeddable":true,"href":"https:\/\/pc.sc.gov.br\/index.php?rest_route=\/wp\/v2\/users\/5"}],"replies":[{"embeddable":true,"href":"https:\/\/pc.sc.gov.br\/index.php?rest_route=%2Fwp%2Fv2%2Fcomments&post=17106"}],"version-history":[{"count":4,"href":"https:\/\/pc.sc.gov.br\/index.php?rest_route=\/wp\/v2\/posts\/17106\/revisions"}],"predecessor-version":[{"id":17110,"href":"https:\/\/pc.sc.gov.br\/index.php?rest_route=\/wp\/v2\/posts\/17106\/revisions\/17110"}],"wp:featuredmedia":[{"embeddable":true,"href":"https:\/\/pc.sc.gov.br\/index.php?rest_route=\/wp\/v2\/media\/2546"}],"wp:attachment":[{"href":"https:\/\/pc.sc.gov.br\/index.php?rest_route=%2Fwp%2Fv2%2Fmedia&parent=17106"}],"wp:term":[{"taxonomy":"category","embeddable":true,"href":"https:\/\/pc.sc.gov.br\/index.php?rest_route=%2Fwp%2Fv2%2Fcategories&post=17106"},{"taxonomy":"post_tag","embeddable":true,"href":"https:\/\/pc.sc.gov.br\/index.php?rest_route=%2Fwp%2Fv2%2Ftags&post=17106"}],"curies":[{"name":"wp","href":"https:\/\/api.w.org\/{rel}","templated":true}]}}