{"id":17196,"date":"2024-02-06T17:04:46","date_gmt":"2024-02-06T20:04:46","guid":{"rendered":"https:\/\/pc.sc.gov.br\/?p=17196"},"modified":"2024-02-06T17:12:24","modified_gmt":"2024-02-06T20:12:24","slug":"em-sao-joaquim-policia-civil-deflagra-operacao-campo-santo-e-prende-tres-pessoas-acusadas-por-homicidio-de-jovem-que-teve-corpo-encontrado-em-cemiterio","status":"publish","type":"post","link":"https:\/\/pc.sc.gov.br\/?p=17196","title":{"rendered":"Em S\u00e3o Joaquim, Pol\u00edcia Civil deflagra opera\u00e7\u00e3o \u201cCampo Santo\u201d e prende tr\u00eas pessoas acusadas por homic\u00eddio de jovem que teve corpo encontrado escondido em cemit\u00e9rio"},"content":{"rendered":"\t\t<div data-elementor-type=\"wp-post\" data-elementor-id=\"17196\" class=\"elementor elementor-17196\" data-elementor-post-type=\"post\">\n\t\t\t\t\t\t<section class=\"elementor-section elementor-top-section elementor-element elementor-element-be6e0a1 elementor-section-boxed elementor-section-height-default elementor-section-height-default\" data-id=\"be6e0a1\" data-element_type=\"section\">\n\t\t\t\t\t\t<div class=\"elementor-container elementor-column-gap-default\">\n\t\t\t\t\t<div class=\"elementor-column elementor-col-100 elementor-top-column elementor-element elementor-element-051302a\" data-id=\"051302a\" data-element_type=\"column\">\n\t\t\t<div class=\"elementor-widget-wrap elementor-element-populated\">\n\t\t\t\t\t\t<div class=\"elementor-element elementor-element-e91c67f elementor-widget elementor-widget-heading\" data-id=\"e91c67f\" data-element_type=\"widget\" data-widget_type=\"heading.default\">\n\t\t\t\t<div class=\"elementor-widget-container\">\n\t\t\t\t\t<h2 class=\"elementor-heading-title elementor-size-default\">Em S\u00e3o Joaquim, Pol\u00edcia Civil deflagra opera\u00e7\u00e3o \u201cCampo Santo\u201d e prende tr\u00eas pessoas acusadas por homic\u00eddio de jovem que teve corpo encontrado escondido em cemit\u00e9rio <\/h2>\t\t\t\t<\/div>\n\t\t\t\t<\/div>\n\t\t\t\t\t<\/div>\n\t\t<\/div>\n\t\t\t\t\t<\/div>\n\t\t<\/section>\n\t\t\t\t<section class=\"elementor-section elementor-top-section elementor-element elementor-element-cc74847 elementor-section-boxed elementor-section-height-default elementor-section-height-default\" data-id=\"cc74847\" data-element_type=\"section\">\n\t\t\t\t\t\t<div class=\"elementor-container elementor-column-gap-default\">\n\t\t\t\t\t<div class=\"elementor-column elementor-col-100 elementor-top-column elementor-element elementor-element-ec2cae7\" data-id=\"ec2cae7\" data-element_type=\"column\">\n\t\t\t<div class=\"elementor-widget-wrap elementor-element-populated\">\n\t\t\t\t\t\t<div class=\"elementor-element elementor-element-4d98615 elementor-widget elementor-widget-image\" data-id=\"4d98615\" data-element_type=\"widget\" data-widget_type=\"image.default\">\n\t\t\t\t<div class=\"elementor-widget-container\">\n\t\t\t\t\t\t\t\t\t\t\t\t\t\t\t<img fetchpriority=\"high\" decoding=\"async\" width=\"696\" height=\"928\" src=\"https:\/\/pc.sc.gov.br\/\/wp-content\/uploads\/2024\/02\/WhatsApp-Image-2024-02-06-at-15.21.51-1.jpeg\" class=\"attachment-large size-large wp-image-17198\" alt=\"\" srcset=\"https:\/\/pc.sc.gov.br\/\/wp-content\/uploads\/2024\/02\/WhatsApp-Image-2024-02-06-at-15.21.51-1.jpeg 768w, https:\/\/pc.sc.gov.br\/\/wp-content\/uploads\/2024\/02\/WhatsApp-Image-2024-02-06-at-15.21.51-1-225x300.jpeg 225w\" sizes=\"(max-width: 696px) 100vw, 696px\" \/>\t\t\t\t\t\t\t\t\t\t\t\t\t\t\t<\/div>\n\t\t\t\t<\/div>\n\t\t\t\t\t<\/div>\n\t\t<\/div>\n\t\t\t\t\t<\/div>\n\t\t<\/section>\n\t\t\t\t<section class=\"elementor-section elementor-top-section elementor-element elementor-element-84dc311 elementor-section-boxed elementor-section-height-default elementor-section-height-default\" data-id=\"84dc311\" data-element_type=\"section\">\n\t\t\t\t\t\t<div class=\"elementor-container elementor-column-gap-default\">\n\t\t\t\t\t<div class=\"elementor-column elementor-col-100 elementor-top-column elementor-element elementor-element-7ba0896\" data-id=\"7ba0896\" data-element_type=\"column\">\n\t\t\t<div class=\"elementor-widget-wrap elementor-element-populated\">\n\t\t\t\t\t\t<div class=\"elementor-element elementor-element-fb90bcd elementor-widget elementor-widget-text-editor\" data-id=\"fb90bcd\" data-element_type=\"widget\" data-widget_type=\"text-editor.default\">\n\t\t\t\t<div class=\"elementor-widget-container\">\n\t\t\t\t\t\t\t\t\t<p>Nesta ter\u00e7a-feira (6), a Pol\u00edcia Civil de Santa Catarina, por meio da Divis\u00e3o de Investiga\u00e7\u00e3o Criminal (DIC) de S\u00e3o Joaquim, deflagrou a Opera\u00e7\u00e3o \u201cCampo Santo\u201d e deu cumprimento a oito mandados de busca e apreens\u00e3o e tr\u00eas mandados de pris\u00e3o de pessoas relacionadas ao crime de homic\u00eddio ocorrido no inicio desse ano na cidade de S\u00e3o Joaquim.<\/p>\n<p><b>Entenda o caso<\/b><\/p>\n<p>No inicio do ano, um jovem desapareceu e familiares registraram o Boletim de Ocorr\u00eancia de desaparecimento. No dia 09\/01, a DIC recebeu uma informa\u00e7\u00e3o de que esse jovem desaparecido teria sido assassinado e seu corpo teria sido jogado no cemit\u00e9rio em uma localidade a 30 minutos de dist\u00e2ncia do centro de S\u00e3o Joaquim.<\/p>\n<p>Imediatamente, os policiais se deslocaram at\u00e9 o referido cemit\u00e9rio e, ap\u00f3s realizarem buscas no local, notaram a vegeta\u00e7\u00e3o amassada pr\u00f3xima a um t\u00famulo, ao ser aberto, verificou-se que jovem desaparecido havia sido assassinado e seu corpo escondido dentro de um t\u00famulo no cemit\u00e9rio.<\/p>\n<p>Iniciadas as investiga\u00e7\u00f5es, a autoria restou identificada, sendo representado e deferido pelo ju\u00edzo criminal mandados de busca e apreens\u00e3o e pris\u00e3o, que foram cumpridos na data de hoje. A Opera\u00e7\u00e3o contou com o apoio de aproximadamente 45 Policiais Civis das cidades de Campos Novos, Joa\u00e7aba, Lages, S\u00e3o Joaquim, S\u00e3o Jos\u00e9 e Urubici.<\/p>\n<p>Todos os presos pertencem a uma organiza\u00e7\u00e3o criminosa, sendo que um deles, al\u00e9m da pris\u00e3o, foi autuado em flagrante delito pelo crime de tr\u00e1fico de drogas, pois uma consider\u00e1vel quantidade de drogas (maconha e coca\u00edna) foi encontrada e aprendida durante as buscas em sua resid\u00eancia.<\/p>\n<p>Com as pris\u00f5es, o crime de homic\u00eddio est\u00e1 praticamente elucidado. O Inqu\u00e9rito Policial ser\u00e1 finalizado e encaminhado ao Poder Judici\u00e1rio.<\/p>\t\t\t\t\t\t\t\t<\/div>\n\t\t\t\t<\/div>\n\t\t\t\t<div class=\"elementor-element elementor-element-e02e43d elementor-widget elementor-widget-image\" data-id=\"e02e43d\" data-element_type=\"widget\" data-widget_type=\"image.default\">\n\t\t\t\t<div class=\"elementor-widget-container\">\n\t\t\t\t\t\t\t\t\t\t\t\t\t\t\t<img decoding=\"async\" width=\"696\" height=\"928\" src=\"https:\/\/pc.sc.gov.br\/\/wp-content\/uploads\/2024\/02\/WhatsApp-Image-2024-02-06-at-15.20.13-768x1024.jpeg\" class=\"attachment-large size-large wp-image-17197\" alt=\"\" srcset=\"https:\/\/pc.sc.gov.br\/\/wp-content\/uploads\/2024\/02\/WhatsApp-Image-2024-02-06-at-15.20.13-768x1024.jpeg 768w, https:\/\/pc.sc.gov.br\/\/wp-content\/uploads\/2024\/02\/WhatsApp-Image-2024-02-06-at-15.20.13-225x300.jpeg 225w, https:\/\/pc.sc.gov.br\/\/wp-content\/uploads\/2024\/02\/WhatsApp-Image-2024-02-06-at-15.20.13.jpeg 960w\" sizes=\"(max-width: 696px) 100vw, 696px\" \/>\t\t\t\t\t\t\t\t\t\t\t\t\t\t\t<\/div>\n\t\t\t\t<\/div>\n\t\t\t\t<div class=\"elementor-element elementor-element-b7f8f6d elementor-widget elementor-widget-image\" data-id=\"b7f8f6d\" data-element_type=\"widget\" data-widget_type=\"image.default\">\n\t\t\t\t<div class=\"elementor-widget-container\">\n\t\t\t\t\t\t\t\t\t\t\t\t\t\t\t<img decoding=\"async\" width=\"696\" height=\"928\" src=\"https:\/\/pc.sc.gov.br\/\/wp-content\/uploads\/2024\/02\/WhatsApp-Image-2024-02-06-at-15.21.51.jpeg\" class=\"attachment-large size-large wp-image-17199\" alt=\"\" srcset=\"https:\/\/pc.sc.gov.br\/\/wp-content\/uploads\/2024\/02\/WhatsApp-Image-2024-02-06-at-15.21.51.jpeg 768w, https:\/\/pc.sc.gov.br\/\/wp-content\/uploads\/2024\/02\/WhatsApp-Image-2024-02-06-at-15.21.51-225x300.jpeg 225w\" sizes=\"(max-width: 696px) 100vw, 696px\" \/>\t\t\t\t\t\t\t\t\t\t\t\t\t\t\t<\/div>\n\t\t\t\t<\/div>\n\t\t\t\t\t<\/div>\n\t\t<\/div>\n\t\t\t\t\t<\/div>\n\t\t<\/section>\n\t\t\t\t<\/div>\n\t\t","protected":false},"excerpt":{"rendered":"<p>Em S\u00e3o Joaquim, Pol\u00edcia Civil deflagra opera\u00e7\u00e3o \u201cCampo Santo\u201d e prende tr\u00eas pessoas acusadas por homic\u00eddio de jovem que teve corpo encontrado escondido em cemit\u00e9rio Nesta ter\u00e7a-feira (6), a Pol\u00edcia Civil de Santa Catarina, por meio da Divis\u00e3o de Investiga\u00e7\u00e3o Criminal (DIC) de S\u00e3o Joaquim, deflagrou a Opera\u00e7\u00e3o \u201cCampo Santo\u201d e deu cumprimento a oito [&hellip;]<\/p>\n","protected":false},"author":5,"featured_media":17198,"comment_status":"closed","ping_status":"open","sticky":false,"template":"","format":"standard","meta":{"_monsterinsights_skip_tracking":false,"_monsterinsights_sitenote_active":false,"_monsterinsights_sitenote_note":"","_monsterinsights_sitenote_category":0,"footnotes":""},"categories":[1],"tags":[],"class_list":["post-17196","post","type-post","status-publish","format-standard","has-post-thumbnail","hentry","category-sem-categoria"],"_links":{"self":[{"href":"https:\/\/pc.sc.gov.br\/index.php?rest_route=\/wp\/v2\/posts\/17196","targetHints":{"allow":["GET"]}}],"collection":[{"href":"https:\/\/pc.sc.gov.br\/index.php?rest_route=\/wp\/v2\/posts"}],"about":[{"href":"https:\/\/pc.sc.gov.br\/index.php?rest_route=\/wp\/v2\/types\/post"}],"author":[{"embeddable":true,"href":"https:\/\/pc.sc.gov.br\/index.php?rest_route=\/wp\/v2\/users\/5"}],"replies":[{"embeddable":true,"href":"https:\/\/pc.sc.gov.br\/index.php?rest_route=%2Fwp%2Fv2%2Fcomments&post=17196"}],"version-history":[{"count":16,"href":"https:\/\/pc.sc.gov.br\/index.php?rest_route=\/wp\/v2\/posts\/17196\/revisions"}],"predecessor-version":[{"id":17215,"href":"https:\/\/pc.sc.gov.br\/index.php?rest_route=\/wp\/v2\/posts\/17196\/revisions\/17215"}],"wp:featuredmedia":[{"embeddable":true,"href":"https:\/\/pc.sc.gov.br\/index.php?rest_route=\/wp\/v2\/media\/17198"}],"wp:attachment":[{"href":"https:\/\/pc.sc.gov.br\/index.php?rest_route=%2Fwp%2Fv2%2Fmedia&parent=17196"}],"wp:term":[{"taxonomy":"category","embeddable":true,"href":"https:\/\/pc.sc.gov.br\/index.php?rest_route=%2Fwp%2Fv2%2Fcategories&post=17196"},{"taxonomy":"post_tag","embeddable":true,"href":"https:\/\/pc.sc.gov.br\/index.php?rest_route=%2Fwp%2Fv2%2Ftags&post=17196"}],"curies":[{"name":"wp","href":"https:\/\/api.w.org\/{rel}","templated":true}]}}