{"id":17217,"date":"2024-02-06T19:43:23","date_gmt":"2024-02-06T22:43:23","guid":{"rendered":"https:\/\/pc.sc.gov.br\/?p=17217"},"modified":"2024-02-06T19:47:08","modified_gmt":"2024-02-06T22:47:08","slug":"decod-intensifica-acoes-contra-o-trafico-de-drogas-e-prende-duas-pessoas-nesta-semana-em-palhoca-e-na-capital","status":"publish","type":"post","link":"https:\/\/pc.sc.gov.br\/?p=17217","title":{"rendered":"DECOD intensifica a\u00e7\u00f5es contra o tr\u00e1fico de drogas e prende duas pessoas nesta semana em Palho\u00e7a e na Capital"},"content":{"rendered":"\t\t<div data-elementor-type=\"wp-post\" data-elementor-id=\"17217\" class=\"elementor elementor-17217\" data-elementor-post-type=\"post\">\n\t\t\t\t\t\t<section class=\"elementor-section elementor-top-section elementor-element elementor-element-b450c66 elementor-section-boxed elementor-section-height-default elementor-section-height-default\" data-id=\"b450c66\" data-element_type=\"section\">\n\t\t\t\t\t\t<div class=\"elementor-container elementor-column-gap-default\">\n\t\t\t\t\t<div class=\"elementor-column elementor-col-100 elementor-top-column elementor-element elementor-element-9eab957\" data-id=\"9eab957\" data-element_type=\"column\">\n\t\t\t<div class=\"elementor-widget-wrap elementor-element-populated\">\n\t\t\t\t\t\t<div class=\"elementor-element elementor-element-a25a707 elementor-widget elementor-widget-heading\" data-id=\"a25a707\" data-element_type=\"widget\" data-widget_type=\"heading.default\">\n\t\t\t\t<div class=\"elementor-widget-container\">\n\t\t\t\t\t<h2 class=\"elementor-heading-title elementor-size-default\">DECOD intensifica a\u00e7\u00f5es contra o tr\u00e1fico de drogas e prende duas pessoas nesta semana em Palho\u00e7a e na Capital<\/h2>\t\t\t\t<\/div>\n\t\t\t\t<\/div>\n\t\t\t\t\t<\/div>\n\t\t<\/div>\n\t\t\t\t\t<\/div>\n\t\t<\/section>\n\t\t\t\t<section class=\"elementor-section elementor-top-section elementor-element elementor-element-b9a98f4 elementor-section-boxed elementor-section-height-default elementor-section-height-default\" data-id=\"b9a98f4\" data-element_type=\"section\">\n\t\t\t\t\t\t<div class=\"elementor-container elementor-column-gap-default\">\n\t\t\t\t\t<div class=\"elementor-column elementor-col-100 elementor-top-column elementor-element elementor-element-6910b2d\" data-id=\"6910b2d\" data-element_type=\"column\">\n\t\t\t<div class=\"elementor-widget-wrap elementor-element-populated\">\n\t\t\t\t\t\t<div class=\"elementor-element elementor-element-4cb9f52 elementor-widget elementor-widget-image\" data-id=\"4cb9f52\" data-element_type=\"widget\" data-widget_type=\"image.default\">\n\t\t\t\t<div class=\"elementor-widget-container\">\n\t\t\t\t\t\t\t\t\t\t\t\t\t\t\t<img fetchpriority=\"high\" decoding=\"async\" width=\"696\" height=\"583\" src=\"https:\/\/pc.sc.gov.br\/\/wp-content\/uploads\/2024\/01\/52798047036_d7bc95aaed_k-fotor-20231101135311-1.jpg\" class=\"attachment-large size-large wp-image-16985\" alt=\"\" srcset=\"https:\/\/pc.sc.gov.br\/\/wp-content\/uploads\/2024\/01\/52798047036_d7bc95aaed_k-fotor-20231101135311-1.jpg 961w, https:\/\/pc.sc.gov.br\/\/wp-content\/uploads\/2024\/01\/52798047036_d7bc95aaed_k-fotor-20231101135311-1-300x251.jpg 300w, https:\/\/pc.sc.gov.br\/\/wp-content\/uploads\/2024\/01\/52798047036_d7bc95aaed_k-fotor-20231101135311-1-768x643.jpg 768w\" sizes=\"(max-width: 696px) 100vw, 696px\" \/>\t\t\t\t\t\t\t\t\t\t\t\t\t\t\t<\/div>\n\t\t\t\t<\/div>\n\t\t\t\t\t<\/div>\n\t\t<\/div>\n\t\t\t\t\t<\/div>\n\t\t<\/section>\n\t\t\t\t<section class=\"elementor-section elementor-top-section elementor-element elementor-element-894fab9 elementor-section-boxed elementor-section-height-default elementor-section-height-default\" data-id=\"894fab9\" data-element_type=\"section\">\n\t\t\t\t\t\t<div class=\"elementor-container elementor-column-gap-default\">\n\t\t\t\t\t<div class=\"elementor-column elementor-col-100 elementor-top-column elementor-element elementor-element-1e24ed2\" data-id=\"1e24ed2\" data-element_type=\"column\">\n\t\t\t<div class=\"elementor-widget-wrap elementor-element-populated\">\n\t\t\t\t\t\t<div class=\"elementor-element elementor-element-0889666 elementor-widget elementor-widget-text-editor\" data-id=\"0889666\" data-element_type=\"widget\" data-widget_type=\"text-editor.default\">\n\t\t\t\t<div class=\"elementor-widget-container\">\n\t\t\t\t\t\t\t\t\t<p>A Pol\u00edcia Civil de Santa Catarina, por meio da Delegacia de Combate \u00e0s Drogas (DECOD) do Departamento de Investiga\u00e7\u00e3o Criminal de Florian\u00f3polis (DIC), prendeu duas pessoas por envolvimento no tr\u00e1fico de drogas somente nesta semana. Uma delas foi presa na segunda-feira (5), em Palho\u00e7a, e a outra na Capital, na ter\u00e7a-feira (6).<\/p>\n<p><strong>Norte da Ilha<\/strong><\/p>\n<p>Nesta ter\u00e7a-feira (6), um homem foi preso no norte da ilha, na comunidade do Travess\u00e3o do Rio Vermelho. &nbsp;Ele possu\u00eda antecedentes criminais no Maranh\u00e3o, incluindo porte de arma e tr\u00e1fico de drogas. O homem j\u00e1 estava sendo monitorado pela DECOD por suas atividades de tr\u00e1fico na regi\u00e3o.<\/p>\n<p><strong>Palho\u00e7a<\/strong><\/p>\n<p>Na segunda-feira (5), a DECOD recapturou um homem que estava foragido h\u00e1 tr\u00eas anos do Sistema Penitenci\u00e1rio de S\u00e3o Paulo, ap\u00f3s n\u00e3o ter retornado de uma sa\u00edda tempor\u00e1ria. Ele foi condenado por tr\u00e1fico internacional de drogas e agora deve cumprir o restante de sua pena em regime fechado, totalizando aproximadamente mais oito anos de reclus\u00e3o.<\/p>\n<p>A captura ocorreu na Praia do Sonho, munic\u00edpio de Palho\u00e7a, ap\u00f3s um esfor\u00e7o cont\u00ednuo de investiga\u00e7\u00e3o que durou cerca de dez dias. A unidade da Pol\u00edcia Civil da Praia da Pinheira prestou apoio log\u00edstico importante no momento da pris\u00e3o.<\/p>\n<p>O homem havia se mudado h\u00e1 apenas 20 dias para Santa Catarina. Ele relatou que, antes de sua chegada, havia passado por diversos procedimentos cir\u00fargicos no Paran\u00e1, seu estado natal, e que havia viajado extensivamente de \u00f4nibus, conseguindo evitar a detec\u00e7\u00e3o at\u00e9 ent\u00e3o. Esta pris\u00e3o marca uma interrup\u00e7\u00e3o significativa em seus planos de permanecer escondido, evidenciando a compet\u00eancia e o empenho das for\u00e7as policiais catarinenses.<\/p>\n<p>Informa\u00e7\u00f5es que possam auxiliar nas investiga\u00e7\u00f5es podem ser enviadas de forma an\u00f4nima. As den\u00fancias podem ser realizadas atrav\u00e9s do n\u00famero 181, pelo WhatsApp da PCSC no n\u00famero 48 98844-0011, ou diretamente&nbsp;\u00e0&nbsp;DECOD.<\/p>\t\t\t\t\t\t\t\t<\/div>\n\t\t\t\t<\/div>\n\t\t\t\t\t<\/div>\n\t\t<\/div>\n\t\t\t\t\t<\/div>\n\t\t<\/section>\n\t\t\t\t<\/div>\n\t\t","protected":false},"excerpt":{"rendered":"<p>DECOD intensifica a\u00e7\u00f5es contra o tr\u00e1fico de drogas e prende duas pessoas nesta semana em Palho\u00e7a e na Capital A Pol\u00edcia Civil de Santa Catarina, por meio da Delegacia de Combate \u00e0s Drogas (DECOD) do Departamento de Investiga\u00e7\u00e3o Criminal de Florian\u00f3polis (DIC), prendeu duas pessoas por envolvimento no tr\u00e1fico de drogas somente nesta semana. Uma [&hellip;]<\/p>\n","protected":false},"author":5,"featured_media":16985,"comment_status":"closed","ping_status":"open","sticky":false,"template":"","format":"standard","meta":{"_monsterinsights_skip_tracking":false,"_monsterinsights_sitenote_active":false,"_monsterinsights_sitenote_note":"","_monsterinsights_sitenote_category":0,"footnotes":""},"categories":[1],"tags":[],"class_list":["post-17217","post","type-post","status-publish","format-standard","has-post-thumbnail","hentry","category-sem-categoria"],"_links":{"self":[{"href":"https:\/\/pc.sc.gov.br\/index.php?rest_route=\/wp\/v2\/posts\/17217","targetHints":{"allow":["GET"]}}],"collection":[{"href":"https:\/\/pc.sc.gov.br\/index.php?rest_route=\/wp\/v2\/posts"}],"about":[{"href":"https:\/\/pc.sc.gov.br\/index.php?rest_route=\/wp\/v2\/types\/post"}],"author":[{"embeddable":true,"href":"https:\/\/pc.sc.gov.br\/index.php?rest_route=\/wp\/v2\/users\/5"}],"replies":[{"embeddable":true,"href":"https:\/\/pc.sc.gov.br\/index.php?rest_route=%2Fwp%2Fv2%2Fcomments&post=17217"}],"version-history":[{"count":7,"href":"https:\/\/pc.sc.gov.br\/index.php?rest_route=\/wp\/v2\/posts\/17217\/revisions"}],"predecessor-version":[{"id":17224,"href":"https:\/\/pc.sc.gov.br\/index.php?rest_route=\/wp\/v2\/posts\/17217\/revisions\/17224"}],"wp:featuredmedia":[{"embeddable":true,"href":"https:\/\/pc.sc.gov.br\/index.php?rest_route=\/wp\/v2\/media\/16985"}],"wp:attachment":[{"href":"https:\/\/pc.sc.gov.br\/index.php?rest_route=%2Fwp%2Fv2%2Fmedia&parent=17217"}],"wp:term":[{"taxonomy":"category","embeddable":true,"href":"https:\/\/pc.sc.gov.br\/index.php?rest_route=%2Fwp%2Fv2%2Fcategories&post=17217"},{"taxonomy":"post_tag","embeddable":true,"href":"https:\/\/pc.sc.gov.br\/index.php?rest_route=%2Fwp%2Fv2%2Ftags&post=17217"}],"curies":[{"name":"wp","href":"https:\/\/api.w.org\/{rel}","templated":true}]}}