{"id":17234,"date":"2024-02-07T15:32:31","date_gmt":"2024-02-07T18:32:31","guid":{"rendered":"https:\/\/pc.sc.gov.br\/?p=17234"},"modified":"2024-02-07T15:34:15","modified_gmt":"2024-02-07T18:34:15","slug":"governo-do-estado-entrega-equipamentos-e-viaturas-para-policia-civil-de-santa-catarina","status":"publish","type":"post","link":"https:\/\/pc.sc.gov.br\/?p=17234","title":{"rendered":"Governo do Estado entrega equipamentos e viaturas para Pol\u00edcia Civil de Santa Catarina"},"content":{"rendered":"\t\t<div data-elementor-type=\"wp-post\" data-elementor-id=\"17234\" class=\"elementor elementor-17234\" data-elementor-post-type=\"post\">\n\t\t\t\t\t\t<section class=\"elementor-section elementor-top-section elementor-element elementor-element-f0b8511 elementor-section-boxed elementor-section-height-default elementor-section-height-default\" data-id=\"f0b8511\" data-element_type=\"section\">\n\t\t\t\t\t\t<div class=\"elementor-container elementor-column-gap-default\">\n\t\t\t\t\t<div class=\"elementor-column elementor-col-100 elementor-top-column elementor-element elementor-element-c770c12\" data-id=\"c770c12\" data-element_type=\"column\">\n\t\t\t<div class=\"elementor-widget-wrap elementor-element-populated\">\n\t\t\t\t\t\t<div class=\"elementor-element elementor-element-1ae4f79 elementor-widget elementor-widget-heading\" data-id=\"1ae4f79\" data-element_type=\"widget\" data-widget_type=\"heading.default\">\n\t\t\t\t<div class=\"elementor-widget-container\">\n\t\t\t\t\t<h2 class=\"elementor-heading-title elementor-size-default\">Governo do Estado entrega equipamentos e viaturas para Pol\u00edcia Civil de Santa Catarina<\/h2>\t\t\t\t<\/div>\n\t\t\t\t<\/div>\n\t\t\t\t\t<\/div>\n\t\t<\/div>\n\t\t\t\t\t<\/div>\n\t\t<\/section>\n\t\t\t\t<section class=\"elementor-section elementor-top-section elementor-element elementor-element-38b0d5e elementor-section-boxed elementor-section-height-default elementor-section-height-default\" data-id=\"38b0d5e\" data-element_type=\"section\">\n\t\t\t\t\t\t<div class=\"elementor-container elementor-column-gap-default\">\n\t\t\t\t\t<div class=\"elementor-column elementor-col-100 elementor-top-column elementor-element elementor-element-15ec45f\" data-id=\"15ec45f\" data-element_type=\"column\">\n\t\t\t<div class=\"elementor-widget-wrap elementor-element-populated\">\n\t\t\t\t\t\t<div class=\"elementor-element elementor-element-6d73669 elementor-widget elementor-widget-image\" data-id=\"6d73669\" data-element_type=\"widget\" data-widget_type=\"image.default\">\n\t\t\t\t<div class=\"elementor-widget-container\">\n\t\t\t\t\t\t\t\t\t\t\t\t\t\t\t<img fetchpriority=\"high\" decoding=\"async\" width=\"696\" height=\"464\" src=\"https:\/\/pc.sc.gov.br\/\/wp-content\/uploads\/2024\/02\/20240207102819_RTR_3864-1.jpg\" class=\"attachment-large size-large wp-image-17236\" alt=\"\" srcset=\"https:\/\/pc.sc.gov.br\/\/wp-content\/uploads\/2024\/02\/20240207102819_RTR_3864-1.jpg 1024w, https:\/\/pc.sc.gov.br\/\/wp-content\/uploads\/2024\/02\/20240207102819_RTR_3864-1-300x200.jpg 300w, https:\/\/pc.sc.gov.br\/\/wp-content\/uploads\/2024\/02\/20240207102819_RTR_3864-1-768x512.jpg 768w\" sizes=\"(max-width: 696px) 100vw, 696px\" \/>\t\t\t\t\t\t\t\t\t\t\t\t\t\t\t<\/div>\n\t\t\t\t<\/div>\n\t\t\t\t\t<\/div>\n\t\t<\/div>\n\t\t\t\t\t<\/div>\n\t\t<\/section>\n\t\t\t\t<section class=\"elementor-section elementor-top-section elementor-element elementor-element-09930b2 elementor-section-boxed elementor-section-height-default elementor-section-height-default\" data-id=\"09930b2\" data-element_type=\"section\">\n\t\t\t\t\t\t<div class=\"elementor-container elementor-column-gap-default\">\n\t\t\t\t\t<div class=\"elementor-column elementor-col-100 elementor-top-column elementor-element elementor-element-1d8e5fc\" data-id=\"1d8e5fc\" data-element_type=\"column\">\n\t\t\t<div class=\"elementor-widget-wrap elementor-element-populated\">\n\t\t\t\t\t\t<div class=\"elementor-element elementor-element-01528ec elementor-widget elementor-widget-text-editor\" data-id=\"01528ec\" data-element_type=\"widget\" data-widget_type=\"text-editor.default\">\n\t\t\t\t<div class=\"elementor-widget-container\">\n\t\t\t\t\t\t\t\t\t<p>A quarta-feira, 7, foi um marco significativo na moderniza\u00e7\u00e3o e no fortalecimento da Pol\u00edcia Civil de Santa Catarina. Em uma cerim\u00f4nia realizada na Secretaria de Estado da Seguran\u00e7a P\u00fablica, o governador Jorginho Mello, o secret\u00e1rio da Seguran\u00e7a P\u00fablica, Sargento Lima e o delegado-geral da PCSC, Ulisses Gabriel, entregaram 23 notebooks de \u00faltima gera\u00e7\u00e3o e tr\u00eas viaturas de patrulha caracterizadas.<br><br>\u201cEstamos comprometidos em fortalecer a Seguran\u00e7a P\u00fablica. A entrega de viaturas e equipamentos eletr\u00f4nicos \u00e0 Pol\u00edcia Civil \u00e9 um passo importante para garantir que nossos policiais tenham os recursos necess\u00e1rios para proteger nossa comunidade e combater o crime, deixando a popula\u00e7\u00e3o ainda mais segura\u201d, ressalta o governador.<br><br>Os 23 notebooks somam mais de R$ 117.000,00 em investimentos. Esses equipamentos ser\u00e3o distribu\u00eddos estrategicamente \u00e0s Delegacias de Prote\u00e7\u00e3o \u00e0 Crian\u00e7a, ao Adolescente, \u00e0 Mulher e ao Idoso \u2013 DPCAMIs, abrangendo munic\u00edpios como S\u00e3o Jos\u00e9, Joinville, Blumenau, Itaja\u00ed, entre outros. Com eles, ser\u00e1 poss\u00edvel aumentar a capacidade de investiga\u00e7\u00e3o e resposta \u00e0s demandas dessas \u00e1reas sens\u00edveis.<br><br>\u201cDesde que assumi a secretaria de Seguran\u00e7a P\u00fablica, o governador Jorginho Mello me falou o quanto se preocupa em valorizar os profissionais das pol\u00edcias, do Corpo de Bombeiros, enfim, todos os profissionais de seguran\u00e7a. A entrega de novos equipamentos eletr\u00f4nicos de \u00faltima gera\u00e7\u00e3o e viaturas veio fortalecer o trabalho incans\u00e1vel da Pol\u00edcia Civil. Sob a lideran\u00e7a do governador, estamos comprometidos em garantir a prote\u00e7\u00e3o de todos os cidad\u00e3os de nosso estado\u201d, enfatiza o secret\u00e1rio de Estado da Seguran\u00e7a P\u00fablica, Sargento Lima.<br><br>Ao longo do ano de 2023, as Delegacias Especializadas no atendimento \u00e0 Mulher j\u00e1 haviam sido beneficiadas com 106 computadores desktop com monitores auxiliares e 20 c\u00e2meras de v\u00eddeo, demonstrando um compromisso cont\u00ednuo com a moderniza\u00e7\u00e3o e efici\u00eancia dos recursos tecnol\u00f3gicos dispon\u00edveis \u00e0 Pol\u00edcia Civil de Santa Catarina.<br><br>Para o delegado-geral, Ulisses Gabriel, essa entrega consolida o trabalho que a Policia Civil tem feito no estado. \u201c\u00c9 com satisfa\u00e7\u00e3o que recebemos essas novas viaturas e equipamentos eletr\u00f4nicos e entregamos \u00e0s nossas equipes. Esses recursos s\u00e3o fundamentais para fortalecer nossa capacidade de resposta e garantir a seguran\u00e7a da comunidade. Estamos comprometidos em continuar investindo em tecnologia e infraestrutura para melhor servir \u00e0 popula\u00e7\u00e3o\u201d salienta.<br><br>Al\u00e9m dos equipamentos de inform\u00e1tica, foram entregues tr\u00eas viaturas da marca\/modelo Mitsubishi\/L200 Triton, com tra\u00e7\u00e3o 4\u00d74, representando um investimento de R$ 940.218,00. Estas viaturas ser\u00e3o alocadas estrategicamente, fortalecendo o trabalho das delegacias especializadas em \u00e1reas cr\u00edticas como homic\u00eddios e pessoas desaparecidas.<\/p>\n<p><b>Fonte texto e imagem: Secom \/SC<\/b><\/p>\t\t\t\t\t\t\t\t<\/div>\n\t\t\t\t<\/div>\n\t\t\t\t\t<\/div>\n\t\t<\/div>\n\t\t\t\t\t<\/div>\n\t\t<\/section>\n\t\t\t\t<\/div>\n\t\t","protected":false},"excerpt":{"rendered":"<p>Governo do Estado entrega equipamentos e viaturas para Pol\u00edcia Civil de Santa Catarina A quarta-feira, 7, foi um marco significativo na moderniza\u00e7\u00e3o e no fortalecimento da Pol\u00edcia Civil de Santa Catarina. Em uma cerim\u00f4nia realizada na Secretaria de Estado da Seguran\u00e7a P\u00fablica, o governador Jorginho Mello, o secret\u00e1rio da Seguran\u00e7a P\u00fablica, Sargento Lima e o [&hellip;]<\/p>\n","protected":false},"author":5,"featured_media":17236,"comment_status":"closed","ping_status":"open","sticky":false,"template":"","format":"standard","meta":{"_monsterinsights_skip_tracking":false,"_monsterinsights_sitenote_active":false,"_monsterinsights_sitenote_note":"","_monsterinsights_sitenote_category":0,"footnotes":""},"categories":[1],"tags":[],"class_list":["post-17234","post","type-post","status-publish","format-standard","has-post-thumbnail","hentry","category-sem-categoria"],"_links":{"self":[{"href":"https:\/\/pc.sc.gov.br\/index.php?rest_route=\/wp\/v2\/posts\/17234","targetHints":{"allow":["GET"]}}],"collection":[{"href":"https:\/\/pc.sc.gov.br\/index.php?rest_route=\/wp\/v2\/posts"}],"about":[{"href":"https:\/\/pc.sc.gov.br\/index.php?rest_route=\/wp\/v2\/types\/post"}],"author":[{"embeddable":true,"href":"https:\/\/pc.sc.gov.br\/index.php?rest_route=\/wp\/v2\/users\/5"}],"replies":[{"embeddable":true,"href":"https:\/\/pc.sc.gov.br\/index.php?rest_route=%2Fwp%2Fv2%2Fcomments&post=17234"}],"version-history":[{"count":7,"href":"https:\/\/pc.sc.gov.br\/index.php?rest_route=\/wp\/v2\/posts\/17234\/revisions"}],"predecessor-version":[{"id":17243,"href":"https:\/\/pc.sc.gov.br\/index.php?rest_route=\/wp\/v2\/posts\/17234\/revisions\/17243"}],"wp:featuredmedia":[{"embeddable":true,"href":"https:\/\/pc.sc.gov.br\/index.php?rest_route=\/wp\/v2\/media\/17236"}],"wp:attachment":[{"href":"https:\/\/pc.sc.gov.br\/index.php?rest_route=%2Fwp%2Fv2%2Fmedia&parent=17234"}],"wp:term":[{"taxonomy":"category","embeddable":true,"href":"https:\/\/pc.sc.gov.br\/index.php?rest_route=%2Fwp%2Fv2%2Fcategories&post=17234"},{"taxonomy":"post_tag","embeddable":true,"href":"https:\/\/pc.sc.gov.br\/index.php?rest_route=%2Fwp%2Fv2%2Ftags&post=17234"}],"curies":[{"name":"wp","href":"https:\/\/api.w.org\/{rel}","templated":true}]}}