{"id":17244,"date":"2024-02-07T16:42:25","date_gmt":"2024-02-07T19:42:25","guid":{"rendered":"https:\/\/pc.sc.gov.br\/?p=17244"},"modified":"2024-02-07T16:44:03","modified_gmt":"2024-02-07T19:44:03","slug":"policia-civil-pede-prisao-e-identifica-autor-de-incendio-que-vitimou-homem-em-penha","status":"publish","type":"post","link":"https:\/\/pc.sc.gov.br\/?p=17244","title":{"rendered":"Pol\u00edcia Civil pede pris\u00e3o e identifica autor de inc\u00eandio que vitimou homem em Penha"},"content":{"rendered":"\t\t<div data-elementor-type=\"wp-post\" data-elementor-id=\"17244\" class=\"elementor elementor-17244\" data-elementor-post-type=\"post\">\n\t\t\t\t\t\t<section class=\"elementor-section elementor-top-section elementor-element elementor-element-a25dc83 elementor-section-boxed elementor-section-height-default elementor-section-height-default\" data-id=\"a25dc83\" data-element_type=\"section\">\n\t\t\t\t\t\t<div class=\"elementor-container elementor-column-gap-default\">\n\t\t\t\t\t<div class=\"elementor-column elementor-col-100 elementor-top-column elementor-element elementor-element-d3490ce\" data-id=\"d3490ce\" data-element_type=\"column\">\n\t\t\t<div class=\"elementor-widget-wrap elementor-element-populated\">\n\t\t\t\t\t\t<div class=\"elementor-element elementor-element-ce0746f elementor-widget elementor-widget-heading\" data-id=\"ce0746f\" data-element_type=\"widget\" data-widget_type=\"heading.default\">\n\t\t\t\t<div class=\"elementor-widget-container\">\n\t\t\t\t\t<h2 class=\"elementor-heading-title elementor-size-default\">Pol\u00edcia Civil pede pris\u00e3o e identifica autor de inc\u00eandio que vitimou homem em Penha<\/h2>\t\t\t\t<\/div>\n\t\t\t\t<\/div>\n\t\t\t\t\t<\/div>\n\t\t<\/div>\n\t\t\t\t\t<\/div>\n\t\t<\/section>\n\t\t\t\t<section class=\"elementor-section elementor-top-section elementor-element elementor-element-7e54b31 elementor-section-boxed elementor-section-height-default elementor-section-height-default\" data-id=\"7e54b31\" data-element_type=\"section\">\n\t\t\t\t\t\t<div class=\"elementor-container elementor-column-gap-default\">\n\t\t\t\t\t<div class=\"elementor-column elementor-col-100 elementor-top-column elementor-element elementor-element-74e33c6\" data-id=\"74e33c6\" data-element_type=\"column\">\n\t\t\t<div class=\"elementor-widget-wrap elementor-element-populated\">\n\t\t\t\t\t\t<div class=\"elementor-element elementor-element-ea599ef elementor-widget elementor-widget-image\" data-id=\"ea599ef\" data-element_type=\"widget\" data-widget_type=\"image.default\">\n\t\t\t\t<div class=\"elementor-widget-container\">\n\t\t\t\t\t\t\t\t\t\t\t\t\t\t\t<img fetchpriority=\"high\" decoding=\"async\" width=\"696\" height=\"392\" src=\"https:\/\/pc.sc.gov.br\/\/wp-content\/uploads\/2024\/02\/WhatsApp-Image-2024-02-07-at-16.38.54-e1707334931166-1024x576.jpeg\" class=\"attachment-large size-large wp-image-17245\" alt=\"\" srcset=\"https:\/\/pc.sc.gov.br\/\/wp-content\/uploads\/2024\/02\/WhatsApp-Image-2024-02-07-at-16.38.54-e1707334931166-1024x576.jpeg 1024w, https:\/\/pc.sc.gov.br\/\/wp-content\/uploads\/2024\/02\/WhatsApp-Image-2024-02-07-at-16.38.54-e1707334931166-300x169.jpeg 300w, https:\/\/pc.sc.gov.br\/\/wp-content\/uploads\/2024\/02\/WhatsApp-Image-2024-02-07-at-16.38.54-e1707334931166-768x432.jpeg 768w, https:\/\/pc.sc.gov.br\/\/wp-content\/uploads\/2024\/02\/WhatsApp-Image-2024-02-07-at-16.38.54-e1707334931166.jpeg 1280w\" sizes=\"(max-width: 696px) 100vw, 696px\" \/>\t\t\t\t\t\t\t\t\t\t\t\t\t\t\t<\/div>\n\t\t\t\t<\/div>\n\t\t\t\t\t<\/div>\n\t\t<\/div>\n\t\t\t\t\t<\/div>\n\t\t<\/section>\n\t\t\t\t<section class=\"elementor-section elementor-top-section elementor-element elementor-element-cdd894c elementor-section-boxed elementor-section-height-default elementor-section-height-default\" data-id=\"cdd894c\" data-element_type=\"section\">\n\t\t\t\t\t\t<div class=\"elementor-container elementor-column-gap-default\">\n\t\t\t\t\t<div class=\"elementor-column elementor-col-100 elementor-top-column elementor-element elementor-element-de22e74\" data-id=\"de22e74\" data-element_type=\"column\">\n\t\t\t<div class=\"elementor-widget-wrap elementor-element-populated\">\n\t\t\t\t\t\t<div class=\"elementor-element elementor-element-0277aa6 elementor-widget elementor-widget-text-editor\" data-id=\"0277aa6\" data-element_type=\"widget\" data-widget_type=\"text-editor.default\">\n\t\t\t\t<div class=\"elementor-widget-container\">\n\t\t\t\t\t\t\t\t\t<p>No s\u00e1bado (3), a Pol\u00edcia Civil de Santa Catarina, por meio da Central Regional de Plant\u00e3o Policial de Balne\u00e1rio Pi\u00e7arras, indiciou um homem de nacionalidade argentina pelo crime de homic\u00eddio de outro homem em Penha. As dilig\u00eancias foram realizadas pelos policiais da Opera\u00e7\u00e3o Esta\u00e7\u00e3o Ver\u00e3o, coordenados pelo delegado Rafael Lorencetti.<\/p>\n<p>O suposto autor do crime j\u00e1 havia sido preso em flagrante pela Pol\u00edcia Militar de Penha por dano ao patrim\u00f4nio p\u00fablico, pois ele teria causado dano \u00e0 viatura da guarni\u00e7\u00e3o da PM e ficado exaltado ao ser perguntando sobre uma suposta discuss\u00e3o que ele teria tido com a suposta v\u00edtima do crime.<span style=\"font-family: var( --e-global-typography-primary-font-family ), Sans-serif; font-size: var( --e-global-typography-primary-font-size ); font-weight: var( --e-global-typography-primary-font-weight ); letter-spacing: var( --e-global-typography-primary-letter-spacing );\">&nbsp;<\/span><\/p>\n<p><b>Entenda o caso<\/b><\/p>\n<p>Na sexta-feira (2), as pol\u00edcias Civil e Militar e o Corpo de Bombeiros foram acionados para irem at\u00e9 o bairro S\u00e3o Nicolau, em Penha, local onde teria ocorrido o inc\u00eandio de um dep\u00f3sito, que ficou totalmente destru\u00eddo. O homem que estava cuidando do dep\u00f3sito n\u00e3o foi encontrado, mas testemunhas relataram que teria ocorrido uma discuss\u00e3o entre o homem que estava no local e um homem de nacionalidade argentina.<span style=\"font-family: var( --e-global-typography-primary-font-family ), Sans-serif; font-size: var( --e-global-typography-primary-font-size ); font-weight: var( --e-global-typography-primary-font-weight ); letter-spacing: var( --e-global-typography-primary-letter-spacing );\">&nbsp;<\/span><\/p>\n<p>Ao ser perguntado sobre a suposta discuss\u00e3o, o homem argentino ficou exaltado, chegando a causar dano \u00e0 viatura da Pol\u00edcia Militar. Por esse motivo, ele foi conduzido para a delegacia, sendo autuado em flagrante por dano ao patrim\u00f4nio p\u00fablico.<span style=\"font-family: var( --e-global-typography-primary-font-family ), Sans-serif; font-size: var( --e-global-typography-primary-font-size ); font-weight: var( --e-global-typography-primary-font-weight ); letter-spacing: var( --e-global-typography-primary-letter-spacing );\">&nbsp;<\/span><\/p>\n<p>Na manh\u00e3 do s\u00e1bado (3), o cad\u00e1ver da v\u00edtima foi encontrado e a Pol\u00edcia Civil come\u00e7ou a diligenciar para esclarecer a morte. Ap\u00f3s a oitiva de diversas testemunhas foi poss\u00edvel constatar que o homem de origem argentina foi o suposto autor do inc\u00eandio que vitimou o homem que estava no dep\u00f3sito.<\/p>\n<p>Dessa forma, a Pol\u00edcia Civil de Santa Catarina pediu pela pris\u00e3o do suposto autor e teve o pedido deferido pelo Poder Judici\u00e1rio. Sendo assim, a crime de homic\u00eddio foi acrescentado \u00e0 pris\u00e3o em flagrante, que foi convertida em preventiva.<span style=\"font-family: var( --e-global-typography-primary-font-family ), Sans-serif; font-size: var( --e-global-typography-primary-font-size ); font-weight: var( --e-global-typography-primary-font-weight ); letter-spacing: var( --e-global-typography-primary-letter-spacing );\">&nbsp;<\/span><\/p>\n<p>O homem foi encaminhado ao Sistema Prisional e segue \u00e0 disposi\u00e7\u00e3o da Justi\u00e7a. A confirma\u00e7\u00e3o da identidade da v\u00edtima do crime aguarda laudo pericial da Pol\u00edcia Cient\u00edfica.<\/p>\t\t\t\t\t\t\t\t<\/div>\n\t\t\t\t<\/div>\n\t\t\t\t\t<\/div>\n\t\t<\/div>\n\t\t\t\t\t<\/div>\n\t\t<\/section>\n\t\t\t\t<\/div>\n\t\t","protected":false},"excerpt":{"rendered":"<p>Pol\u00edcia Civil pede pris\u00e3o e identifica autor de inc\u00eandio que vitimou homem em Penha No s\u00e1bado (3), a Pol\u00edcia Civil de Santa Catarina, por meio da Central Regional de Plant\u00e3o Policial de Balne\u00e1rio Pi\u00e7arras, indiciou um homem de nacionalidade argentina pelo crime de homic\u00eddio de outro homem em Penha. As dilig\u00eancias foram realizadas pelos policiais [&hellip;]<\/p>\n","protected":false},"author":5,"featured_media":17245,"comment_status":"closed","ping_status":"open","sticky":false,"template":"","format":"standard","meta":{"_monsterinsights_skip_tracking":false,"_monsterinsights_sitenote_active":false,"_monsterinsights_sitenote_note":"","_monsterinsights_sitenote_category":0,"footnotes":""},"categories":[1],"tags":[],"class_list":["post-17244","post","type-post","status-publish","format-standard","has-post-thumbnail","hentry","category-sem-categoria"],"_links":{"self":[{"href":"https:\/\/pc.sc.gov.br\/index.php?rest_route=\/wp\/v2\/posts\/17244","targetHints":{"allow":["GET"]}}],"collection":[{"href":"https:\/\/pc.sc.gov.br\/index.php?rest_route=\/wp\/v2\/posts"}],"about":[{"href":"https:\/\/pc.sc.gov.br\/index.php?rest_route=\/wp\/v2\/types\/post"}],"author":[{"embeddable":true,"href":"https:\/\/pc.sc.gov.br\/index.php?rest_route=\/wp\/v2\/users\/5"}],"replies":[{"embeddable":true,"href":"https:\/\/pc.sc.gov.br\/index.php?rest_route=%2Fwp%2Fv2%2Fcomments&post=17244"}],"version-history":[{"count":7,"href":"https:\/\/pc.sc.gov.br\/index.php?rest_route=\/wp\/v2\/posts\/17244\/revisions"}],"predecessor-version":[{"id":17252,"href":"https:\/\/pc.sc.gov.br\/index.php?rest_route=\/wp\/v2\/posts\/17244\/revisions\/17252"}],"wp:featuredmedia":[{"embeddable":true,"href":"https:\/\/pc.sc.gov.br\/index.php?rest_route=\/wp\/v2\/media\/17245"}],"wp:attachment":[{"href":"https:\/\/pc.sc.gov.br\/index.php?rest_route=%2Fwp%2Fv2%2Fmedia&parent=17244"}],"wp:term":[{"taxonomy":"category","embeddable":true,"href":"https:\/\/pc.sc.gov.br\/index.php?rest_route=%2Fwp%2Fv2%2Fcategories&post=17244"},{"taxonomy":"post_tag","embeddable":true,"href":"https:\/\/pc.sc.gov.br\/index.php?rest_route=%2Fwp%2Fv2%2Ftags&post=17244"}],"curies":[{"name":"wp","href":"https:\/\/api.w.org\/{rel}","templated":true}]}}