{"id":17272,"date":"2024-02-07T18:14:09","date_gmt":"2024-02-07T21:14:09","guid":{"rendered":"https:\/\/pc.sc.gov.br\/?p=17272"},"modified":"2024-02-07T18:15:04","modified_gmt":"2024-02-07T21:15:04","slug":"policia-civil-prende-homem-por-trafico-de-drogas-e-associacao-para-o-trafico-em-araquari","status":"publish","type":"post","link":"https:\/\/pc.sc.gov.br\/?p=17272","title":{"rendered":"Pol\u00edcia Civil prende homem por tr\u00e1fico de drogas e associa\u00e7\u00e3o para o tr\u00e1fico em Araquari"},"content":{"rendered":"\t\t<div data-elementor-type=\"wp-post\" data-elementor-id=\"17272\" class=\"elementor elementor-17272\" data-elementor-post-type=\"post\">\n\t\t\t\t\t\t<section class=\"elementor-section elementor-top-section elementor-element elementor-element-c9a296d elementor-section-boxed elementor-section-height-default elementor-section-height-default\" data-id=\"c9a296d\" data-element_type=\"section\">\n\t\t\t\t\t\t<div class=\"elementor-container elementor-column-gap-default\">\n\t\t\t\t\t<div class=\"elementor-column elementor-col-100 elementor-top-column elementor-element elementor-element-666e1b8\" data-id=\"666e1b8\" data-element_type=\"column\">\n\t\t\t<div class=\"elementor-widget-wrap elementor-element-populated\">\n\t\t\t\t\t\t<div class=\"elementor-element elementor-element-4ebda5f elementor-widget elementor-widget-heading\" data-id=\"4ebda5f\" data-element_type=\"widget\" data-widget_type=\"heading.default\">\n\t\t\t\t<div class=\"elementor-widget-container\">\n\t\t\t\t\t<h2 class=\"elementor-heading-title elementor-size-default\">Pol\u00edcia Civil prende homem por tr\u00e1fico de drogas e associa\u00e7\u00e3o para o tr\u00e1fico em Araquari<\/h2>\t\t\t\t<\/div>\n\t\t\t\t<\/div>\n\t\t\t\t<div class=\"elementor-element elementor-element-e69b1e0 elementor-widget elementor-widget-image\" data-id=\"e69b1e0\" data-element_type=\"widget\" data-widget_type=\"image.default\">\n\t\t\t\t<div class=\"elementor-widget-container\">\n\t\t\t\t\t\t\t\t\t\t\t\t\t\t\t<img fetchpriority=\"high\" decoding=\"async\" width=\"696\" height=\"392\" src=\"https:\/\/pc.sc.gov.br\/\/wp-content\/uploads\/2024\/02\/WhatsApp-Image-2024-02-07-at-17.50.53-1-1024x576.jpeg\" class=\"attachment-large size-large wp-image-17273\" alt=\"\" \/>\t\t\t\t\t\t\t\t\t\t\t\t\t\t\t<\/div>\n\t\t\t\t<\/div>\n\t\t\t\t\t<\/div>\n\t\t<\/div>\n\t\t\t\t\t<\/div>\n\t\t<\/section>\n\t\t\t\t<section class=\"elementor-section elementor-top-section elementor-element elementor-element-b9df221 elementor-section-boxed elementor-section-height-default elementor-section-height-default\" data-id=\"b9df221\" data-element_type=\"section\">\n\t\t\t\t\t\t<div class=\"elementor-container elementor-column-gap-default\">\n\t\t\t\t\t<div class=\"elementor-column elementor-col-100 elementor-top-column elementor-element elementor-element-69051a5\" data-id=\"69051a5\" data-element_type=\"column\">\n\t\t\t<div class=\"elementor-widget-wrap elementor-element-populated\">\n\t\t\t\t\t\t<div class=\"elementor-element elementor-element-82755f0 elementor-widget elementor-widget-text-editor\" data-id=\"82755f0\" data-element_type=\"widget\" data-widget_type=\"text-editor.default\">\n\t\t\t\t<div class=\"elementor-widget-container\">\n\t\t\t\t\t\t\t\t\t<p>Nesta quarta-feira (7), a Pol\u00edcia Civil de Santa Catarina, por meio da Delegacia de Pol\u00edcia de Araquari, que conta com o trabalho dos policiais civis integrantes da opera\u00e7\u00e3o \u201cEsta\u00e7\u00e3o Ver\u00e3o\u201d, cumpriu mandado de pris\u00e3o definitiva, expedido pela Vara Criminal de S\u00e3o Francisco do Sul, em desfavor de um homem, no bairro Itinga, em Araquari. A equipe, ap\u00f3s identificar o paradeiro do homem, logrou \u00eaxito em prend\u00ea-lo, ap\u00f3s tentar ele ter tentado fugir pelos fundos da casa.<\/p>\t\t\t\t\t\t\t\t<\/div>\n\t\t\t\t<\/div>\n\t\t\t\t\t<\/div>\n\t\t<\/div>\n\t\t\t\t\t<\/div>\n\t\t<\/section>\n\t\t\t\t<\/div>\n\t\t","protected":false},"excerpt":{"rendered":"<p>Pol\u00edcia Civil prende homem por tr\u00e1fico de drogas e associa\u00e7\u00e3o para o tr\u00e1fico em Araquari Nesta quarta-feira (7), a Pol\u00edcia Civil de Santa Catarina, por meio da Delegacia de Pol\u00edcia de Araquari, que conta com o trabalho dos policiais civis integrantes da opera\u00e7\u00e3o \u201cEsta\u00e7\u00e3o Ver\u00e3o\u201d, cumpriu mandado de pris\u00e3o definitiva, expedido pela Vara Criminal de [&hellip;]<\/p>\n","protected":false},"author":5,"featured_media":17273,"comment_status":"closed","ping_status":"open","sticky":false,"template":"","format":"standard","meta":{"_monsterinsights_skip_tracking":false,"_monsterinsights_sitenote_active":false,"_monsterinsights_sitenote_note":"","_monsterinsights_sitenote_category":0,"footnotes":""},"categories":[1],"tags":[],"class_list":["post-17272","post","type-post","status-publish","format-standard","has-post-thumbnail","hentry","category-sem-categoria"],"_links":{"self":[{"href":"https:\/\/pc.sc.gov.br\/index.php?rest_route=\/wp\/v2\/posts\/17272","targetHints":{"allow":["GET"]}}],"collection":[{"href":"https:\/\/pc.sc.gov.br\/index.php?rest_route=\/wp\/v2\/posts"}],"about":[{"href":"https:\/\/pc.sc.gov.br\/index.php?rest_route=\/wp\/v2\/types\/post"}],"author":[{"embeddable":true,"href":"https:\/\/pc.sc.gov.br\/index.php?rest_route=\/wp\/v2\/users\/5"}],"replies":[{"embeddable":true,"href":"https:\/\/pc.sc.gov.br\/index.php?rest_route=%2Fwp%2Fv2%2Fcomments&post=17272"}],"version-history":[{"count":4,"href":"https:\/\/pc.sc.gov.br\/index.php?rest_route=\/wp\/v2\/posts\/17272\/revisions"}],"predecessor-version":[{"id":17277,"href":"https:\/\/pc.sc.gov.br\/index.php?rest_route=\/wp\/v2\/posts\/17272\/revisions\/17277"}],"wp:featuredmedia":[{"embeddable":true,"href":"https:\/\/pc.sc.gov.br\/index.php?rest_route=\/wp\/v2\/media\/17273"}],"wp:attachment":[{"href":"https:\/\/pc.sc.gov.br\/index.php?rest_route=%2Fwp%2Fv2%2Fmedia&parent=17272"}],"wp:term":[{"taxonomy":"category","embeddable":true,"href":"https:\/\/pc.sc.gov.br\/index.php?rest_route=%2Fwp%2Fv2%2Fcategories&post=17272"},{"taxonomy":"post_tag","embeddable":true,"href":"https:\/\/pc.sc.gov.br\/index.php?rest_route=%2Fwp%2Fv2%2Ftags&post=17272"}],"curies":[{"name":"wp","href":"https:\/\/api.w.org\/{rel}","templated":true}]}}