{"id":17278,"date":"2024-02-07T18:47:41","date_gmt":"2024-02-07T21:47:41","guid":{"rendered":"https:\/\/pc.sc.gov.br\/?p=17278"},"modified":"2024-02-07T18:48:28","modified_gmt":"2024-02-07T21:48:28","slug":"investigacao-da-pcsc-resulta-em-condenacao-de-dois-acusados-a-um-total-de-30-anos-de-prisao-por-homicidio-ocorrido-em-2022-em-sao-bento-do-sul","status":"publish","type":"post","link":"https:\/\/pc.sc.gov.br\/?p=17278","title":{"rendered":"Investiga\u00e7\u00e3o da PCSC resulta em condena\u00e7\u00e3o de dois acusados a um total de 30 anos de pris\u00e3o por homic\u00eddio ocorrido em 2022 em S\u00e3o Bento do Sul"},"content":{"rendered":"\t\t<div data-elementor-type=\"wp-post\" data-elementor-id=\"17278\" class=\"elementor elementor-17278\" data-elementor-post-type=\"post\">\n\t\t\t\t\t\t<section class=\"elementor-section elementor-top-section elementor-element elementor-element-e56fc27 elementor-section-boxed elementor-section-height-default elementor-section-height-default\" data-id=\"e56fc27\" data-element_type=\"section\">\n\t\t\t\t\t\t<div class=\"elementor-container elementor-column-gap-default\">\n\t\t\t\t\t<div class=\"elementor-column elementor-col-100 elementor-top-column elementor-element elementor-element-5753523\" data-id=\"5753523\" data-element_type=\"column\">\n\t\t\t<div class=\"elementor-widget-wrap elementor-element-populated\">\n\t\t\t\t\t\t<div class=\"elementor-element elementor-element-408faef elementor-widget elementor-widget-heading\" data-id=\"408faef\" data-element_type=\"widget\" data-widget_type=\"heading.default\">\n\t\t\t\t<div class=\"elementor-widget-container\">\n\t\t\t\t\t<h2 class=\"elementor-heading-title elementor-size-default\">Investiga\u00e7\u00e3o da PCSC resulta em condena\u00e7\u00e3o de dois acusados a um total de 30 anos de pris\u00e3o por homic\u00eddio ocorrido em 2022 em S\u00e3o Bento do Sul<\/h2>\t\t\t\t<\/div>\n\t\t\t\t<\/div>\n\t\t\t\t\t<\/div>\n\t\t<\/div>\n\t\t\t\t\t<\/div>\n\t\t<\/section>\n\t\t\t\t<section class=\"elementor-section elementor-top-section elementor-element elementor-element-3c8279b elementor-section-boxed elementor-section-height-default elementor-section-height-default\" data-id=\"3c8279b\" data-element_type=\"section\">\n\t\t\t\t\t\t<div class=\"elementor-container elementor-column-gap-default\">\n\t\t\t\t\t<div class=\"elementor-column elementor-col-100 elementor-top-column elementor-element elementor-element-8a19f42\" data-id=\"8a19f42\" data-element_type=\"column\">\n\t\t\t<div class=\"elementor-widget-wrap elementor-element-populated\">\n\t\t\t\t\t\t<div class=\"elementor-element elementor-element-40b872e elementor-widget elementor-widget-image\" data-id=\"40b872e\" data-element_type=\"widget\" data-widget_type=\"image.default\">\n\t\t\t\t<div class=\"elementor-widget-container\">\n\t\t\t\t\t\t\t\t\t\t\t\t\t\t\t<img fetchpriority=\"high\" decoding=\"async\" width=\"696\" height=\"338\" src=\"https:\/\/pc.sc.gov.br\/\/wp-content\/uploads\/2024\/02\/WhatsApp-Image-2024-02-07-at-14.56.51-1-1024x498.jpeg\" class=\"attachment-large size-large wp-image-17279\" alt=\"\" srcset=\"https:\/\/pc.sc.gov.br\/\/wp-content\/uploads\/2024\/02\/WhatsApp-Image-2024-02-07-at-14.56.51-1-1024x498.jpeg 1024w, https:\/\/pc.sc.gov.br\/\/wp-content\/uploads\/2024\/02\/WhatsApp-Image-2024-02-07-at-14.56.51-1-300x146.jpeg 300w, https:\/\/pc.sc.gov.br\/\/wp-content\/uploads\/2024\/02\/WhatsApp-Image-2024-02-07-at-14.56.51-1-768x373.jpeg 768w, https:\/\/pc.sc.gov.br\/\/wp-content\/uploads\/2024\/02\/WhatsApp-Image-2024-02-07-at-14.56.51-1.jpeg 1280w\" sizes=\"(max-width: 696px) 100vw, 696px\" \/>\t\t\t\t\t\t\t\t\t\t\t\t\t\t\t<\/div>\n\t\t\t\t<\/div>\n\t\t\t\t\t<\/div>\n\t\t<\/div>\n\t\t\t\t\t<\/div>\n\t\t<\/section>\n\t\t\t\t<section class=\"elementor-section elementor-top-section elementor-element elementor-element-fe6849a elementor-section-boxed elementor-section-height-default elementor-section-height-default\" data-id=\"fe6849a\" data-element_type=\"section\">\n\t\t\t\t\t\t<div class=\"elementor-container elementor-column-gap-default\">\n\t\t\t\t\t<div class=\"elementor-column elementor-col-100 elementor-top-column elementor-element elementor-element-0d226e6\" data-id=\"0d226e6\" data-element_type=\"column\">\n\t\t\t<div class=\"elementor-widget-wrap elementor-element-populated\">\n\t\t\t\t\t\t<div class=\"elementor-element elementor-element-77a1c85 elementor-widget elementor-widget-text-editor\" data-id=\"77a1c85\" data-element_type=\"widget\" data-widget_type=\"text-editor.default\">\n\t\t\t\t<div class=\"elementor-widget-container\">\n\t\t\t\t\t\t\t\t\t<p>Na \u00faltima segunda-feira (5), a Justi\u00e7a emitiu a senten\u00e7a condenat\u00f3ria em primeira inst\u00e2ncia para dois homens acusados do crime de homic\u00eddio com agravantes ocorrido na madrugada do dia 13\/05\/2022, quando a v\u00edtima, um rapaz de 22 anos, foi executada com tr\u00eas tiros pelas costas e abandonado em um local de mata no bairro Rio Vermelho, em S\u00e3o Bento do Sul.<\/p><p>A investiga\u00e7\u00e3o revelou que a v\u00edtima foi seduzida e atra\u00edda por um falso perfil de uma suposta mulher, criado pelos autores do homic\u00eddio. Tamb\u00e9m demonstrou que eles haviam compartilhado entre si um v\u00eddeo que registrou a morte da v\u00edtima, evidenciando a natureza cruel do crime.<\/p><p>O conjunto probat\u00f3rio coletado pela Pol\u00edcia Civil de S\u00e3o Bento do Sul forneceu uma base s\u00f3lida para o veredicto da Justi\u00e7a, que resultou na condena\u00e7\u00e3o dos criminosos a 14 e 16 anos de pris\u00e3o em regime fechado, respectivamente. A senten\u00e7a condenat\u00f3ria emitida pela Justi\u00e7a reflete a gravidade desse ato e oferece um vislumbre de justi\u00e7a para a fam\u00edlia da v\u00edtima e toda a comunidade.<\/p><p>A decis\u00e3o marca um passo significativo rumo \u00e0 presta\u00e7\u00e3o de contas por esse ato vil e reafirma o compromisso da Pol\u00edcia Civil e demais entes de persecu\u00e7\u00e3o penal em combater crimes hediondos com determina\u00e7\u00e3o e rigor em nossa comunidade.<\/p>\t\t\t\t\t\t\t\t<\/div>\n\t\t\t\t<\/div>\n\t\t\t\t\t<\/div>\n\t\t<\/div>\n\t\t\t\t\t<\/div>\n\t\t<\/section>\n\t\t\t\t<\/div>\n\t\t","protected":false},"excerpt":{"rendered":"<p>Investiga\u00e7\u00e3o da PCSC resulta em condena\u00e7\u00e3o de dois acusados a um total de 30 anos de pris\u00e3o por homic\u00eddio ocorrido em 2022 em S\u00e3o Bento do Sul Na \u00faltima segunda-feira (5), a Justi\u00e7a emitiu a senten\u00e7a condenat\u00f3ria em primeira inst\u00e2ncia para dois homens acusados do crime de homic\u00eddio com agravantes ocorrido na madrugada do dia [&hellip;]<\/p>\n","protected":false},"author":5,"featured_media":17279,"comment_status":"closed","ping_status":"open","sticky":false,"template":"","format":"standard","meta":{"_monsterinsights_skip_tracking":false,"_monsterinsights_sitenote_active":false,"_monsterinsights_sitenote_note":"","_monsterinsights_sitenote_category":0,"footnotes":""},"categories":[1],"tags":[],"class_list":["post-17278","post","type-post","status-publish","format-standard","has-post-thumbnail","hentry","category-sem-categoria"],"_links":{"self":[{"href":"https:\/\/pc.sc.gov.br\/index.php?rest_route=\/wp\/v2\/posts\/17278","targetHints":{"allow":["GET"]}}],"collection":[{"href":"https:\/\/pc.sc.gov.br\/index.php?rest_route=\/wp\/v2\/posts"}],"about":[{"href":"https:\/\/pc.sc.gov.br\/index.php?rest_route=\/wp\/v2\/types\/post"}],"author":[{"embeddable":true,"href":"https:\/\/pc.sc.gov.br\/index.php?rest_route=\/wp\/v2\/users\/5"}],"replies":[{"embeddable":true,"href":"https:\/\/pc.sc.gov.br\/index.php?rest_route=%2Fwp%2Fv2%2Fcomments&post=17278"}],"version-history":[{"count":4,"href":"https:\/\/pc.sc.gov.br\/index.php?rest_route=\/wp\/v2\/posts\/17278\/revisions"}],"predecessor-version":[{"id":17283,"href":"https:\/\/pc.sc.gov.br\/index.php?rest_route=\/wp\/v2\/posts\/17278\/revisions\/17283"}],"wp:featuredmedia":[{"embeddable":true,"href":"https:\/\/pc.sc.gov.br\/index.php?rest_route=\/wp\/v2\/media\/17279"}],"wp:attachment":[{"href":"https:\/\/pc.sc.gov.br\/index.php?rest_route=%2Fwp%2Fv2%2Fmedia&parent=17278"}],"wp:term":[{"taxonomy":"category","embeddable":true,"href":"https:\/\/pc.sc.gov.br\/index.php?rest_route=%2Fwp%2Fv2%2Fcategories&post=17278"},{"taxonomy":"post_tag","embeddable":true,"href":"https:\/\/pc.sc.gov.br\/index.php?rest_route=%2Fwp%2Fv2%2Ftags&post=17278"}],"curies":[{"name":"wp","href":"https:\/\/api.w.org\/{rel}","templated":true}]}}