{"id":17284,"date":"2024-02-07T19:10:54","date_gmt":"2024-02-07T22:10:54","guid":{"rendered":"https:\/\/pc.sc.gov.br\/?p=17284"},"modified":"2024-02-07T19:11:39","modified_gmt":"2024-02-07T22:11:39","slug":"policia-civil-prende-homem-em-flagrante-por-trafico-de-drogas-em-curitibanos","status":"publish","type":"post","link":"https:\/\/pc.sc.gov.br\/?p=17284","title":{"rendered":"Pol\u00edcia Civil prende homem em flagrante por tr\u00e1fico de drogas em Curitibanos"},"content":{"rendered":"\t\t<div data-elementor-type=\"wp-post\" data-elementor-id=\"17284\" class=\"elementor elementor-17284\" data-elementor-post-type=\"post\">\n\t\t\t\t\t\t<section class=\"elementor-section elementor-top-section elementor-element elementor-element-b420227 elementor-section-boxed elementor-section-height-default elementor-section-height-default\" data-id=\"b420227\" data-element_type=\"section\">\n\t\t\t\t\t\t<div class=\"elementor-container elementor-column-gap-default\">\n\t\t\t\t\t<div class=\"elementor-column elementor-col-100 elementor-top-column elementor-element elementor-element-2c86893\" data-id=\"2c86893\" data-element_type=\"column\">\n\t\t\t<div class=\"elementor-widget-wrap elementor-element-populated\">\n\t\t\t\t\t\t<div class=\"elementor-element elementor-element-f1634cc elementor-widget elementor-widget-heading\" data-id=\"f1634cc\" data-element_type=\"widget\" data-widget_type=\"heading.default\">\n\t\t\t\t<div class=\"elementor-widget-container\">\n\t\t\t\t\t<h2 class=\"elementor-heading-title elementor-size-default\">Pol\u00edcia Civil prende homem em flagrante por tr\u00e1fico de drogas em Curitibanos<\/h2>\t\t\t\t<\/div>\n\t\t\t\t<\/div>\n\t\t\t\t\t<\/div>\n\t\t<\/div>\n\t\t\t\t\t<\/div>\n\t\t<\/section>\n\t\t\t\t<section class=\"elementor-section elementor-top-section elementor-element elementor-element-03d5ec2 elementor-section-boxed elementor-section-height-default elementor-section-height-default\" data-id=\"03d5ec2\" data-element_type=\"section\">\n\t\t\t\t\t\t<div class=\"elementor-container elementor-column-gap-default\">\n\t\t\t\t\t<div class=\"elementor-column elementor-col-100 elementor-top-column elementor-element elementor-element-3b63afb\" data-id=\"3b63afb\" data-element_type=\"column\">\n\t\t\t<div class=\"elementor-widget-wrap elementor-element-populated\">\n\t\t\t\t\t\t<div class=\"elementor-element elementor-element-e116199 elementor-widget elementor-widget-image\" data-id=\"e116199\" data-element_type=\"widget\" data-widget_type=\"image.default\">\n\t\t\t\t<div class=\"elementor-widget-container\">\n\t\t\t\t\t\t\t\t\t\t\t\t\t\t\t<img fetchpriority=\"high\" decoding=\"async\" width=\"696\" height=\"788\" src=\"https:\/\/pc.sc.gov.br\/\/wp-content\/uploads\/2024\/02\/WhatsApp-Image-2024-02-07-at-19.07.55-904x1024.jpeg\" class=\"attachment-large size-large wp-image-17285\" alt=\"\" srcset=\"https:\/\/pc.sc.gov.br\/\/wp-content\/uploads\/2024\/02\/WhatsApp-Image-2024-02-07-at-19.07.55-904x1024.jpeg 904w, https:\/\/pc.sc.gov.br\/\/wp-content\/uploads\/2024\/02\/WhatsApp-Image-2024-02-07-at-19.07.55-265x300.jpeg 265w, https:\/\/pc.sc.gov.br\/\/wp-content\/uploads\/2024\/02\/WhatsApp-Image-2024-02-07-at-19.07.55-768x870.jpeg 768w, https:\/\/pc.sc.gov.br\/\/wp-content\/uploads\/2024\/02\/WhatsApp-Image-2024-02-07-at-19.07.55-1356x1536.jpeg 1356w, https:\/\/pc.sc.gov.br\/\/wp-content\/uploads\/2024\/02\/WhatsApp-Image-2024-02-07-at-19.07.55.jpeg 1413w\" sizes=\"(max-width: 696px) 100vw, 696px\" \/>\t\t\t\t\t\t\t\t\t\t\t\t\t\t\t<\/div>\n\t\t\t\t<\/div>\n\t\t\t\t\t<\/div>\n\t\t<\/div>\n\t\t\t\t\t<\/div>\n\t\t<\/section>\n\t\t\t\t<section class=\"elementor-section elementor-top-section elementor-element elementor-element-28bda33 elementor-section-boxed elementor-section-height-default elementor-section-height-default\" data-id=\"28bda33\" data-element_type=\"section\">\n\t\t\t\t\t\t<div class=\"elementor-container elementor-column-gap-default\">\n\t\t\t\t\t<div class=\"elementor-column elementor-col-100 elementor-top-column elementor-element elementor-element-65640d8\" data-id=\"65640d8\" data-element_type=\"column\">\n\t\t\t<div class=\"elementor-widget-wrap elementor-element-populated\">\n\t\t\t\t\t\t<div class=\"elementor-element elementor-element-2410a12 elementor-widget elementor-widget-text-editor\" data-id=\"2410a12\" data-element_type=\"widget\" data-widget_type=\"text-editor.default\">\n\t\t\t\t<div class=\"elementor-widget-container\">\n\t\t\t\t\t\t\t\t\t<p>Nesta quarta-feira (7), a Pol\u00edcia Civil de Santa Catarina, por meio da Divis\u00e3o de Investiga\u00e7\u00e3o Criminal de Curitibanos (DIC), com apoio de policiais das demais Delegacias da Regional, cumpriu mandado de busca e apreens\u00e3o em resid\u00eancia localizada no bairro Bom Jesus, em Curitibanos.<\/p><p>Durante as buscas no im\u00f3vel, foi encontrada certa quantidade de drogas, balan\u00e7a de precis\u00e3o e dinheiro, motivo pelo qual o propriet\u00e1rio foi preso em flagrante delito. Ele j\u00e1 era investigado pela DIC desde dezembro do ano passado, como suspeito de ser um dos principais vendedores de drogas no bairro mencionado.<\/p><p>Ap\u00f3s a formaliza\u00e7\u00e3o de sua pris\u00e3o e realiza\u00e7\u00e3o de seu interrogat\u00f3rio, o preso foi encaminhado ao Sistema Prisional, devendo passar por audi\u00eancia de cust\u00f3dia na quinta-feira (8).<\/p>\t\t\t\t\t\t\t\t<\/div>\n\t\t\t\t<\/div>\n\t\t\t\t\t<\/div>\n\t\t<\/div>\n\t\t\t\t\t<\/div>\n\t\t<\/section>\n\t\t\t\t<\/div>\n\t\t","protected":false},"excerpt":{"rendered":"<p>Pol\u00edcia Civil prende homem em flagrante por tr\u00e1fico de drogas em Curitibanos Nesta quarta-feira (7), a Pol\u00edcia Civil de Santa Catarina, por meio da Divis\u00e3o de Investiga\u00e7\u00e3o Criminal de Curitibanos (DIC), com apoio de policiais das demais Delegacias da Regional, cumpriu mandado de busca e apreens\u00e3o em resid\u00eancia localizada no bairro Bom Jesus, em Curitibanos. [&hellip;]<\/p>\n","protected":false},"author":5,"featured_media":17285,"comment_status":"closed","ping_status":"open","sticky":false,"template":"","format":"standard","meta":{"_monsterinsights_skip_tracking":false,"_monsterinsights_sitenote_active":false,"_monsterinsights_sitenote_note":"","_monsterinsights_sitenote_category":0,"footnotes":""},"categories":[1],"tags":[],"class_list":["post-17284","post","type-post","status-publish","format-standard","has-post-thumbnail","hentry","category-sem-categoria"],"_links":{"self":[{"href":"https:\/\/pc.sc.gov.br\/index.php?rest_route=\/wp\/v2\/posts\/17284","targetHints":{"allow":["GET"]}}],"collection":[{"href":"https:\/\/pc.sc.gov.br\/index.php?rest_route=\/wp\/v2\/posts"}],"about":[{"href":"https:\/\/pc.sc.gov.br\/index.php?rest_route=\/wp\/v2\/types\/post"}],"author":[{"embeddable":true,"href":"https:\/\/pc.sc.gov.br\/index.php?rest_route=\/wp\/v2\/users\/5"}],"replies":[{"embeddable":true,"href":"https:\/\/pc.sc.gov.br\/index.php?rest_route=%2Fwp%2Fv2%2Fcomments&post=17284"}],"version-history":[{"count":4,"href":"https:\/\/pc.sc.gov.br\/index.php?rest_route=\/wp\/v2\/posts\/17284\/revisions"}],"predecessor-version":[{"id":17289,"href":"https:\/\/pc.sc.gov.br\/index.php?rest_route=\/wp\/v2\/posts\/17284\/revisions\/17289"}],"wp:featuredmedia":[{"embeddable":true,"href":"https:\/\/pc.sc.gov.br\/index.php?rest_route=\/wp\/v2\/media\/17285"}],"wp:attachment":[{"href":"https:\/\/pc.sc.gov.br\/index.php?rest_route=%2Fwp%2Fv2%2Fmedia&parent=17284"}],"wp:term":[{"taxonomy":"category","embeddable":true,"href":"https:\/\/pc.sc.gov.br\/index.php?rest_route=%2Fwp%2Fv2%2Fcategories&post=17284"},{"taxonomy":"post_tag","embeddable":true,"href":"https:\/\/pc.sc.gov.br\/index.php?rest_route=%2Fwp%2Fv2%2Ftags&post=17284"}],"curies":[{"name":"wp","href":"https:\/\/api.w.org\/{rel}","templated":true}]}}