{"id":17290,"date":"2024-02-08T16:13:25","date_gmt":"2024-02-08T19:13:25","guid":{"rendered":"https:\/\/pc.sc.gov.br\/?p=17290"},"modified":"2024-02-08T18:08:46","modified_gmt":"2024-02-08T21:08:46","slug":"policia-civil-realiza-operacao-em-combate-a-pirataria-e-a-comercializacao-indevida-de-produtos-na-capital","status":"publish","type":"post","link":"https:\/\/pc.sc.gov.br\/?p=17290","title":{"rendered":"Pol\u00edcia Civil realiza opera\u00e7\u00e3o em combate \u00e0 \u201cpirataria\u201d e \u00e0 comercializa\u00e7\u00e3o indevida de produtos na Capital"},"content":{"rendered":"\t\t<div data-elementor-type=\"wp-post\" data-elementor-id=\"17290\" class=\"elementor elementor-17290\" data-elementor-post-type=\"post\">\n\t\t\t\t\t\t<section class=\"elementor-section elementor-top-section elementor-element elementor-element-90f3a3f elementor-section-boxed elementor-section-height-default elementor-section-height-default\" data-id=\"90f3a3f\" data-element_type=\"section\">\n\t\t\t\t\t\t<div class=\"elementor-container elementor-column-gap-default\">\n\t\t\t\t\t<div class=\"elementor-column elementor-col-100 elementor-top-column elementor-element elementor-element-46bb9bd\" data-id=\"46bb9bd\" data-element_type=\"column\">\n\t\t\t<div class=\"elementor-widget-wrap elementor-element-populated\">\n\t\t\t\t\t\t<div class=\"elementor-element elementor-element-568e355 elementor-widget elementor-widget-heading\" data-id=\"568e355\" data-element_type=\"widget\" data-widget_type=\"heading.default\">\n\t\t\t\t<div class=\"elementor-widget-container\">\n\t\t\t\t\t<h2 class=\"elementor-heading-title elementor-size-default\">Pol\u00edcia Civil realiza opera\u00e7\u00e3o em combate \u00e0 \u201cpirataria\u201d e \u00e0 comercializa\u00e7\u00e3o indevida de produtos na Capital<\/h2>\t\t\t\t<\/div>\n\t\t\t\t<\/div>\n\t\t\t\t\t<\/div>\n\t\t<\/div>\n\t\t\t\t\t<\/div>\n\t\t<\/section>\n\t\t\t\t<section class=\"elementor-section elementor-top-section elementor-element elementor-element-1adeded elementor-section-boxed elementor-section-height-default elementor-section-height-default\" data-id=\"1adeded\" data-element_type=\"section\">\n\t\t\t\t\t\t<div class=\"elementor-container elementor-column-gap-default\">\n\t\t\t\t\t<div class=\"elementor-column elementor-col-100 elementor-top-column elementor-element elementor-element-c38275f\" data-id=\"c38275f\" data-element_type=\"column\">\n\t\t\t<div class=\"elementor-widget-wrap elementor-element-populated\">\n\t\t\t\t\t\t<div class=\"elementor-element elementor-element-5e2d4e2 elementor-widget elementor-widget-image\" data-id=\"5e2d4e2\" data-element_type=\"widget\" data-widget_type=\"image.default\">\n\t\t\t\t<div class=\"elementor-widget-container\">\n\t\t\t\t\t\t\t\t\t\t\t\t\t\t\t<img fetchpriority=\"high\" decoding=\"async\" width=\"696\" height=\"313\" src=\"https:\/\/pc.sc.gov.br\/\/wp-content\/uploads\/2024\/02\/WhatsApp-Image-2024-02-08-at-11.17.49-1024x460.jpeg\" class=\"attachment-large size-large wp-image-17291\" alt=\"\" srcset=\"https:\/\/pc.sc.gov.br\/\/wp-content\/uploads\/2024\/02\/WhatsApp-Image-2024-02-08-at-11.17.49-1024x460.jpeg 1024w, https:\/\/pc.sc.gov.br\/\/wp-content\/uploads\/2024\/02\/WhatsApp-Image-2024-02-08-at-11.17.49-300x135.jpeg 300w, https:\/\/pc.sc.gov.br\/\/wp-content\/uploads\/2024\/02\/WhatsApp-Image-2024-02-08-at-11.17.49-768x345.jpeg 768w, https:\/\/pc.sc.gov.br\/\/wp-content\/uploads\/2024\/02\/WhatsApp-Image-2024-02-08-at-11.17.49-1536x690.jpeg 1536w, https:\/\/pc.sc.gov.br\/\/wp-content\/uploads\/2024\/02\/WhatsApp-Image-2024-02-08-at-11.17.49.jpeg 1600w\" sizes=\"(max-width: 696px) 100vw, 696px\" \/>\t\t\t\t\t\t\t\t\t\t\t\t\t\t\t<\/div>\n\t\t\t\t<\/div>\n\t\t\t\t\t<\/div>\n\t\t<\/div>\n\t\t\t\t\t<\/div>\n\t\t<\/section>\n\t\t\t\t<section class=\"elementor-section elementor-top-section elementor-element elementor-element-61dbfdd elementor-section-boxed elementor-section-height-default elementor-section-height-default\" data-id=\"61dbfdd\" data-element_type=\"section\">\n\t\t\t\t\t\t<div class=\"elementor-container elementor-column-gap-default\">\n\t\t\t\t\t<div class=\"elementor-column elementor-col-100 elementor-top-column elementor-element elementor-element-47945e2\" data-id=\"47945e2\" data-element_type=\"column\">\n\t\t\t<div class=\"elementor-widget-wrap elementor-element-populated\">\n\t\t\t\t\t\t<div class=\"elementor-element elementor-element-9d6dd9d elementor-widget elementor-widget-text-editor\" data-id=\"9d6dd9d\" data-element_type=\"widget\" data-widget_type=\"text-editor.default\">\n\t\t\t\t<div class=\"elementor-widget-container\">\n\t\t\t\t\t\t\t\t\t<p>Nesta quinta-feira (8), a Pol\u00edcia Civil de Santa Catarina, por meio da 7\u00aa Delegacia de Pol\u00edcia da Capital, deflagrou opera\u00e7\u00e3o de combate \u00e0 \u201cpirataria\u201d e \u00e0 comercializa\u00e7\u00e3o indevida de produtos do g\u00eanero aliment\u00edcio e bebidas alco\u00f3licas, em Canasveiras, no norte da Capital. Trata-se de uma for\u00e7a-tarefa com outros \u00f3rg\u00e3os p\u00fablicos, com a finalidade de coibir e reprimir essas condutas delituosas.<\/p>\n<p>A \u201cpirataria\u201d, al\u00e9m de caracterizar crime, financia outros delitos, provoca desemprego, destr\u00f3i neg\u00f3cios e reflete na arrecada\u00e7\u00e3o do Estado. N\u00e3o foram contabilizados todos os quantitativos dos resultados, mas foram apreendidos diversos objetos de \u201cpirataria\u201d, alimentos e carrinhos de ambulantes durante a opera\u00e7\u00e3o. Com rela\u00e7\u00e3o aos produtos falsificados, foram apreendidos milhares de produtos, totalizando mais de R$ 500 mil em apreens\u00f5es.<\/p>\n<p>\u201cEssa atua\u00e7\u00e3o de v\u00e1rios \u00f3rg\u00e3os contribui para a efici\u00eancia da fiscaliza\u00e7\u00e3o, pois h\u00e1 uma atua\u00e7\u00e3o completa, desde a atua\u00e7\u00e3o regular no com\u00e9rcio, que observa a quest\u00e3o tribut\u00e1ria, alvar\u00e1s, a regularidade sanit\u00e1ria, at\u00e9 a caracteriza\u00e7\u00e3o de crime contra o consumo, sa\u00fade p\u00fablica e direitos autorais\u201d, destaca a Diretora de Pol\u00edcia da Grande Florian\u00f3polis, delegada Michele Alves Correa Rebelo. &nbsp;<\/p>\n<p>A Pol\u00edcia Civil possui um conv\u00eanio firmado com a Prefeitura Municipal de Florian\u00f3polis, visando o fortalecimento das a\u00e7\u00f5es integradas de combate \u00e0 pirataria e com\u00e9rcio ambulante de mercadorias ilegais. Segundo a delegada Michele, ser\u00e3o executadas mais a\u00e7\u00f5es como essa, a fim de garantir que a popula\u00e7\u00e3o possa ter mais seguran\u00e7a quanto \u00e0 proced\u00eancia dos produtos que compra e consome.<\/p>\n<p>A a\u00e7\u00e3o contou com a atua\u00e7\u00e3o da Prefeitura Municipal de Florian\u00f3polis, por meio da Secretaria de Seguran\u00e7a e Ordem P\u00fablica, da Guarda Municipal, do SUSP, da Vigil\u00e2ncia Sanit\u00e1ria e do Conselho Estadual de Combate \u00e0 Pirataria e do IMETRO\/SC, ambos subordinado \u00e0 Secretaria de Estado da Ind\u00fastria, do Com\u00e9rcio e do Servi\u00e7o. Participaram da a\u00e7\u00e3o tamb\u00e9m a Secretaria da Fazenda Estadual, Procon Estadual e Municipal e o 21\u00b0 BPM da Pol\u00edcia Militar. A a\u00e7\u00e3o contou com o apoio da Coordenadoria de Opera\u00e7\u00f5es e Recursos Especiais da Pol\u00edcia Civil e do Conselho Tutelar.<\/p>\t\t\t\t\t\t\t\t<\/div>\n\t\t\t\t<\/div>\n\t\t\t\t\t<\/div>\n\t\t<\/div>\n\t\t\t\t\t<\/div>\n\t\t<\/section>\n\t\t\t\t<section class=\"elementor-section elementor-top-section elementor-element elementor-element-c5aa733 elementor-section-boxed elementor-section-height-default elementor-section-height-default\" data-id=\"c5aa733\" data-element_type=\"section\">\n\t\t\t\t\t\t<div class=\"elementor-container elementor-column-gap-default\">\n\t\t\t\t\t<div class=\"elementor-column elementor-col-100 elementor-top-column elementor-element elementor-element-3c9ace7\" data-id=\"3c9ace7\" data-element_type=\"column\">\n\t\t\t<div class=\"elementor-widget-wrap elementor-element-populated\">\n\t\t\t\t\t\t<div class=\"elementor-element elementor-element-596273c elementor-widget elementor-widget-image\" data-id=\"596273c\" data-element_type=\"widget\" data-widget_type=\"image.default\">\n\t\t\t\t<div class=\"elementor-widget-container\">\n\t\t\t\t\t\t\t\t\t\t\t\t\t\t\t<img decoding=\"async\" width=\"696\" height=\"392\" src=\"https:\/\/pc.sc.gov.br\/\/wp-content\/uploads\/2024\/02\/WhatsApp-Image-2024-02-08-at-11.17.48-1024x576.jpeg\" class=\"attachment-large size-large wp-image-17293\" alt=\"\" srcset=\"https:\/\/pc.sc.gov.br\/\/wp-content\/uploads\/2024\/02\/WhatsApp-Image-2024-02-08-at-11.17.48-1024x576.jpeg 1024w, https:\/\/pc.sc.gov.br\/\/wp-content\/uploads\/2024\/02\/WhatsApp-Image-2024-02-08-at-11.17.48-300x169.jpeg 300w, https:\/\/pc.sc.gov.br\/\/wp-content\/uploads\/2024\/02\/WhatsApp-Image-2024-02-08-at-11.17.48-768x432.jpeg 768w, https:\/\/pc.sc.gov.br\/\/wp-content\/uploads\/2024\/02\/WhatsApp-Image-2024-02-08-at-11.17.48.jpeg 1280w\" sizes=\"(max-width: 696px) 100vw, 696px\" \/>\t\t\t\t\t\t\t\t\t\t\t\t\t\t\t<\/div>\n\t\t\t\t<\/div>\n\t\t\t\t\t<\/div>\n\t\t<\/div>\n\t\t\t\t\t<\/div>\n\t\t<\/section>\n\t\t\t\t<\/div>\n\t\t","protected":false},"excerpt":{"rendered":"<p>Pol\u00edcia Civil realiza opera\u00e7\u00e3o em combate \u00e0 \u201cpirataria\u201d e \u00e0 comercializa\u00e7\u00e3o indevida de produtos na Capital Nesta quinta-feira (8), a Pol\u00edcia Civil de Santa Catarina, por meio da 7\u00aa Delegacia de Pol\u00edcia da Capital, deflagrou opera\u00e7\u00e3o de combate \u00e0 \u201cpirataria\u201d e \u00e0 comercializa\u00e7\u00e3o indevida de produtos do g\u00eanero aliment\u00edcio e bebidas alco\u00f3licas, em Canasveiras, no [&hellip;]<\/p>\n","protected":false},"author":5,"featured_media":17291,"comment_status":"closed","ping_status":"open","sticky":false,"template":"","format":"standard","meta":{"_monsterinsights_skip_tracking":false,"_monsterinsights_sitenote_active":false,"_monsterinsights_sitenote_note":"","_monsterinsights_sitenote_category":0,"footnotes":""},"categories":[1],"tags":[],"class_list":["post-17290","post","type-post","status-publish","format-standard","has-post-thumbnail","hentry","category-sem-categoria"],"_links":{"self":[{"href":"https:\/\/pc.sc.gov.br\/index.php?rest_route=\/wp\/v2\/posts\/17290","targetHints":{"allow":["GET"]}}],"collection":[{"href":"https:\/\/pc.sc.gov.br\/index.php?rest_route=\/wp\/v2\/posts"}],"about":[{"href":"https:\/\/pc.sc.gov.br\/index.php?rest_route=\/wp\/v2\/types\/post"}],"author":[{"embeddable":true,"href":"https:\/\/pc.sc.gov.br\/index.php?rest_route=\/wp\/v2\/users\/5"}],"replies":[{"embeddable":true,"href":"https:\/\/pc.sc.gov.br\/index.php?rest_route=%2Fwp%2Fv2%2Fcomments&post=17290"}],"version-history":[{"count":10,"href":"https:\/\/pc.sc.gov.br\/index.php?rest_route=\/wp\/v2\/posts\/17290\/revisions"}],"predecessor-version":[{"id":17302,"href":"https:\/\/pc.sc.gov.br\/index.php?rest_route=\/wp\/v2\/posts\/17290\/revisions\/17302"}],"wp:featuredmedia":[{"embeddable":true,"href":"https:\/\/pc.sc.gov.br\/index.php?rest_route=\/wp\/v2\/media\/17291"}],"wp:attachment":[{"href":"https:\/\/pc.sc.gov.br\/index.php?rest_route=%2Fwp%2Fv2%2Fmedia&parent=17290"}],"wp:term":[{"taxonomy":"category","embeddable":true,"href":"https:\/\/pc.sc.gov.br\/index.php?rest_route=%2Fwp%2Fv2%2Fcategories&post=17290"},{"taxonomy":"post_tag","embeddable":true,"href":"https:\/\/pc.sc.gov.br\/index.php?rest_route=%2Fwp%2Fv2%2Ftags&post=17290"}],"curies":[{"name":"wp","href":"https:\/\/api.w.org\/{rel}","templated":true}]}}