{"id":17303,"date":"2024-02-08T18:29:34","date_gmt":"2024-02-08T21:29:34","guid":{"rendered":"https:\/\/pc.sc.gov.br\/?p=17303"},"modified":"2024-02-08T18:30:44","modified_gmt":"2024-02-08T21:30:44","slug":"policia-civil-identifica-homem-que-teria-arremessado-bicicleta-eletrica-da-ponte-hercilio-luz-na-capital","status":"publish","type":"post","link":"https:\/\/pc.sc.gov.br\/?p=17303","title":{"rendered":"Pol\u00edcia Civil identifica homem que teria arremessado bicicleta el\u00e9trica da Ponte Herc\u00edlio Luz na Capital"},"content":{"rendered":"\t\t<div data-elementor-type=\"wp-post\" data-elementor-id=\"17303\" class=\"elementor elementor-17303\" data-elementor-post-type=\"post\">\n\t\t\t\t\t\t<section class=\"elementor-section elementor-top-section elementor-element elementor-element-c2d04fa elementor-section-boxed elementor-section-height-default elementor-section-height-default\" data-id=\"c2d04fa\" data-element_type=\"section\">\n\t\t\t\t\t\t<div class=\"elementor-container elementor-column-gap-default\">\n\t\t\t\t\t<div class=\"elementor-column elementor-col-100 elementor-top-column elementor-element elementor-element-e5f319c\" data-id=\"e5f319c\" data-element_type=\"column\">\n\t\t\t<div class=\"elementor-widget-wrap elementor-element-populated\">\n\t\t\t\t\t\t<div class=\"elementor-element elementor-element-ca4b8cd elementor-widget elementor-widget-heading\" data-id=\"ca4b8cd\" data-element_type=\"widget\" data-widget_type=\"heading.default\">\n\t\t\t\t<div class=\"elementor-widget-container\">\n\t\t\t\t\t<h2 class=\"elementor-heading-title elementor-size-default\">Pol\u00edcia Civil identifica homem que teria arremessado bicicleta el\u00e9trica da Ponte Herc\u00edlio Luz na Capital<\/h2>\t\t\t\t<\/div>\n\t\t\t\t<\/div>\n\t\t\t\t\t<\/div>\n\t\t<\/div>\n\t\t\t\t\t<\/div>\n\t\t<\/section>\n\t\t\t\t<section class=\"elementor-section elementor-top-section elementor-element elementor-element-1f6e410 elementor-section-boxed elementor-section-height-default elementor-section-height-default\" data-id=\"1f6e410\" data-element_type=\"section\">\n\t\t\t\t\t\t<div class=\"elementor-container elementor-column-gap-default\">\n\t\t\t\t\t<div class=\"elementor-column elementor-col-100 elementor-top-column elementor-element elementor-element-11c4d0b\" data-id=\"11c4d0b\" data-element_type=\"column\">\n\t\t\t<div class=\"elementor-widget-wrap elementor-element-populated\">\n\t\t\t\t\t\t<div class=\"elementor-element elementor-element-60f14b6 elementor-widget elementor-widget-image\" data-id=\"60f14b6\" data-element_type=\"widget\" data-widget_type=\"image.default\">\n\t\t\t\t<div class=\"elementor-widget-container\">\n\t\t\t\t\t\t\t\t\t\t\t\t\t\t\t<img fetchpriority=\"high\" decoding=\"async\" width=\"696\" height=\"928\" src=\"https:\/\/pc.sc.gov.br\/\/wp-content\/uploads\/2024\/02\/WhatsApp-Image-2024-02-08-at-18.19.39-768x1024.jpeg\" class=\"attachment-large size-large wp-image-17304\" alt=\"\" srcset=\"https:\/\/pc.sc.gov.br\/\/wp-content\/uploads\/2024\/02\/WhatsApp-Image-2024-02-08-at-18.19.39-768x1024.jpeg 768w, https:\/\/pc.sc.gov.br\/\/wp-content\/uploads\/2024\/02\/WhatsApp-Image-2024-02-08-at-18.19.39-225x300.jpeg 225w, https:\/\/pc.sc.gov.br\/\/wp-content\/uploads\/2024\/02\/WhatsApp-Image-2024-02-08-at-18.19.39.jpeg 960w\" sizes=\"(max-width: 696px) 100vw, 696px\" \/>\t\t\t\t\t\t\t\t\t\t\t\t\t\t\t<\/div>\n\t\t\t\t<\/div>\n\t\t\t\t\t<\/div>\n\t\t<\/div>\n\t\t\t\t\t<\/div>\n\t\t<\/section>\n\t\t\t\t<section class=\"elementor-section elementor-top-section elementor-element elementor-element-11d6f2e elementor-section-boxed elementor-section-height-default elementor-section-height-default\" data-id=\"11d6f2e\" data-element_type=\"section\">\n\t\t\t\t\t\t<div class=\"elementor-container elementor-column-gap-default\">\n\t\t\t\t\t<div class=\"elementor-column elementor-col-100 elementor-top-column elementor-element elementor-element-c9e4900\" data-id=\"c9e4900\" data-element_type=\"column\">\n\t\t\t<div class=\"elementor-widget-wrap elementor-element-populated\">\n\t\t\t\t\t\t<div class=\"elementor-element elementor-element-8e09454 elementor-widget elementor-widget-text-editor\" data-id=\"8e09454\" data-element_type=\"widget\" data-widget_type=\"text-editor.default\">\n\t\t\t\t<div class=\"elementor-widget-container\">\n\t\t\t\t\t\t\t\t\t<p>Nesta quinta-feira (8), a Pol\u00edcia Civil de Santa Catarina, por meio da Delegacia de Pol\u00edcia do Continente, identificou um dos homens apontados como autor do fato envolvendo a bicicleta el\u00e9trica que foi arremessada da Ponte Herc\u00edlio Luz, em Florian\u00f3polis.<\/p>\n<p>A bicicleta foi recuperada pelo Corpo de Bombeiros e foram encontrados tamb\u00e9m dois patinetes. Os tr\u00eas objetos foram recuperados por meio de mergulho. Os patinetes s\u00e3o de uma ocorr\u00eancia do ano passado.<\/p>\n<p>A Pol\u00edcia Civil segue trabalhando para identificar os outros dois homens que o acompanhavam no delito. A princ\u00edpio, eles responder\u00e3o pelo crime de dano.<\/p>\n<p><b>Imagem: Corpo de Bombeiros SC<\/b><\/p>\t\t\t\t\t\t\t\t<\/div>\n\t\t\t\t<\/div>\n\t\t\t\t\t<\/div>\n\t\t<\/div>\n\t\t\t\t\t<\/div>\n\t\t<\/section>\n\t\t\t\t<\/div>\n\t\t","protected":false},"excerpt":{"rendered":"<p>Pol\u00edcia Civil identifica homem que teria arremessado bicicleta el\u00e9trica da Ponte Herc\u00edlio Luz na Capital Nesta quinta-feira (8), a Pol\u00edcia Civil de Santa Catarina, por meio da Delegacia de Pol\u00edcia do Continente, identificou um dos homens apontados como autor do fato envolvendo a bicicleta el\u00e9trica que foi arremessada da Ponte Herc\u00edlio Luz, em Florian\u00f3polis. A [&hellip;]<\/p>\n","protected":false},"author":5,"featured_media":17304,"comment_status":"closed","ping_status":"open","sticky":false,"template":"","format":"standard","meta":{"_monsterinsights_skip_tracking":false,"_monsterinsights_sitenote_active":false,"_monsterinsights_sitenote_note":"","_monsterinsights_sitenote_category":0,"footnotes":""},"categories":[1],"tags":[],"class_list":["post-17303","post","type-post","status-publish","format-standard","has-post-thumbnail","hentry","category-sem-categoria"],"_links":{"self":[{"href":"https:\/\/pc.sc.gov.br\/index.php?rest_route=\/wp\/v2\/posts\/17303","targetHints":{"allow":["GET"]}}],"collection":[{"href":"https:\/\/pc.sc.gov.br\/index.php?rest_route=\/wp\/v2\/posts"}],"about":[{"href":"https:\/\/pc.sc.gov.br\/index.php?rest_route=\/wp\/v2\/types\/post"}],"author":[{"embeddable":true,"href":"https:\/\/pc.sc.gov.br\/index.php?rest_route=\/wp\/v2\/users\/5"}],"replies":[{"embeddable":true,"href":"https:\/\/pc.sc.gov.br\/index.php?rest_route=%2Fwp%2Fv2%2Fcomments&post=17303"}],"version-history":[{"count":4,"href":"https:\/\/pc.sc.gov.br\/index.php?rest_route=\/wp\/v2\/posts\/17303\/revisions"}],"predecessor-version":[{"id":17308,"href":"https:\/\/pc.sc.gov.br\/index.php?rest_route=\/wp\/v2\/posts\/17303\/revisions\/17308"}],"wp:featuredmedia":[{"embeddable":true,"href":"https:\/\/pc.sc.gov.br\/index.php?rest_route=\/wp\/v2\/media\/17304"}],"wp:attachment":[{"href":"https:\/\/pc.sc.gov.br\/index.php?rest_route=%2Fwp%2Fv2%2Fmedia&parent=17303"}],"wp:term":[{"taxonomy":"category","embeddable":true,"href":"https:\/\/pc.sc.gov.br\/index.php?rest_route=%2Fwp%2Fv2%2Fcategories&post=17303"},{"taxonomy":"post_tag","embeddable":true,"href":"https:\/\/pc.sc.gov.br\/index.php?rest_route=%2Fwp%2Fv2%2Ftags&post=17303"}],"curies":[{"name":"wp","href":"https:\/\/api.w.org\/{rel}","templated":true}]}}