{"id":17309,"date":"2024-02-08T20:15:03","date_gmt":"2024-02-08T23:15:03","guid":{"rendered":"https:\/\/pc.sc.gov.br\/?p=17309"},"modified":"2024-02-08T20:24:17","modified_gmt":"2024-02-08T23:24:17","slug":"delegacia-de-furtos-e-roubos-de-veiculos-da-deic-identifica-mais-um-estabelecimento-de-comercio-de-pecas-furtadas-em-sao-jose","status":"publish","type":"post","link":"https:\/\/pc.sc.gov.br\/?p=17309","title":{"rendered":"Delegacia de Furtos e Roubos de Ve\u00edculos da DEIC identifica mais um estabelecimento de com\u00e9rcio de pe\u00e7as furtadas na Capital"},"content":{"rendered":"\t\t<div data-elementor-type=\"wp-post\" data-elementor-id=\"17309\" class=\"elementor elementor-17309\" data-elementor-post-type=\"post\">\n\t\t\t\t\t\t<section class=\"elementor-section elementor-top-section elementor-element elementor-element-aa1baf7 elementor-section-boxed elementor-section-height-default elementor-section-height-default\" data-id=\"aa1baf7\" data-element_type=\"section\">\n\t\t\t\t\t\t<div class=\"elementor-container elementor-column-gap-default\">\n\t\t\t\t\t<div class=\"elementor-column elementor-col-100 elementor-top-column elementor-element elementor-element-66f60ec\" data-id=\"66f60ec\" data-element_type=\"column\">\n\t\t\t<div class=\"elementor-widget-wrap elementor-element-populated\">\n\t\t\t\t\t\t<div class=\"elementor-element elementor-element-b9336b9 elementor-widget elementor-widget-heading\" data-id=\"b9336b9\" data-element_type=\"widget\" data-widget_type=\"heading.default\">\n\t\t\t\t<div class=\"elementor-widget-container\">\n\t\t\t\t\t<h2 class=\"elementor-heading-title elementor-size-default\">Delegacia de Furtos e Roubos de Ve\u00edculos da DEIC identifica mais um estabelecimento de com\u00e9rcio de pe\u00e7as furtadas na Capital <\/h2>\t\t\t\t<\/div>\n\t\t\t\t<\/div>\n\t\t\t\t\t<\/div>\n\t\t<\/div>\n\t\t\t\t\t<\/div>\n\t\t<\/section>\n\t\t\t\t<section class=\"elementor-section elementor-top-section elementor-element elementor-element-3874aad elementor-section-boxed elementor-section-height-default elementor-section-height-default\" data-id=\"3874aad\" data-element_type=\"section\">\n\t\t\t\t\t\t<div class=\"elementor-container elementor-column-gap-default\">\n\t\t\t\t\t<div class=\"elementor-column elementor-col-100 elementor-top-column elementor-element elementor-element-8d6dd0b\" data-id=\"8d6dd0b\" data-element_type=\"column\">\n\t\t\t<div class=\"elementor-widget-wrap elementor-element-populated\">\n\t\t\t\t\t\t<div class=\"elementor-element elementor-element-b5c86da elementor-widget elementor-widget-image\" data-id=\"b5c86da\" data-element_type=\"widget\" data-widget_type=\"image.default\">\n\t\t\t\t<div class=\"elementor-widget-container\">\n\t\t\t\t\t\t\t\t\t\t\t\t\t\t\t<img fetchpriority=\"high\" decoding=\"async\" width=\"696\" height=\"522\" src=\"https:\/\/pc.sc.gov.br\/\/wp-content\/uploads\/2024\/02\/WhatsApp-Image-2024-02-08-at-16.47.38-1024x768.jpeg\" class=\"attachment-large size-large wp-image-17310\" alt=\"\" srcset=\"https:\/\/pc.sc.gov.br\/\/wp-content\/uploads\/2024\/02\/WhatsApp-Image-2024-02-08-at-16.47.38-1024x768.jpeg 1024w, https:\/\/pc.sc.gov.br\/\/wp-content\/uploads\/2024\/02\/WhatsApp-Image-2024-02-08-at-16.47.38-300x225.jpeg 300w, https:\/\/pc.sc.gov.br\/\/wp-content\/uploads\/2024\/02\/WhatsApp-Image-2024-02-08-at-16.47.38-768x576.jpeg 768w, https:\/\/pc.sc.gov.br\/\/wp-content\/uploads\/2024\/02\/WhatsApp-Image-2024-02-08-at-16.47.38-1536x1152.jpeg 1536w, https:\/\/pc.sc.gov.br\/\/wp-content\/uploads\/2024\/02\/WhatsApp-Image-2024-02-08-at-16.47.38.jpeg 1600w\" sizes=\"(max-width: 696px) 100vw, 696px\" \/>\t\t\t\t\t\t\t\t\t\t\t\t\t\t\t<\/div>\n\t\t\t\t<\/div>\n\t\t\t\t\t<\/div>\n\t\t<\/div>\n\t\t\t\t\t<\/div>\n\t\t<\/section>\n\t\t\t\t<section class=\"elementor-section elementor-top-section elementor-element elementor-element-1249abb elementor-section-boxed elementor-section-height-default elementor-section-height-default\" data-id=\"1249abb\" data-element_type=\"section\">\n\t\t\t\t\t\t<div class=\"elementor-container elementor-column-gap-default\">\n\t\t\t\t\t<div class=\"elementor-column elementor-col-100 elementor-top-column elementor-element elementor-element-bc245b2\" data-id=\"bc245b2\" data-element_type=\"column\">\n\t\t\t<div class=\"elementor-widget-wrap elementor-element-populated\">\n\t\t\t\t\t\t<div class=\"elementor-element elementor-element-62ad8ce elementor-widget elementor-widget-text-editor\" data-id=\"62ad8ce\" data-element_type=\"widget\" data-widget_type=\"text-editor.default\">\n\t\t\t\t<div class=\"elementor-widget-container\">\n\t\t\t\t\t\t\t\t\t<p>Na quarta-feira (7), a Pol\u00edcia Civil de Santa Catarina, por meio da Delegacia de Furtos e Roubos de Ve\u00edculos da Diretoria Estadual de Investiga\u00e7\u00f5es Criminais (DEIC), em opera\u00e7\u00e3o realizada com o NUINT\/SJ e com a Pol\u00edcia Cient\u00edfica, identificou mais um estabelecimento respons\u00e1vel pela venda irregular de pe\u00e7as de ve\u00edculos, no Bairro Capoeiras, em Florian\u00f3polis.<\/p>\n<p>A a\u00e7\u00e3o foi deflagrada em continuidade \u00e0s a\u00e7\u00f5es de fiscaliza\u00e7\u00e3o da \u201cOpera\u00e7\u00e3o 311\u201d, que visa coibir o com\u00e9rcio ilegal de pe\u00e7as automotivas. Durante as dilig\u00eancias foram localizadas partes de dois ve\u00edculos Renault Sandero furtados em S\u00e3o Jos\u00e9 e Florian\u00f3polis e um ve\u00edculo Renault Symbol, furtado em Bigua\u00e7u, al\u00e9m de diversas pe\u00e7as com as numera\u00e7\u00f5es suprimidas e sem comprova\u00e7\u00e3o de origem.<\/p>\n<p>O propriet\u00e1rio e os bens apreendidos foram conduzidos para a sede da DEIC para formaliza\u00e7\u00e3o dos procedimentos.<\/p>\t\t\t\t\t\t\t\t<\/div>\n\t\t\t\t<\/div>\n\t\t\t\t\t<\/div>\n\t\t<\/div>\n\t\t\t\t\t<\/div>\n\t\t<\/section>\n\t\t\t\t<\/div>\n\t\t","protected":false},"excerpt":{"rendered":"<p>Delegacia de Furtos e Roubos de Ve\u00edculos da DEIC identifica mais um estabelecimento de com\u00e9rcio de pe\u00e7as furtadas na Capital Na quarta-feira (7), a Pol\u00edcia Civil de Santa Catarina, por meio da Delegacia de Furtos e Roubos de Ve\u00edculos da Diretoria Estadual de Investiga\u00e7\u00f5es Criminais (DEIC), em opera\u00e7\u00e3o realizada com o NUINT\/SJ e com a [&hellip;]<\/p>\n","protected":false},"author":5,"featured_media":17310,"comment_status":"closed","ping_status":"open","sticky":false,"template":"","format":"standard","meta":{"_monsterinsights_skip_tracking":false,"_monsterinsights_sitenote_active":false,"_monsterinsights_sitenote_note":"","_monsterinsights_sitenote_category":0,"footnotes":""},"categories":[1],"tags":[],"class_list":["post-17309","post","type-post","status-publish","format-standard","has-post-thumbnail","hentry","category-sem-categoria"],"_links":{"self":[{"href":"https:\/\/pc.sc.gov.br\/index.php?rest_route=\/wp\/v2\/posts\/17309","targetHints":{"allow":["GET"]}}],"collection":[{"href":"https:\/\/pc.sc.gov.br\/index.php?rest_route=\/wp\/v2\/posts"}],"about":[{"href":"https:\/\/pc.sc.gov.br\/index.php?rest_route=\/wp\/v2\/types\/post"}],"author":[{"embeddable":true,"href":"https:\/\/pc.sc.gov.br\/index.php?rest_route=\/wp\/v2\/users\/5"}],"replies":[{"embeddable":true,"href":"https:\/\/pc.sc.gov.br\/index.php?rest_route=%2Fwp%2Fv2%2Fcomments&post=17309"}],"version-history":[{"count":11,"href":"https:\/\/pc.sc.gov.br\/index.php?rest_route=\/wp\/v2\/posts\/17309\/revisions"}],"predecessor-version":[{"id":17321,"href":"https:\/\/pc.sc.gov.br\/index.php?rest_route=\/wp\/v2\/posts\/17309\/revisions\/17321"}],"wp:featuredmedia":[{"embeddable":true,"href":"https:\/\/pc.sc.gov.br\/index.php?rest_route=\/wp\/v2\/media\/17310"}],"wp:attachment":[{"href":"https:\/\/pc.sc.gov.br\/index.php?rest_route=%2Fwp%2Fv2%2Fmedia&parent=17309"}],"wp:term":[{"taxonomy":"category","embeddable":true,"href":"https:\/\/pc.sc.gov.br\/index.php?rest_route=%2Fwp%2Fv2%2Fcategories&post=17309"},{"taxonomy":"post_tag","embeddable":true,"href":"https:\/\/pc.sc.gov.br\/index.php?rest_route=%2Fwp%2Fv2%2Ftags&post=17309"}],"curies":[{"name":"wp","href":"https:\/\/api.w.org\/{rel}","templated":true}]}}