{"id":17328,"date":"2024-02-08T20:44:26","date_gmt":"2024-02-08T23:44:26","guid":{"rendered":"https:\/\/pc.sc.gov.br\/?p=17328"},"modified":"2024-02-08T20:45:11","modified_gmt":"2024-02-08T23:45:11","slug":"policia-civil-prende-tres-suspeitos-por-trafico-de-drogas-em-itajai","status":"publish","type":"post","link":"https:\/\/pc.sc.gov.br\/?p=17328","title":{"rendered":"Pol\u00edcia Civil prende tr\u00eas suspeitos por tr\u00e1fico de drogas em Itaja\u00ed"},"content":{"rendered":"\t\t<div data-elementor-type=\"wp-post\" data-elementor-id=\"17328\" class=\"elementor elementor-17328\" data-elementor-post-type=\"post\">\n\t\t\t\t\t\t<section class=\"elementor-section elementor-top-section elementor-element elementor-element-307d856 elementor-section-boxed elementor-section-height-default elementor-section-height-default\" data-id=\"307d856\" data-element_type=\"section\">\n\t\t\t\t\t\t<div class=\"elementor-container elementor-column-gap-default\">\n\t\t\t\t\t<div class=\"elementor-column elementor-col-100 elementor-top-column elementor-element elementor-element-6654cc7\" data-id=\"6654cc7\" data-element_type=\"column\">\n\t\t\t<div class=\"elementor-widget-wrap elementor-element-populated\">\n\t\t\t\t\t\t<div class=\"elementor-element elementor-element-00036d8 elementor-widget elementor-widget-heading\" data-id=\"00036d8\" data-element_type=\"widget\" data-widget_type=\"heading.default\">\n\t\t\t\t<div class=\"elementor-widget-container\">\n\t\t\t\t\t<h2 class=\"elementor-heading-title elementor-size-default\">Pol\u00edcia Civil prende tr\u00eas suspeitos por tr\u00e1fico de drogas em Itaja\u00ed <\/h2>\t\t\t\t<\/div>\n\t\t\t\t<\/div>\n\t\t\t\t\t<\/div>\n\t\t<\/div>\n\t\t\t\t\t<\/div>\n\t\t<\/section>\n\t\t\t\t<section class=\"elementor-section elementor-top-section elementor-element elementor-element-e97ba87 elementor-section-boxed elementor-section-height-default elementor-section-height-default\" data-id=\"e97ba87\" data-element_type=\"section\">\n\t\t\t\t\t\t<div class=\"elementor-container elementor-column-gap-default\">\n\t\t\t\t\t<div class=\"elementor-column elementor-col-100 elementor-top-column elementor-element elementor-element-a9d8832\" data-id=\"a9d8832\" data-element_type=\"column\">\n\t\t\t<div class=\"elementor-widget-wrap elementor-element-populated\">\n\t\t\t\t\t\t<div class=\"elementor-element elementor-element-1c5a84a elementor-widget elementor-widget-image\" data-id=\"1c5a84a\" data-element_type=\"widget\" data-widget_type=\"image.default\">\n\t\t\t\t<div class=\"elementor-widget-container\">\n\t\t\t\t\t\t\t\t\t\t\t\t\t\t\t<img fetchpriority=\"high\" decoding=\"async\" width=\"696\" height=\"928\" src=\"https:\/\/pc.sc.gov.br\/\/wp-content\/uploads\/2024\/02\/WhatsApp-Image-2024-02-07-at-21.17.24-1-768x1024.jpeg\" class=\"attachment-large size-large wp-image-17329\" alt=\"\" srcset=\"https:\/\/pc.sc.gov.br\/\/wp-content\/uploads\/2024\/02\/WhatsApp-Image-2024-02-07-at-21.17.24-1-768x1024.jpeg 768w, https:\/\/pc.sc.gov.br\/\/wp-content\/uploads\/2024\/02\/WhatsApp-Image-2024-02-07-at-21.17.24-1-225x300.jpeg 225w, https:\/\/pc.sc.gov.br\/\/wp-content\/uploads\/2024\/02\/WhatsApp-Image-2024-02-07-at-21.17.24-1.jpeg 960w\" sizes=\"(max-width: 696px) 100vw, 696px\" \/>\t\t\t\t\t\t\t\t\t\t\t\t\t\t\t<\/div>\n\t\t\t\t<\/div>\n\t\t\t\t\t<\/div>\n\t\t<\/div>\n\t\t\t\t\t<\/div>\n\t\t<\/section>\n\t\t\t\t<section class=\"elementor-section elementor-top-section elementor-element elementor-element-b516aab elementor-section-boxed elementor-section-height-default elementor-section-height-default\" data-id=\"b516aab\" data-element_type=\"section\">\n\t\t\t\t\t\t<div class=\"elementor-container elementor-column-gap-default\">\n\t\t\t\t\t<div class=\"elementor-column elementor-col-100 elementor-top-column elementor-element elementor-element-f3aba53\" data-id=\"f3aba53\" data-element_type=\"column\">\n\t\t\t<div class=\"elementor-widget-wrap elementor-element-populated\">\n\t\t\t\t\t\t<div class=\"elementor-element elementor-element-97f041e elementor-widget elementor-widget-text-editor\" data-id=\"97f041e\" data-element_type=\"widget\" data-widget_type=\"text-editor.default\">\n\t\t\t\t<div class=\"elementor-widget-container\">\n\t\t\t\t\t\t\t\t\t<p>Na quarta-feira (7), a Pol\u00edcia Civil de Santa Catarina, por meio da Divis\u00e3o Investiga\u00e7\u00e3o Criminal de Itaja\u00ed, prendeu tr\u00eas homens por tr\u00e1fico de drogas no bairro Cordeiros, em Itaja\u00ed. Ap\u00f3s o recebimento de den\u00fancias an\u00f4nimas sobre a ocorr\u00eancia de tr\u00e1fico de drogas em uma via p\u00fablica, a equipe policial iniciou o monitoramento do local.<\/p><p>No local, foi verificado que tr\u00eas homens estavam realizando o com\u00e9rcio de entorpecentes \u00e0 luz do dia. Dessa forma, foram realizadas as abordagens e encontradas pedras de crack, j\u00e1 devidamente embaladas para venda, escondidas pr\u00f3ximas aos suspeitos. Os conduzidos foram atuados em flagrante pelo crime de tr\u00e1fico de drogas.<\/p><p>Os presos foram encaminhados ao Sistema Penitenci\u00e1rio, onde permanecem \u00e0 disposi\u00e7\u00e3o da Justi\u00e7a. A dilig\u00eancia contou com apoio do N\u00facleo de Opera\u00e7\u00f5es com C\u00e3es (NOC) de Itaja\u00ed.<\/p>\t\t\t\t\t\t\t\t<\/div>\n\t\t\t\t<\/div>\n\t\t\t\t\t<\/div>\n\t\t<\/div>\n\t\t\t\t\t<\/div>\n\t\t<\/section>\n\t\t\t\t<\/div>\n\t\t","protected":false},"excerpt":{"rendered":"<p>Pol\u00edcia Civil prende tr\u00eas suspeitos por tr\u00e1fico de drogas em Itaja\u00ed Na quarta-feira (7), a Pol\u00edcia Civil de Santa Catarina, por meio da Divis\u00e3o Investiga\u00e7\u00e3o Criminal de Itaja\u00ed, prendeu tr\u00eas homens por tr\u00e1fico de drogas no bairro Cordeiros, em Itaja\u00ed. Ap\u00f3s o recebimento de den\u00fancias an\u00f4nimas sobre a ocorr\u00eancia de tr\u00e1fico de drogas em uma [&hellip;]<\/p>\n","protected":false},"author":5,"featured_media":17329,"comment_status":"closed","ping_status":"open","sticky":false,"template":"","format":"standard","meta":{"_monsterinsights_skip_tracking":false,"_monsterinsights_sitenote_active":false,"_monsterinsights_sitenote_note":"","_monsterinsights_sitenote_category":0,"footnotes":""},"categories":[1],"tags":[],"class_list":["post-17328","post","type-post","status-publish","format-standard","has-post-thumbnail","hentry","category-sem-categoria"],"_links":{"self":[{"href":"https:\/\/pc.sc.gov.br\/index.php?rest_route=\/wp\/v2\/posts\/17328","targetHints":{"allow":["GET"]}}],"collection":[{"href":"https:\/\/pc.sc.gov.br\/index.php?rest_route=\/wp\/v2\/posts"}],"about":[{"href":"https:\/\/pc.sc.gov.br\/index.php?rest_route=\/wp\/v2\/types\/post"}],"author":[{"embeddable":true,"href":"https:\/\/pc.sc.gov.br\/index.php?rest_route=\/wp\/v2\/users\/5"}],"replies":[{"embeddable":true,"href":"https:\/\/pc.sc.gov.br\/index.php?rest_route=%2Fwp%2Fv2%2Fcomments&post=17328"}],"version-history":[{"count":4,"href":"https:\/\/pc.sc.gov.br\/index.php?rest_route=\/wp\/v2\/posts\/17328\/revisions"}],"predecessor-version":[{"id":17333,"href":"https:\/\/pc.sc.gov.br\/index.php?rest_route=\/wp\/v2\/posts\/17328\/revisions\/17333"}],"wp:featuredmedia":[{"embeddable":true,"href":"https:\/\/pc.sc.gov.br\/index.php?rest_route=\/wp\/v2\/media\/17329"}],"wp:attachment":[{"href":"https:\/\/pc.sc.gov.br\/index.php?rest_route=%2Fwp%2Fv2%2Fmedia&parent=17328"}],"wp:term":[{"taxonomy":"category","embeddable":true,"href":"https:\/\/pc.sc.gov.br\/index.php?rest_route=%2Fwp%2Fv2%2Fcategories&post=17328"},{"taxonomy":"post_tag","embeddable":true,"href":"https:\/\/pc.sc.gov.br\/index.php?rest_route=%2Fwp%2Fv2%2Ftags&post=17328"}],"curies":[{"name":"wp","href":"https:\/\/api.w.org\/{rel}","templated":true}]}}