{"id":17340,"date":"2024-02-09T12:07:50","date_gmt":"2024-02-09T15:07:50","guid":{"rendered":"https:\/\/pc.sc.gov.br\/?p=17340"},"modified":"2024-02-09T12:08:44","modified_gmt":"2024-02-09T15:08:44","slug":"delegacia-de-homicidios-de-joinville-prende-motorista-que-matou-motociclista","status":"publish","type":"post","link":"https:\/\/pc.sc.gov.br\/?p=17340","title":{"rendered":"Delegacia de Homic\u00eddios de Joinville prende motorista que matou motociclista"},"content":{"rendered":"\t\t<div data-elementor-type=\"wp-post\" data-elementor-id=\"17340\" class=\"elementor elementor-17340\" data-elementor-post-type=\"post\">\n\t\t\t\t\t\t<section class=\"elementor-section elementor-top-section elementor-element elementor-element-845e575 elementor-section-boxed elementor-section-height-default elementor-section-height-default\" data-id=\"845e575\" data-element_type=\"section\">\n\t\t\t\t\t\t<div class=\"elementor-container elementor-column-gap-default\">\n\t\t\t\t\t<div class=\"elementor-column elementor-col-100 elementor-top-column elementor-element elementor-element-cfae50c\" data-id=\"cfae50c\" data-element_type=\"column\">\n\t\t\t<div class=\"elementor-widget-wrap elementor-element-populated\">\n\t\t\t\t\t\t<div class=\"elementor-element elementor-element-97c4fa2 elementor-widget elementor-widget-heading\" data-id=\"97c4fa2\" data-element_type=\"widget\" data-widget_type=\"heading.default\">\n\t\t\t\t<div class=\"elementor-widget-container\">\n\t\t\t\t\t<h2 class=\"elementor-heading-title elementor-size-default\">Delegacia de Homic\u00eddios de Joinville prende motorista que matou motociclista <\/h2>\t\t\t\t<\/div>\n\t\t\t\t<\/div>\n\t\t\t\t\t<\/div>\n\t\t<\/div>\n\t\t\t\t\t<\/div>\n\t\t<\/section>\n\t\t\t\t<section class=\"elementor-section elementor-top-section elementor-element elementor-element-86f8c33 elementor-section-boxed elementor-section-height-default elementor-section-height-default\" data-id=\"86f8c33\" data-element_type=\"section\">\n\t\t\t\t\t\t<div class=\"elementor-container elementor-column-gap-default\">\n\t\t\t\t\t<div class=\"elementor-column elementor-col-100 elementor-top-column elementor-element elementor-element-63001ed\" data-id=\"63001ed\" data-element_type=\"column\">\n\t\t\t<div class=\"elementor-widget-wrap elementor-element-populated\">\n\t\t\t\t\t\t<div class=\"elementor-element elementor-element-898bb3e elementor-widget elementor-widget-image\" data-id=\"898bb3e\" data-element_type=\"widget\" data-widget_type=\"image.default\">\n\t\t\t\t<div class=\"elementor-widget-container\">\n\t\t\t\t\t\t\t\t\t\t\t\t\t\t\t<img fetchpriority=\"high\" decoding=\"async\" width=\"641\" height=\"805\" src=\"https:\/\/pc.sc.gov.br\/\/wp-content\/uploads\/2024\/02\/WhatsApp-Image-2024-02-08-at-20.02.31.jpeg\" class=\"attachment-large size-large wp-image-17341\" alt=\"\" srcset=\"https:\/\/pc.sc.gov.br\/\/wp-content\/uploads\/2024\/02\/WhatsApp-Image-2024-02-08-at-20.02.31.jpeg 641w, https:\/\/pc.sc.gov.br\/\/wp-content\/uploads\/2024\/02\/WhatsApp-Image-2024-02-08-at-20.02.31-239x300.jpeg 239w\" sizes=\"(max-width: 641px) 100vw, 641px\" \/>\t\t\t\t\t\t\t\t\t\t\t\t\t\t\t<\/div>\n\t\t\t\t<\/div>\n\t\t\t\t\t<\/div>\n\t\t<\/div>\n\t\t\t\t\t<\/div>\n\t\t<\/section>\n\t\t\t\t<section class=\"elementor-section elementor-top-section elementor-element elementor-element-14f26c4 elementor-section-boxed elementor-section-height-default elementor-section-height-default\" data-id=\"14f26c4\" data-element_type=\"section\">\n\t\t\t\t\t\t<div class=\"elementor-container elementor-column-gap-default\">\n\t\t\t\t\t<div class=\"elementor-column elementor-col-100 elementor-top-column elementor-element elementor-element-b491190\" data-id=\"b491190\" data-element_type=\"column\">\n\t\t\t<div class=\"elementor-widget-wrap elementor-element-populated\">\n\t\t\t\t\t\t<div class=\"elementor-element elementor-element-c4a00ee elementor-widget elementor-widget-text-editor\" data-id=\"c4a00ee\" data-element_type=\"widget\" data-widget_type=\"text-editor.default\">\n\t\t\t\t<div class=\"elementor-widget-container\">\n\t\t\t\t\t\t\t\t\t<p>Ap\u00f3s 19 horas de dilig\u00eancias ininterruptas, a Pol\u00edcia Civil de Santa Catarina, por meio da Delegacia de Homic\u00eddios de Joinville, localizou e prendeu em flagrante o homem que na noite de quarta-feira (7) matou um motociclista no bairro Costa e Silva, zona norte de Joinville.<\/p><p>As imagens colhidas na regi\u00e3o sugerem que o motociclista foi perseguido pelo ve\u00edculo do autor por algumas quadras. Na altura da Rua Pav\u00e3o, a v\u00edtima foi atingida violentamente, morrendo no local. O condutor fugiu sem prestar socorro.<\/p><p>A partir do atendimento \u00e0 cena do crime, uma s\u00e9rie de dilig\u00eancias foram empreendidas por equipes da DH. No in\u00edcio da noite desta quinta-feira (8), com o apoio da Guarda Municipal de Joinville, o ve\u00edculo foi localizado em um condom\u00ednio na zona norte da cidade e o condutor preso. Em seu apartamento foram encontradas subst\u00e2ncias entorpecentes. No interior do ve\u00edculo, foram encontradas garrafas de cerveja.<\/p><p>A motiva\u00e7\u00e3o segundo o autor foi uma discuss\u00e3o de tr\u00e2nsito. O hist\u00f3rico do preso \u00e9 revelador, nos \u00faltimos dois anos ele promoveu pelo menos tr\u00eas brigas no tr\u00e2nsito que evolu\u00edram para crimes de les\u00e3o corporal, dano e amea\u00e7a.<\/p><p>Autuado em flagrante, o homem ser\u00e1 levado \u00e0 audi\u00eancia de cust\u00f3dia que decidir\u00e1 sobre a manuten\u00e7\u00e3o de sua pris\u00e3o.<\/p>\t\t\t\t\t\t\t\t<\/div>\n\t\t\t\t<\/div>\n\t\t\t\t\t<\/div>\n\t\t<\/div>\n\t\t\t\t\t<\/div>\n\t\t<\/section>\n\t\t\t\t<\/div>\n\t\t","protected":false},"excerpt":{"rendered":"<p>Delegacia de Homic\u00eddios de Joinville prende motorista que matou motociclista Ap\u00f3s 19 horas de dilig\u00eancias ininterruptas, a Pol\u00edcia Civil de Santa Catarina, por meio da Delegacia de Homic\u00eddios de Joinville, localizou e prendeu em flagrante o homem que na noite de quarta-feira (7) matou um motociclista no bairro Costa e Silva, zona norte de Joinville. [&hellip;]<\/p>\n","protected":false},"author":5,"featured_media":17341,"comment_status":"closed","ping_status":"open","sticky":false,"template":"","format":"standard","meta":{"_monsterinsights_skip_tracking":false,"_monsterinsights_sitenote_active":false,"_monsterinsights_sitenote_note":"","_monsterinsights_sitenote_category":0,"footnotes":""},"categories":[1],"tags":[],"class_list":["post-17340","post","type-post","status-publish","format-standard","has-post-thumbnail","hentry","category-sem-categoria"],"_links":{"self":[{"href":"https:\/\/pc.sc.gov.br\/index.php?rest_route=\/wp\/v2\/posts\/17340","targetHints":{"allow":["GET"]}}],"collection":[{"href":"https:\/\/pc.sc.gov.br\/index.php?rest_route=\/wp\/v2\/posts"}],"about":[{"href":"https:\/\/pc.sc.gov.br\/index.php?rest_route=\/wp\/v2\/types\/post"}],"author":[{"embeddable":true,"href":"https:\/\/pc.sc.gov.br\/index.php?rest_route=\/wp\/v2\/users\/5"}],"replies":[{"embeddable":true,"href":"https:\/\/pc.sc.gov.br\/index.php?rest_route=%2Fwp%2Fv2%2Fcomments&post=17340"}],"version-history":[{"count":4,"href":"https:\/\/pc.sc.gov.br\/index.php?rest_route=\/wp\/v2\/posts\/17340\/revisions"}],"predecessor-version":[{"id":17345,"href":"https:\/\/pc.sc.gov.br\/index.php?rest_route=\/wp\/v2\/posts\/17340\/revisions\/17345"}],"wp:featuredmedia":[{"embeddable":true,"href":"https:\/\/pc.sc.gov.br\/index.php?rest_route=\/wp\/v2\/media\/17341"}],"wp:attachment":[{"href":"https:\/\/pc.sc.gov.br\/index.php?rest_route=%2Fwp%2Fv2%2Fmedia&parent=17340"}],"wp:term":[{"taxonomy":"category","embeddable":true,"href":"https:\/\/pc.sc.gov.br\/index.php?rest_route=%2Fwp%2Fv2%2Fcategories&post=17340"},{"taxonomy":"post_tag","embeddable":true,"href":"https:\/\/pc.sc.gov.br\/index.php?rest_route=%2Fwp%2Fv2%2Ftags&post=17340"}],"curies":[{"name":"wp","href":"https:\/\/api.w.org\/{rel}","templated":true}]}}