{"id":17360,"date":"2024-02-09T15:40:42","date_gmt":"2024-02-09T18:40:42","guid":{"rendered":"https:\/\/pc.sc.gov.br\/?p=17360"},"modified":"2024-02-09T15:41:29","modified_gmt":"2024-02-09T18:41:29","slug":"policias-civil-e-militar-deflagram-operacao-para-coibir-roubos-a-postos-de-combustiveis-em-tubarao","status":"publish","type":"post","link":"https:\/\/pc.sc.gov.br\/?p=17360","title":{"rendered":"Pol\u00edcias Civil e Militar deflagram opera\u00e7\u00e3o para coibir roubos a postos de combust\u00edveis em Tubar\u00e3o"},"content":{"rendered":"\t\t<div data-elementor-type=\"wp-post\" data-elementor-id=\"17360\" class=\"elementor elementor-17360\" data-elementor-post-type=\"post\">\n\t\t\t\t\t\t<section class=\"elementor-section elementor-top-section elementor-element elementor-element-a3b921f elementor-section-boxed elementor-section-height-default elementor-section-height-default\" data-id=\"a3b921f\" data-element_type=\"section\">\n\t\t\t\t\t\t<div class=\"elementor-container elementor-column-gap-default\">\n\t\t\t\t\t<div class=\"elementor-column elementor-col-100 elementor-top-column elementor-element elementor-element-9ba2660\" data-id=\"9ba2660\" data-element_type=\"column\">\n\t\t\t<div class=\"elementor-widget-wrap elementor-element-populated\">\n\t\t\t\t\t\t<div class=\"elementor-element elementor-element-918cd72 elementor-widget elementor-widget-heading\" data-id=\"918cd72\" data-element_type=\"widget\" data-widget_type=\"heading.default\">\n\t\t\t\t<div class=\"elementor-widget-container\">\n\t\t\t\t\t<h2 class=\"elementor-heading-title elementor-size-default\">Pol\u00edcias Civil e Militar deflagram opera\u00e7\u00e3o para coibir roubos a postos de combust\u00edveis em Tubar\u00e3o<\/h2>\t\t\t\t<\/div>\n\t\t\t\t<\/div>\n\t\t\t\t\t<\/div>\n\t\t<\/div>\n\t\t\t\t\t<\/div>\n\t\t<\/section>\n\t\t\t\t<section class=\"elementor-section elementor-top-section elementor-element elementor-element-886031e elementor-section-boxed elementor-section-height-default elementor-section-height-default\" data-id=\"886031e\" data-element_type=\"section\">\n\t\t\t\t\t\t<div class=\"elementor-container elementor-column-gap-default\">\n\t\t\t\t\t<div class=\"elementor-column elementor-col-100 elementor-top-column elementor-element elementor-element-3a4ac2b\" data-id=\"3a4ac2b\" data-element_type=\"column\">\n\t\t\t<div class=\"elementor-widget-wrap elementor-element-populated\">\n\t\t\t\t\t\t<div class=\"elementor-element elementor-element-7824e79 elementor-widget elementor-widget-image\" data-id=\"7824e79\" data-element_type=\"widget\" data-widget_type=\"image.default\">\n\t\t\t\t<div class=\"elementor-widget-container\">\n\t\t\t\t\t\t\t\t\t\t\t\t\t\t\t<img fetchpriority=\"high\" decoding=\"async\" width=\"696\" height=\"392\" src=\"https:\/\/pc.sc.gov.br\/\/wp-content\/uploads\/2024\/02\/WhatsApp-Image-2024-02-09-at-14.46.42-1024x576.jpeg\" class=\"attachment-large size-large wp-image-17361\" alt=\"\" srcset=\"https:\/\/pc.sc.gov.br\/\/wp-content\/uploads\/2024\/02\/WhatsApp-Image-2024-02-09-at-14.46.42-1024x576.jpeg 1024w, https:\/\/pc.sc.gov.br\/\/wp-content\/uploads\/2024\/02\/WhatsApp-Image-2024-02-09-at-14.46.42-300x169.jpeg 300w, https:\/\/pc.sc.gov.br\/\/wp-content\/uploads\/2024\/02\/WhatsApp-Image-2024-02-09-at-14.46.42-768x432.jpeg 768w, https:\/\/pc.sc.gov.br\/\/wp-content\/uploads\/2024\/02\/WhatsApp-Image-2024-02-09-at-14.46.42.jpeg 1280w\" sizes=\"(max-width: 696px) 100vw, 696px\" \/>\t\t\t\t\t\t\t\t\t\t\t\t\t\t\t<\/div>\n\t\t\t\t<\/div>\n\t\t\t\t\t<\/div>\n\t\t<\/div>\n\t\t\t\t\t<\/div>\n\t\t<\/section>\n\t\t\t\t<section class=\"elementor-section elementor-top-section elementor-element elementor-element-c27f589 elementor-section-boxed elementor-section-height-default elementor-section-height-default\" data-id=\"c27f589\" data-element_type=\"section\">\n\t\t\t\t\t\t<div class=\"elementor-container elementor-column-gap-default\">\n\t\t\t\t\t<div class=\"elementor-column elementor-col-100 elementor-top-column elementor-element elementor-element-64fc646\" data-id=\"64fc646\" data-element_type=\"column\">\n\t\t\t<div class=\"elementor-widget-wrap elementor-element-populated\">\n\t\t\t\t\t\t<div class=\"elementor-element elementor-element-ccd981c elementor-widget elementor-widget-text-editor\" data-id=\"ccd981c\" data-element_type=\"widget\" data-widget_type=\"text-editor.default\">\n\t\t\t\t<div class=\"elementor-widget-container\">\n\t\t\t\t\t\t\t\t\t<p>As Pol\u00edcias Civil e Militar de Santa Catarina, na manh\u00e3 desta sexta-feira (9), deflagraram opera\u00e7\u00e3o policial visando dar cumprimento a seis mandados de busca e apreens\u00e3o e a dois mandados de pris\u00e3o tempor\u00e1ria. A opera\u00e7\u00e3o \u00e9 decorrente de uma investiga\u00e7\u00e3o relativa aos roubos a postos de combust\u00edveis que v\u00eam ocorrendo desde o final do ano passado.<\/p><p>Durante a a\u00e7\u00e3o, em uma casa, a Pol\u00edcia apreendeu muni\u00e7\u00f5es de calibre .38 SPL , droga e foram apreendidos importantes elementos de convic\u00e7\u00e3o para o prosseguimento e aprofundamento das investiga\u00e7\u00f5es. Um homem foi preso em flagrante pela posse da muni\u00e7\u00e3o e um novo inqu\u00e9rito foi instaurado visando apurar o tr\u00e1fico de drogas relativo \u00e0 droga encontrada na casa.<\/p><p>Em outra casa, os policiais encontraram dois simulacros de arma longa, dois r\u00e1dios comunicadores e um capacete objeto de um assalto ocorrido na cidade de Capivari de Baixo.<\/p><p><strong>Entenda o caso<\/strong><\/p><p>H\u00e1 cerca de quatro meses, a DIC de Tubar\u00e3o, com o apoio da ag\u00eancia de intelig\u00eancia do 5\u00ba BPM, vem investigando roubos a estabelecimentos da cidade de Tubar\u00e3o e, ap\u00f3s a coleta de dados, informa\u00e7\u00f5es e outros elementos probat\u00f3rios, identificou-se que um grupo proveniente da regi\u00e3o do bairro S\u00e3o Jo\u00e3o, em Tubar\u00e3o, seria a respons\u00e1vel por esses crimes.<\/p><p>Um inqu\u00e9rito foi instaurado na DIC de Tubar\u00e3o visando apurar os fatos e, com a coleta de robusto conjunto probat\u00f3rio, representou-se pela expedi\u00e7\u00e3o de seis mandados de busca e apreens\u00e3o (bairros S\u00e3o Jo\u00e3o, S\u00e3o Raimundo e S\u00e3o Clemente) e dois mandados de pris\u00e3o tempor\u00e1ria, pleitos que foram deferidos pelo Ju\u00edzo da 2\u00ba Vara Criminal desta Comarca.<\/p><p>A opera\u00e7\u00e3o contou com a participa\u00e7\u00e3o de 30 policiais civis e militares e com a contribui\u00e7\u00e3o das unidades: DIC de Tubar\u00e3o, ag\u00eancia de intelig\u00eancia do 5\u00ba BPM, PPT de Tubar\u00e3o, helic\u00f3ptero da PCSC (SAER Sul), delegaciais de Tubar\u00e3o, Jaguaruna, Capivari de Baixo, S\u00e3o Ludgero, Gr\u00e3o Par\u00e1, Bra\u00e7o do Norte, DPCAMI de Tubar\u00e3o e canis das pol\u00edcias civil e militar.<\/p><p>As investiga\u00e7\u00f5es e as dilig\u00eancias visando o cumprimento dos dois mandados de pris\u00e3o em aberto prosseguem.<\/p>\t\t\t\t\t\t\t\t<\/div>\n\t\t\t\t<\/div>\n\t\t\t\t\t<\/div>\n\t\t<\/div>\n\t\t\t\t\t<\/div>\n\t\t<\/section>\n\t\t\t\t<\/div>\n\t\t","protected":false},"excerpt":{"rendered":"<p>Pol\u00edcias Civil e Militar deflagram opera\u00e7\u00e3o para coibir roubos a postos de combust\u00edveis em Tubar\u00e3o As Pol\u00edcias Civil e Militar de Santa Catarina, na manh\u00e3 desta sexta-feira (9), deflagraram opera\u00e7\u00e3o policial visando dar cumprimento a seis mandados de busca e apreens\u00e3o e a dois mandados de pris\u00e3o tempor\u00e1ria. A opera\u00e7\u00e3o \u00e9 decorrente de uma investiga\u00e7\u00e3o [&hellip;]<\/p>\n","protected":false},"author":5,"featured_media":17361,"comment_status":"closed","ping_status":"open","sticky":false,"template":"","format":"standard","meta":{"_monsterinsights_skip_tracking":false,"_monsterinsights_sitenote_active":false,"_monsterinsights_sitenote_note":"","_monsterinsights_sitenote_category":0,"footnotes":""},"categories":[1],"tags":[],"class_list":["post-17360","post","type-post","status-publish","format-standard","has-post-thumbnail","hentry","category-sem-categoria"],"_links":{"self":[{"href":"https:\/\/pc.sc.gov.br\/index.php?rest_route=\/wp\/v2\/posts\/17360","targetHints":{"allow":["GET"]}}],"collection":[{"href":"https:\/\/pc.sc.gov.br\/index.php?rest_route=\/wp\/v2\/posts"}],"about":[{"href":"https:\/\/pc.sc.gov.br\/index.php?rest_route=\/wp\/v2\/types\/post"}],"author":[{"embeddable":true,"href":"https:\/\/pc.sc.gov.br\/index.php?rest_route=\/wp\/v2\/users\/5"}],"replies":[{"embeddable":true,"href":"https:\/\/pc.sc.gov.br\/index.php?rest_route=%2Fwp%2Fv2%2Fcomments&post=17360"}],"version-history":[{"count":4,"href":"https:\/\/pc.sc.gov.br\/index.php?rest_route=\/wp\/v2\/posts\/17360\/revisions"}],"predecessor-version":[{"id":17365,"href":"https:\/\/pc.sc.gov.br\/index.php?rest_route=\/wp\/v2\/posts\/17360\/revisions\/17365"}],"wp:featuredmedia":[{"embeddable":true,"href":"https:\/\/pc.sc.gov.br\/index.php?rest_route=\/wp\/v2\/media\/17361"}],"wp:attachment":[{"href":"https:\/\/pc.sc.gov.br\/index.php?rest_route=%2Fwp%2Fv2%2Fmedia&parent=17360"}],"wp:term":[{"taxonomy":"category","embeddable":true,"href":"https:\/\/pc.sc.gov.br\/index.php?rest_route=%2Fwp%2Fv2%2Fcategories&post=17360"},{"taxonomy":"post_tag","embeddable":true,"href":"https:\/\/pc.sc.gov.br\/index.php?rest_route=%2Fwp%2Fv2%2Ftags&post=17360"}],"curies":[{"name":"wp","href":"https:\/\/api.w.org\/{rel}","templated":true}]}}