{"id":17402,"date":"2024-02-14T15:10:02","date_gmt":"2024-02-14T18:10:02","guid":{"rendered":"https:\/\/pc.sc.gov.br\/?p=17402"},"modified":"2024-02-14T15:10:59","modified_gmt":"2024-02-14T18:10:59","slug":"delegacia-de-protecao-a-animais-domesticos-indicia-casal-de-adestradores-pela-morte-de-dois-caes-sob-sua-responsabilidade-em-palhoca","status":"publish","type":"post","link":"https:\/\/pc.sc.gov.br\/?p=17402","title":{"rendered":"Delegacia de Prote\u00e7\u00e3o a Animais Dom\u00e9sticos indicia casal de adestradores pela morte de dois c\u00e3es sob sua responsabilidade, em Palho\u00e7a"},"content":{"rendered":"\t\t<div data-elementor-type=\"wp-post\" data-elementor-id=\"17402\" class=\"elementor elementor-17402\" data-elementor-post-type=\"post\">\n\t\t\t\t\t\t<section class=\"elementor-section elementor-top-section elementor-element elementor-element-b3a491d elementor-section-boxed elementor-section-height-default elementor-section-height-default\" data-id=\"b3a491d\" data-element_type=\"section\">\n\t\t\t\t\t\t<div class=\"elementor-container elementor-column-gap-default\">\n\t\t\t\t\t<div class=\"elementor-column elementor-col-100 elementor-top-column elementor-element elementor-element-e4a38f9\" data-id=\"e4a38f9\" data-element_type=\"column\">\n\t\t\t<div class=\"elementor-widget-wrap elementor-element-populated\">\n\t\t\t\t\t\t<div class=\"elementor-element elementor-element-35824a1 elementor-widget elementor-widget-heading\" data-id=\"35824a1\" data-element_type=\"widget\" data-widget_type=\"heading.default\">\n\t\t\t\t<div class=\"elementor-widget-container\">\n\t\t\t\t\t<h2 class=\"elementor-heading-title elementor-size-default\">Delegacia de Prote\u00e7\u00e3o a Animais Dom\u00e9sticos indicia casal de adestradores pela morte de dois c\u00e3es sob sua responsabilidade, em Palho\u00e7a<\/h2>\t\t\t\t<\/div>\n\t\t\t\t<\/div>\n\t\t\t\t\t<\/div>\n\t\t<\/div>\n\t\t\t\t\t<\/div>\n\t\t<\/section>\n\t\t\t\t<section class=\"elementor-section elementor-top-section elementor-element elementor-element-190d960 elementor-section-boxed elementor-section-height-default elementor-section-height-default\" data-id=\"190d960\" data-element_type=\"section\">\n\t\t\t\t\t\t<div class=\"elementor-container elementor-column-gap-default\">\n\t\t\t\t\t<div class=\"elementor-column elementor-col-100 elementor-top-column elementor-element elementor-element-3883ae1\" data-id=\"3883ae1\" data-element_type=\"column\">\n\t\t\t<div class=\"elementor-widget-wrap elementor-element-populated\">\n\t\t\t\t\t\t<div class=\"elementor-element elementor-element-2da3f3f elementor-widget elementor-widget-image\" data-id=\"2da3f3f\" data-element_type=\"widget\" data-widget_type=\"image.default\">\n\t\t\t\t<div class=\"elementor-widget-container\">\n\t\t\t\t\t\t\t\t\t\t\t\t\t\t\t<img fetchpriority=\"high\" decoding=\"async\" width=\"696\" height=\"518\" src=\"https:\/\/pc.sc.gov.br\/\/wp-content\/uploads\/2024\/02\/aba73940-702b-4d11-8bca-1e2ef48bd915-fotor-2024021415835-1024x762.jpg\" class=\"attachment-large size-large wp-image-17403\" alt=\"\" srcset=\"https:\/\/pc.sc.gov.br\/\/wp-content\/uploads\/2024\/02\/aba73940-702b-4d11-8bca-1e2ef48bd915-fotor-2024021415835-1024x762.jpg 1024w, https:\/\/pc.sc.gov.br\/\/wp-content\/uploads\/2024\/02\/aba73940-702b-4d11-8bca-1e2ef48bd915-fotor-2024021415835-300x223.jpg 300w, https:\/\/pc.sc.gov.br\/\/wp-content\/uploads\/2024\/02\/aba73940-702b-4d11-8bca-1e2ef48bd915-fotor-2024021415835-768x572.jpg 768w, https:\/\/pc.sc.gov.br\/\/wp-content\/uploads\/2024\/02\/aba73940-702b-4d11-8bca-1e2ef48bd915-fotor-2024021415835.jpg 1200w\" sizes=\"(max-width: 696px) 100vw, 696px\" \/>\t\t\t\t\t\t\t\t\t\t\t\t\t\t\t<\/div>\n\t\t\t\t<\/div>\n\t\t\t\t\t<\/div>\n\t\t<\/div>\n\t\t\t\t\t<\/div>\n\t\t<\/section>\n\t\t\t\t<section class=\"elementor-section elementor-top-section elementor-element elementor-element-410da46 elementor-section-boxed elementor-section-height-default elementor-section-height-default\" data-id=\"410da46\" data-element_type=\"section\">\n\t\t\t\t\t\t<div class=\"elementor-container elementor-column-gap-default\">\n\t\t\t\t\t<div class=\"elementor-column elementor-col-100 elementor-top-column elementor-element elementor-element-b96d9d6\" data-id=\"b96d9d6\" data-element_type=\"column\">\n\t\t\t<div class=\"elementor-widget-wrap elementor-element-populated\">\n\t\t\t\t\t\t<div class=\"elementor-element elementor-element-589b7cd elementor-widget elementor-widget-text-editor\" data-id=\"589b7cd\" data-element_type=\"widget\" data-widget_type=\"text-editor.default\">\n\t\t\t\t<div class=\"elementor-widget-container\">\n\t\t\t\t\t\t\t\t\t<p>A Pol\u00edcia Civil de Santa Catarina, por meio da Delegacia de Prote\u00e7\u00e3o a Animais Dom\u00e9sticos do Departamento de Investiga\u00e7\u00e3o Criminal da Capital (DPA\/DIC), concluiu investiga\u00e7\u00e3o de crimes de maus-tratos qualificado contra c\u00e3es e majorados pela morte dos animais, os quais estavam aos cuidados de adestradores no bairro Bela Vista, em Palho\u00e7a.<\/p>\n<p>Ap\u00f3s receber ocorr\u00eancia noticiando que um c\u00e3o da ra\u00e7a Pug, foi a \u00f3bito devido&nbsp; a complica\u00e7\u00f5es de quadro de interna\u00e7\u00e3o, por ter sido deixado preso em uma caixa de transporte, em ambiente fechado e em dia bastante quente, foi instaurado inqu\u00e9rito policial e, de imediato, realizou-se opera\u00e7\u00e3o conjunta, com a Diretoria de Bem-Estar Animal (DIBEA) de Palho\u00e7a, no local, visando ao resguardo dos outros animais.<\/p>\n<p>Constatou-se que os respons\u00e1veis eram um casal de adestradores, os quais mantinham outros c\u00e3es presos em caixas de transporte, inclusive inapropriadas para o porte de alguns animais, sem \u00e1gua, bem como outros caninos estavam em p\u00e1tio muito sujo.<\/p>\n<p>Em que pese os suspeitos tenham alegado que se tratou de fato isolado e decorrente das caracter\u00edsticas f\u00edsicas do c\u00e3o da ra\u00e7a Pug, ao longo da investiga\u00e7\u00e3o, constatou-se que outra cachorra, da ra\u00e7a Spitz Alem\u00e3o, tamb\u00e9m morreu nas mesmas condi\u00e7\u00f5es.<\/p>\n<p>De imediato, determinou-se que todos os animais fossem restitu\u00eddos aos seus tutores, bem como houve autua\u00e7\u00e3o dos acusados, os quais foram indiciados pelos delitos de maus-tratos qualificado contra c\u00e3es e majorados pelas mortes dos animais, cuja pena m\u00e1xima, ao final do procedimento, pode chegar a mais de cinco anos de pris\u00e3o, al\u00e9m de multa.<\/p>\n<p>A Pol\u00edcia Civil de Santa Catarina ressalta a import\u00e2ncia de os tutores conhecerem os locais em que deixam seus animais, buscando sempre pessoas e estabelecimentos credenciados junto aos \u00f3rg\u00e3os competentes, para o bem-estar dos seus tutelados.<span style=\"color: var( --e-global-color-text ); font-family: var( --e-global-typography-primary-font-family ), Sans-serif; font-size: var( --e-global-typography-primary-font-size ); font-weight: var( --e-global-typography-primary-font-weight ); letter-spacing: var( --e-global-typography-primary-letter-spacing );\">&nbsp;<\/span><\/p>\t\t\t\t\t\t\t\t<\/div>\n\t\t\t\t<\/div>\n\t\t\t\t\t<\/div>\n\t\t<\/div>\n\t\t\t\t\t<\/div>\n\t\t<\/section>\n\t\t\t\t<\/div>\n\t\t","protected":false},"excerpt":{"rendered":"<p>Delegacia de Prote\u00e7\u00e3o a Animais Dom\u00e9sticos indicia casal de adestradores pela morte de dois c\u00e3es sob sua responsabilidade, em Palho\u00e7a A Pol\u00edcia Civil de Santa Catarina, por meio da Delegacia de Prote\u00e7\u00e3o a Animais Dom\u00e9sticos do Departamento de Investiga\u00e7\u00e3o Criminal da Capital (DPA\/DIC), concluiu investiga\u00e7\u00e3o de crimes de maus-tratos qualificado contra c\u00e3es e majorados pela [&hellip;]<\/p>\n","protected":false},"author":5,"featured_media":17403,"comment_status":"closed","ping_status":"open","sticky":false,"template":"","format":"standard","meta":{"_monsterinsights_skip_tracking":false,"_monsterinsights_sitenote_active":false,"_monsterinsights_sitenote_note":"","_monsterinsights_sitenote_category":0,"footnotes":""},"categories":[1],"tags":[],"class_list":["post-17402","post","type-post","status-publish","format-standard","has-post-thumbnail","hentry","category-sem-categoria"],"_links":{"self":[{"href":"https:\/\/pc.sc.gov.br\/index.php?rest_route=\/wp\/v2\/posts\/17402","targetHints":{"allow":["GET"]}}],"collection":[{"href":"https:\/\/pc.sc.gov.br\/index.php?rest_route=\/wp\/v2\/posts"}],"about":[{"href":"https:\/\/pc.sc.gov.br\/index.php?rest_route=\/wp\/v2\/types\/post"}],"author":[{"embeddable":true,"href":"https:\/\/pc.sc.gov.br\/index.php?rest_route=\/wp\/v2\/users\/5"}],"replies":[{"embeddable":true,"href":"https:\/\/pc.sc.gov.br\/index.php?rest_route=%2Fwp%2Fv2%2Fcomments&post=17402"}],"version-history":[{"count":4,"href":"https:\/\/pc.sc.gov.br\/index.php?rest_route=\/wp\/v2\/posts\/17402\/revisions"}],"predecessor-version":[{"id":17407,"href":"https:\/\/pc.sc.gov.br\/index.php?rest_route=\/wp\/v2\/posts\/17402\/revisions\/17407"}],"wp:featuredmedia":[{"embeddable":true,"href":"https:\/\/pc.sc.gov.br\/index.php?rest_route=\/wp\/v2\/media\/17403"}],"wp:attachment":[{"href":"https:\/\/pc.sc.gov.br\/index.php?rest_route=%2Fwp%2Fv2%2Fmedia&parent=17402"}],"wp:term":[{"taxonomy":"category","embeddable":true,"href":"https:\/\/pc.sc.gov.br\/index.php?rest_route=%2Fwp%2Fv2%2Fcategories&post=17402"},{"taxonomy":"post_tag","embeddable":true,"href":"https:\/\/pc.sc.gov.br\/index.php?rest_route=%2Fwp%2Fv2%2Ftags&post=17402"}],"curies":[{"name":"wp","href":"https:\/\/api.w.org\/{rel}","templated":true}]}}