{"id":17408,"date":"2024-02-14T15:47:57","date_gmt":"2024-02-14T18:47:57","guid":{"rendered":"https:\/\/pc.sc.gov.br\/?p=17408"},"modified":"2024-02-14T15:49:02","modified_gmt":"2024-02-14T18:49:02","slug":"policia-civil-apreende-arma-de-fogo-no-municipio-de-palmeira","status":"publish","type":"post","link":"https:\/\/pc.sc.gov.br\/?p=17408","title":{"rendered":"Pol\u00edcia Civil apreende arma de fogo no munic\u00edpio de Palmeira"},"content":{"rendered":"\t\t<div data-elementor-type=\"wp-post\" data-elementor-id=\"17408\" class=\"elementor elementor-17408\" data-elementor-post-type=\"post\">\n\t\t\t\t\t\t<section class=\"elementor-section elementor-top-section elementor-element elementor-element-1f3119f elementor-section-boxed elementor-section-height-default elementor-section-height-default\" data-id=\"1f3119f\" data-element_type=\"section\">\n\t\t\t\t\t\t<div class=\"elementor-container elementor-column-gap-default\">\n\t\t\t\t\t<div class=\"elementor-column elementor-col-100 elementor-top-column elementor-element elementor-element-8eec2b4\" data-id=\"8eec2b4\" data-element_type=\"column\">\n\t\t\t<div class=\"elementor-widget-wrap elementor-element-populated\">\n\t\t\t\t\t\t<div class=\"elementor-element elementor-element-e742331 elementor-widget elementor-widget-heading\" data-id=\"e742331\" data-element_type=\"widget\" data-widget_type=\"heading.default\">\n\t\t\t\t<div class=\"elementor-widget-container\">\n\t\t\t\t\t<h2 class=\"elementor-heading-title elementor-size-default\">Pol\u00edcia Civil apreende arma de fogo no munic\u00edpio de Palmeira<\/h2>\t\t\t\t<\/div>\n\t\t\t\t<\/div>\n\t\t\t\t\t<\/div>\n\t\t<\/div>\n\t\t\t\t\t<\/div>\n\t\t<\/section>\n\t\t\t\t<section class=\"elementor-section elementor-top-section elementor-element elementor-element-b65ebdf elementor-section-boxed elementor-section-height-default elementor-section-height-default\" data-id=\"b65ebdf\" data-element_type=\"section\">\n\t\t\t\t\t\t<div class=\"elementor-container elementor-column-gap-default\">\n\t\t\t\t\t<div class=\"elementor-column elementor-col-100 elementor-top-column elementor-element elementor-element-c12097b\" data-id=\"c12097b\" data-element_type=\"column\">\n\t\t\t<div class=\"elementor-widget-wrap elementor-element-populated\">\n\t\t\t\t\t\t<div class=\"elementor-element elementor-element-9f0e27a elementor-widget elementor-widget-image\" data-id=\"9f0e27a\" data-element_type=\"widget\" data-widget_type=\"image.default\">\n\t\t\t\t<div class=\"elementor-widget-container\">\n\t\t\t\t\t\t\t\t\t\t\t\t\t\t\t<img fetchpriority=\"high\" decoding=\"async\" width=\"696\" height=\"722\" src=\"https:\/\/pc.sc.gov.br\/\/wp-content\/uploads\/2024\/02\/0c5c5228-3f5b-462b-8f6a-148562aff302-fotor-20240214154335-987x1024.jpg\" class=\"attachment-large size-large wp-image-17409\" alt=\"\" srcset=\"https:\/\/pc.sc.gov.br\/\/wp-content\/uploads\/2024\/02\/0c5c5228-3f5b-462b-8f6a-148562aff302-fotor-20240214154335-987x1024.jpg 987w, https:\/\/pc.sc.gov.br\/\/wp-content\/uploads\/2024\/02\/0c5c5228-3f5b-462b-8f6a-148562aff302-fotor-20240214154335-289x300.jpg 289w, https:\/\/pc.sc.gov.br\/\/wp-content\/uploads\/2024\/02\/0c5c5228-3f5b-462b-8f6a-148562aff302-fotor-20240214154335-768x797.jpg 768w, https:\/\/pc.sc.gov.br\/\/wp-content\/uploads\/2024\/02\/0c5c5228-3f5b-462b-8f6a-148562aff302-fotor-20240214154335.jpg 1108w\" sizes=\"(max-width: 696px) 100vw, 696px\" \/>\t\t\t\t\t\t\t\t\t\t\t\t\t\t\t<\/div>\n\t\t\t\t<\/div>\n\t\t\t\t\t<\/div>\n\t\t<\/div>\n\t\t\t\t\t<\/div>\n\t\t<\/section>\n\t\t\t\t<section class=\"elementor-section elementor-top-section elementor-element elementor-element-4e0d994 elementor-section-boxed elementor-section-height-default elementor-section-height-default\" data-id=\"4e0d994\" data-element_type=\"section\">\n\t\t\t\t\t\t<div class=\"elementor-container elementor-column-gap-default\">\n\t\t\t\t\t<div class=\"elementor-column elementor-col-100 elementor-top-column elementor-element elementor-element-f2c972f\" data-id=\"f2c972f\" data-element_type=\"column\">\n\t\t\t<div class=\"elementor-widget-wrap elementor-element-populated\">\n\t\t\t\t\t\t<div class=\"elementor-element elementor-element-b7f990f elementor-widget elementor-widget-text-editor\" data-id=\"b7f990f\" data-element_type=\"widget\" data-widget_type=\"text-editor.default\">\n\t\t\t\t<div class=\"elementor-widget-container\">\n\t\t\t\t\t\t\t\t\t<p>A Pol\u00edcia Civil de Santa Catarina, por meio da DPMu de Palmeira e com aux\u00edlio DPCO de Otac\u00edlio Costa,&nbsp; apreendeu na \u00faltima sexta-feira (9) uma arma de fogo, um rev\u00f3lver calibre .22 LR e seis muni\u00e7\u00f5es intactas, na comunidade de Mato Escuro, interior do munic\u00edpio da Palmeira.&nbsp;<\/p>\n<p>A arma de fogo est\u00e1 ligada a procedimento policial que apura a pr\u00e1tica dos crimes de omiss\u00e3o de cautela e posse ilegal de arma de fogo, infra\u00e7\u00f5es penais previstas no estatuto do desarmamento.<\/p>\t\t\t\t\t\t\t\t<\/div>\n\t\t\t\t<\/div>\n\t\t\t\t\t<\/div>\n\t\t<\/div>\n\t\t\t\t\t<\/div>\n\t\t<\/section>\n\t\t\t\t<\/div>\n\t\t","protected":false},"excerpt":{"rendered":"<p>Pol\u00edcia Civil apreende arma de fogo no munic\u00edpio de Palmeira A Pol\u00edcia Civil de Santa Catarina, por meio da DPMu de Palmeira e com aux\u00edlio DPCO de Otac\u00edlio Costa,&nbsp; apreendeu na \u00faltima sexta-feira (9) uma arma de fogo, um rev\u00f3lver calibre .22 LR e seis muni\u00e7\u00f5es intactas, na comunidade de Mato Escuro, interior do munic\u00edpio [&hellip;]<\/p>\n","protected":false},"author":5,"featured_media":17409,"comment_status":"closed","ping_status":"open","sticky":false,"template":"","format":"standard","meta":{"_monsterinsights_skip_tracking":false,"_monsterinsights_sitenote_active":false,"_monsterinsights_sitenote_note":"","_monsterinsights_sitenote_category":0,"footnotes":""},"categories":[1],"tags":[],"class_list":["post-17408","post","type-post","status-publish","format-standard","has-post-thumbnail","hentry","category-sem-categoria"],"_links":{"self":[{"href":"https:\/\/pc.sc.gov.br\/index.php?rest_route=\/wp\/v2\/posts\/17408","targetHints":{"allow":["GET"]}}],"collection":[{"href":"https:\/\/pc.sc.gov.br\/index.php?rest_route=\/wp\/v2\/posts"}],"about":[{"href":"https:\/\/pc.sc.gov.br\/index.php?rest_route=\/wp\/v2\/types\/post"}],"author":[{"embeddable":true,"href":"https:\/\/pc.sc.gov.br\/index.php?rest_route=\/wp\/v2\/users\/5"}],"replies":[{"embeddable":true,"href":"https:\/\/pc.sc.gov.br\/index.php?rest_route=%2Fwp%2Fv2%2Fcomments&post=17408"}],"version-history":[{"count":4,"href":"https:\/\/pc.sc.gov.br\/index.php?rest_route=\/wp\/v2\/posts\/17408\/revisions"}],"predecessor-version":[{"id":17413,"href":"https:\/\/pc.sc.gov.br\/index.php?rest_route=\/wp\/v2\/posts\/17408\/revisions\/17413"}],"wp:featuredmedia":[{"embeddable":true,"href":"https:\/\/pc.sc.gov.br\/index.php?rest_route=\/wp\/v2\/media\/17409"}],"wp:attachment":[{"href":"https:\/\/pc.sc.gov.br\/index.php?rest_route=%2Fwp%2Fv2%2Fmedia&parent=17408"}],"wp:term":[{"taxonomy":"category","embeddable":true,"href":"https:\/\/pc.sc.gov.br\/index.php?rest_route=%2Fwp%2Fv2%2Fcategories&post=17408"},{"taxonomy":"post_tag","embeddable":true,"href":"https:\/\/pc.sc.gov.br\/index.php?rest_route=%2Fwp%2Fv2%2Ftags&post=17408"}],"curies":[{"name":"wp","href":"https:\/\/api.w.org\/{rel}","templated":true}]}}