{"id":17428,"date":"2024-02-15T13:29:49","date_gmt":"2024-02-15T16:29:49","guid":{"rendered":"https:\/\/pc.sc.gov.br\/?p=17428"},"modified":"2024-02-15T13:31:11","modified_gmt":"2024-02-15T16:31:11","slug":"policia-civil-deflagra-operacao-conexao-em-cinco-cidades-catarinenses-e-prende-oito-pessoas","status":"publish","type":"post","link":"https:\/\/pc.sc.gov.br\/?p=17428","title":{"rendered":"Pol\u00edcia Civil deflagra opera\u00e7\u00e3o \u201cConex\u00e3o\u201d em cinco cidades catarinenses e prende oito pessoas"},"content":{"rendered":"\t\t<div data-elementor-type=\"wp-post\" data-elementor-id=\"17428\" class=\"elementor elementor-17428\" data-elementor-post-type=\"post\">\n\t\t\t\t\t\t<section class=\"elementor-section elementor-top-section elementor-element elementor-element-b1ae4e0 elementor-section-boxed elementor-section-height-default elementor-section-height-default\" data-id=\"b1ae4e0\" data-element_type=\"section\">\n\t\t\t\t\t\t<div class=\"elementor-container elementor-column-gap-default\">\n\t\t\t\t\t<div class=\"elementor-column elementor-col-100 elementor-top-column elementor-element elementor-element-9f491b1\" data-id=\"9f491b1\" data-element_type=\"column\">\n\t\t\t<div class=\"elementor-widget-wrap elementor-element-populated\">\n\t\t\t\t\t\t<div class=\"elementor-element elementor-element-6e49c28 elementor-widget elementor-widget-heading\" data-id=\"6e49c28\" data-element_type=\"widget\" data-widget_type=\"heading.default\">\n\t\t\t\t<div class=\"elementor-widget-container\">\n\t\t\t\t\t<h2 class=\"elementor-heading-title elementor-size-default\">Pol\u00edcia Civil deflagra opera\u00e7\u00e3o \u201cConex\u00e3o\u201d em cinco cidades catarinenses e prende oito pessoas<\/h2>\t\t\t\t<\/div>\n\t\t\t\t<\/div>\n\t\t\t\t\t<\/div>\n\t\t<\/div>\n\t\t\t\t\t<\/div>\n\t\t<\/section>\n\t\t\t\t<section class=\"elementor-section elementor-top-section elementor-element elementor-element-f7c3894 elementor-section-boxed elementor-section-height-default elementor-section-height-default\" data-id=\"f7c3894\" data-element_type=\"section\">\n\t\t\t\t\t\t<div class=\"elementor-container elementor-column-gap-default\">\n\t\t\t\t\t<div class=\"elementor-column elementor-col-100 elementor-top-column elementor-element elementor-element-352a3bf\" data-id=\"352a3bf\" data-element_type=\"column\">\n\t\t\t<div class=\"elementor-widget-wrap elementor-element-populated\">\n\t\t\t\t\t\t<div class=\"elementor-element elementor-element-ea45d0d elementor-widget elementor-widget-image\" data-id=\"ea45d0d\" data-element_type=\"widget\" data-widget_type=\"image.default\">\n\t\t\t\t<div class=\"elementor-widget-container\">\n\t\t\t\t\t\t\t\t\t\t\t\t\t\t\t<img fetchpriority=\"high\" decoding=\"async\" width=\"696\" height=\"928\" src=\"https:\/\/pc.sc.gov.br\/\/wp-content\/uploads\/2024\/02\/WhatsApp-Image-2024-02-15-at-12.58.59-768x1024.jpeg\" class=\"attachment-large size-large wp-image-17433\" alt=\"\" srcset=\"https:\/\/pc.sc.gov.br\/\/wp-content\/uploads\/2024\/02\/WhatsApp-Image-2024-02-15-at-12.58.59-768x1024.jpeg 768w, https:\/\/pc.sc.gov.br\/\/wp-content\/uploads\/2024\/02\/WhatsApp-Image-2024-02-15-at-12.58.59-225x300.jpeg 225w, https:\/\/pc.sc.gov.br\/\/wp-content\/uploads\/2024\/02\/WhatsApp-Image-2024-02-15-at-12.58.59.jpeg 960w\" sizes=\"(max-width: 696px) 100vw, 696px\" \/>\t\t\t\t\t\t\t\t\t\t\t\t\t\t\t<\/div>\n\t\t\t\t<\/div>\n\t\t\t\t\t<\/div>\n\t\t<\/div>\n\t\t\t\t\t<\/div>\n\t\t<\/section>\n\t\t\t\t<section class=\"elementor-section elementor-top-section elementor-element elementor-element-d8d861c elementor-section-boxed elementor-section-height-default elementor-section-height-default\" data-id=\"d8d861c\" data-element_type=\"section\">\n\t\t\t\t\t\t<div class=\"elementor-container elementor-column-gap-default\">\n\t\t\t\t\t<div class=\"elementor-column elementor-col-100 elementor-top-column elementor-element elementor-element-73470af\" data-id=\"73470af\" data-element_type=\"column\">\n\t\t\t<div class=\"elementor-widget-wrap elementor-element-populated\">\n\t\t\t\t\t\t<div class=\"elementor-element elementor-element-b58551e elementor-widget elementor-widget-text-editor\" data-id=\"b58551e\" data-element_type=\"widget\" data-widget_type=\"text-editor.default\">\n\t\t\t\t<div class=\"elementor-widget-container\">\n\t\t\t\t\t\t\t\t\t<p>Na manh\u00e3 desta-quinta (15), a Pol\u00edcia Civil de Santa Catarina, por meio da Divis\u00e3o de Investiga\u00e7\u00e3o Criminal (DIC) de Ca\u00e7ador, deflagrou a opera\u00e7\u00e3o \u201cConex\u00e3o\u201d, que visa o cumprimento de catorze ordens judiciais, dentre elas, oito mandados de pris\u00e3o preventiva e seis mandados de busca e apreens\u00e3o, em Ca\u00e7ador, Lebon R\u00e9gis, Itapo\u00e1, Balne\u00e1rio Pi\u00e7arras e Palho\u00e7a.<\/p><p>Segundo consta, atrav\u00e9s de algumas apreens\u00f5es de drogas realizadas recentemente, verificou-se uma associa\u00e7\u00e3o criminosa voltada ao cometimento do crime de tr\u00e1fico de drogas na regi\u00e3o. Ainda, comprovou-se o envolvimento de um homem, morador de Balne\u00e1rio Pi\u00e7arras, que seria um dos principais fornecedores de drogas da cidade de Ca\u00e7ador.<\/p><p>Assim, depois da investiga\u00e7\u00e3o realizada pela DIC, representou-se pela pris\u00e3o preventiva e de busca e apreens\u00e3o domiciliar de todos eles, pleito integralmente deferido pelo Poder Judici\u00e1rio, ap\u00f3s manifesta\u00e7\u00e3o favor\u00e1vel do Minist\u00e9rio P\u00fablico.<\/p><p>Participaram da opera\u00e7\u00e3o cerca de 30 policiais civis, visando dar cumprimento \u00e0s ordens judiciais. Todos investigados foram localizados e presos. Al\u00e9m disso, dois deles foram encontrados com drogas em suas residenciais, motivo pelo qual tamb\u00e9m ser\u00e3o autuados em flagrante delito.<\/p><p>A investiga\u00e7\u00e3o segue no sentido de identificar o maior n\u00famero de pessoas envolvidas com a narcotrafic\u00e2ncia na cidade de Ca\u00e7ador e regi\u00e3o. Por fim, a opera\u00e7\u00e3o contou com apoio de policiais civis das Delegacias que comp\u00f5e a regional de Ca\u00e7ador, Delegacias de Itapo\u00e1 e Balne\u00e1rio Pi\u00e7arras, DICs de Videira e Palho\u00e7a e o Canil da PCSC.<\/p>\t\t\t\t\t\t\t\t<\/div>\n\t\t\t\t<\/div>\n\t\t\t\t\t<\/div>\n\t\t<\/div>\n\t\t\t\t\t<\/div>\n\t\t<\/section>\n\t\t\t\t<section class=\"elementor-section elementor-top-section elementor-element elementor-element-9dcbfa7 elementor-section-boxed elementor-section-height-default elementor-section-height-default\" data-id=\"9dcbfa7\" data-element_type=\"section\">\n\t\t\t\t\t\t<div class=\"elementor-container elementor-column-gap-default\">\n\t\t\t\t\t<div class=\"elementor-column elementor-col-100 elementor-top-column elementor-element elementor-element-acffc84\" data-id=\"acffc84\" data-element_type=\"column\">\n\t\t\t<div class=\"elementor-widget-wrap elementor-element-populated\">\n\t\t\t\t\t\t<div class=\"elementor-element elementor-element-f3d31e0 elementor-widget elementor-widget-image\" data-id=\"f3d31e0\" data-element_type=\"widget\" data-widget_type=\"image.default\">\n\t\t\t\t<div class=\"elementor-widget-container\">\n\t\t\t\t\t\t\t\t\t\t\t\t\t\t\t<img decoding=\"async\" width=\"696\" height=\"928\" src=\"https:\/\/pc.sc.gov.br\/\/wp-content\/uploads\/2024\/02\/WhatsApp-Image-2024-02-15-at-12.59.00-1-1-768x1024.jpeg\" class=\"attachment-large size-large wp-image-17432\" alt=\"\" srcset=\"https:\/\/pc.sc.gov.br\/\/wp-content\/uploads\/2024\/02\/WhatsApp-Image-2024-02-15-at-12.59.00-1-1-768x1024.jpeg 768w, https:\/\/pc.sc.gov.br\/\/wp-content\/uploads\/2024\/02\/WhatsApp-Image-2024-02-15-at-12.59.00-1-1-225x300.jpeg 225w, https:\/\/pc.sc.gov.br\/\/wp-content\/uploads\/2024\/02\/WhatsApp-Image-2024-02-15-at-12.59.00-1-1.jpeg 960w\" sizes=\"(max-width: 696px) 100vw, 696px\" \/>\t\t\t\t\t\t\t\t\t\t\t\t\t\t\t<\/div>\n\t\t\t\t<\/div>\n\t\t\t\t\t<\/div>\n\t\t<\/div>\n\t\t\t\t\t<\/div>\n\t\t<\/section>\n\t\t\t\t<section class=\"elementor-section elementor-top-section elementor-element elementor-element-c12b897 elementor-section-boxed elementor-section-height-default elementor-section-height-default\" data-id=\"c12b897\" data-element_type=\"section\">\n\t\t\t\t\t\t<div class=\"elementor-container elementor-column-gap-default\">\n\t\t\t\t\t<div class=\"elementor-column elementor-col-100 elementor-top-column elementor-element elementor-element-1b6147c\" data-id=\"1b6147c\" data-element_type=\"column\">\n\t\t\t<div class=\"elementor-widget-wrap elementor-element-populated\">\n\t\t\t\t\t\t<div class=\"elementor-element elementor-element-569e901 elementor-widget elementor-widget-image\" data-id=\"569e901\" data-element_type=\"widget\" data-widget_type=\"image.default\">\n\t\t\t\t<div class=\"elementor-widget-container\">\n\t\t\t\t\t\t\t\t\t\t\t\t\t\t\t<img decoding=\"async\" width=\"576\" height=\"1024\" src=\"https:\/\/pc.sc.gov.br\/\/wp-content\/uploads\/2024\/02\/WhatsApp-Image-2024-02-15-at-12.59.00-2-576x1024.jpeg\" class=\"attachment-large size-large wp-image-17431\" alt=\"\" srcset=\"https:\/\/pc.sc.gov.br\/\/wp-content\/uploads\/2024\/02\/WhatsApp-Image-2024-02-15-at-12.59.00-2-576x1024.jpeg 576w, https:\/\/pc.sc.gov.br\/\/wp-content\/uploads\/2024\/02\/WhatsApp-Image-2024-02-15-at-12.59.00-2-169x300.jpeg 169w, https:\/\/pc.sc.gov.br\/\/wp-content\/uploads\/2024\/02\/WhatsApp-Image-2024-02-15-at-12.59.00-2.jpeg 720w\" sizes=\"(max-width: 576px) 100vw, 576px\" \/>\t\t\t\t\t\t\t\t\t\t\t\t\t\t\t<\/div>\n\t\t\t\t<\/div>\n\t\t\t\t\t<\/div>\n\t\t<\/div>\n\t\t\t\t\t<\/div>\n\t\t<\/section>\n\t\t\t\t<\/div>\n\t\t","protected":false},"excerpt":{"rendered":"<p>Pol\u00edcia Civil deflagra opera\u00e7\u00e3o \u201cConex\u00e3o\u201d em cinco cidades catarinenses e prende oito pessoas Na manh\u00e3 desta-quinta (15), a Pol\u00edcia Civil de Santa Catarina, por meio da Divis\u00e3o de Investiga\u00e7\u00e3o Criminal (DIC) de Ca\u00e7ador, deflagrou a opera\u00e7\u00e3o \u201cConex\u00e3o\u201d, que visa o cumprimento de catorze ordens judiciais, dentre elas, oito mandados de pris\u00e3o preventiva e seis mandados [&hellip;]<\/p>\n","protected":false},"author":5,"featured_media":17433,"comment_status":"closed","ping_status":"open","sticky":false,"template":"","format":"standard","meta":{"_monsterinsights_skip_tracking":false,"_monsterinsights_sitenote_active":false,"_monsterinsights_sitenote_note":"","_monsterinsights_sitenote_category":0,"footnotes":""},"categories":[1],"tags":[],"class_list":["post-17428","post","type-post","status-publish","format-standard","has-post-thumbnail","hentry","category-sem-categoria"],"_links":{"self":[{"href":"https:\/\/pc.sc.gov.br\/index.php?rest_route=\/wp\/v2\/posts\/17428","targetHints":{"allow":["GET"]}}],"collection":[{"href":"https:\/\/pc.sc.gov.br\/index.php?rest_route=\/wp\/v2\/posts"}],"about":[{"href":"https:\/\/pc.sc.gov.br\/index.php?rest_route=\/wp\/v2\/types\/post"}],"author":[{"embeddable":true,"href":"https:\/\/pc.sc.gov.br\/index.php?rest_route=\/wp\/v2\/users\/5"}],"replies":[{"embeddable":true,"href":"https:\/\/pc.sc.gov.br\/index.php?rest_route=%2Fwp%2Fv2%2Fcomments&post=17428"}],"version-history":[{"count":4,"href":"https:\/\/pc.sc.gov.br\/index.php?rest_route=\/wp\/v2\/posts\/17428\/revisions"}],"predecessor-version":[{"id":17437,"href":"https:\/\/pc.sc.gov.br\/index.php?rest_route=\/wp\/v2\/posts\/17428\/revisions\/17437"}],"wp:featuredmedia":[{"embeddable":true,"href":"https:\/\/pc.sc.gov.br\/index.php?rest_route=\/wp\/v2\/media\/17433"}],"wp:attachment":[{"href":"https:\/\/pc.sc.gov.br\/index.php?rest_route=%2Fwp%2Fv2%2Fmedia&parent=17428"}],"wp:term":[{"taxonomy":"category","embeddable":true,"href":"https:\/\/pc.sc.gov.br\/index.php?rest_route=%2Fwp%2Fv2%2Fcategories&post=17428"},{"taxonomy":"post_tag","embeddable":true,"href":"https:\/\/pc.sc.gov.br\/index.php?rest_route=%2Fwp%2Fv2%2Ftags&post=17428"}],"curies":[{"name":"wp","href":"https:\/\/api.w.org\/{rel}","templated":true}]}}