{"id":17438,"date":"2024-02-15T14:12:46","date_gmt":"2024-02-15T17:12:46","guid":{"rendered":"https:\/\/pc.sc.gov.br\/?p=17438"},"modified":"2024-02-15T14:13:37","modified_gmt":"2024-02-15T17:13:37","slug":"policia-civil-prende-homem-investigado-por-homicidio-ocorrido-em-janeiro-deste-ano-em-biguacu","status":"publish","type":"post","link":"https:\/\/pc.sc.gov.br\/?p=17438","title":{"rendered":"Pol\u00edcia Civil prende homem investigado por homic\u00eddio ocorrido em janeiro deste ano em Bigua\u00e7u"},"content":{"rendered":"\t\t<div data-elementor-type=\"wp-post\" data-elementor-id=\"17438\" class=\"elementor elementor-17438\" data-elementor-post-type=\"post\">\n\t\t\t\t\t\t<section class=\"elementor-section elementor-top-section elementor-element elementor-element-4e429a0 elementor-section-boxed elementor-section-height-default elementor-section-height-default\" data-id=\"4e429a0\" data-element_type=\"section\">\n\t\t\t\t\t\t<div class=\"elementor-container elementor-column-gap-default\">\n\t\t\t\t\t<div class=\"elementor-column elementor-col-100 elementor-top-column elementor-element elementor-element-f0c84a9\" data-id=\"f0c84a9\" data-element_type=\"column\">\n\t\t\t<div class=\"elementor-widget-wrap elementor-element-populated\">\n\t\t\t\t\t\t<div class=\"elementor-element elementor-element-8b2283a elementor-widget elementor-widget-heading\" data-id=\"8b2283a\" data-element_type=\"widget\" data-widget_type=\"heading.default\">\n\t\t\t\t<div class=\"elementor-widget-container\">\n\t\t\t\t\t<h2 class=\"elementor-heading-title elementor-size-default\">Pol\u00edcia Civil prende homem investigado por homic\u00eddio ocorrido em janeiro deste ano em Bigua\u00e7u <\/h2>\t\t\t\t<\/div>\n\t\t\t\t<\/div>\n\t\t\t\t\t<\/div>\n\t\t<\/div>\n\t\t\t\t\t<\/div>\n\t\t<\/section>\n\t\t\t\t<section class=\"elementor-section elementor-top-section elementor-element elementor-element-339d457 elementor-section-boxed elementor-section-height-default elementor-section-height-default\" data-id=\"339d457\" data-element_type=\"section\">\n\t\t\t\t\t\t<div class=\"elementor-container elementor-column-gap-default\">\n\t\t\t\t\t<div class=\"elementor-column elementor-col-100 elementor-top-column elementor-element elementor-element-899f717\" data-id=\"899f717\" data-element_type=\"column\">\n\t\t\t<div class=\"elementor-widget-wrap elementor-element-populated\">\n\t\t\t\t\t\t<div class=\"elementor-element elementor-element-e894b7b elementor-widget elementor-widget-image\" data-id=\"e894b7b\" data-element_type=\"widget\" data-widget_type=\"image.default\">\n\t\t\t\t<div class=\"elementor-widget-container\">\n\t\t\t\t\t\t\t\t\t\t\t\t\t\t\t<img fetchpriority=\"high\" decoding=\"async\" width=\"696\" height=\"392\" src=\"https:\/\/pc.sc.gov.br\/\/wp-content\/uploads\/2024\/02\/C0024T01-2-1024x576.jpg\" class=\"attachment-large size-large wp-image-17335\" alt=\"\" srcset=\"https:\/\/pc.sc.gov.br\/\/wp-content\/uploads\/2024\/02\/C0024T01-2-1024x576.jpg 1024w, https:\/\/pc.sc.gov.br\/\/wp-content\/uploads\/2024\/02\/C0024T01-2-300x169.jpg 300w, https:\/\/pc.sc.gov.br\/\/wp-content\/uploads\/2024\/02\/C0024T01-2-768x432.jpg 768w, https:\/\/pc.sc.gov.br\/\/wp-content\/uploads\/2024\/02\/C0024T01-2.jpg 1280w\" sizes=\"(max-width: 696px) 100vw, 696px\" \/>\t\t\t\t\t\t\t\t\t\t\t\t\t\t\t<\/div>\n\t\t\t\t<\/div>\n\t\t\t\t\t<\/div>\n\t\t<\/div>\n\t\t\t\t\t<\/div>\n\t\t<\/section>\n\t\t\t\t<section class=\"elementor-section elementor-top-section elementor-element elementor-element-d1212e9 elementor-section-boxed elementor-section-height-default elementor-section-height-default\" data-id=\"d1212e9\" data-element_type=\"section\">\n\t\t\t\t\t\t<div class=\"elementor-container elementor-column-gap-default\">\n\t\t\t\t\t<div class=\"elementor-column elementor-col-100 elementor-top-column elementor-element elementor-element-6e831e8\" data-id=\"6e831e8\" data-element_type=\"column\">\n\t\t\t<div class=\"elementor-widget-wrap elementor-element-populated\">\n\t\t\t\t\t\t<div class=\"elementor-element elementor-element-7e47edf elementor-widget elementor-widget-text-editor\" data-id=\"7e47edf\" data-element_type=\"widget\" data-widget_type=\"text-editor.default\">\n\t\t\t\t<div class=\"elementor-widget-container\">\n\t\t\t\t\t\t\t\t\t<p>Nesta quinta-feira (15), a Pol\u00edcia Civil de Santa Catarina, por meio da Delegacia de Pol\u00edcia da Comarca de Bigua\u00e7u, prendeu um investigado pelo homic\u00eddio de um homem, ocorrido no final de janeiro deste ano, no bairro Balne\u00e1rio S\u00e3o Miguel, em Bigua\u00e7u.<\/p><p>Na manh\u00e3 do dia 24 de janeiro, a s\u00f3cia da v\u00edtima, desconfiada de seu atraso ao trabalho, resolveu ir at\u00e9 sua resid\u00eancia, encontrando o homem morto a tiros dentro de casa. Ap\u00f3s intensos trabalhos de investiga\u00e7\u00e3o, os policiais civis de Bigua\u00e7u encontraram ind\u00edcios de que o crime ocorreu por volta das 22h do dia anterior, no momento em que a v\u00edtima chegava a casa, sendo o autor dos disparos o atual companheiro da s\u00f3cia da v\u00edtima.<\/p><p>Segundo o delegado Felipe Sim\u00e3o Gomes, h\u00e1 diversas provas que indicam tratar-se de crime passional, onde o autor dos disparos, movido por um ci\u00fame desmedido em rela\u00e7\u00e3o a sua companheira, procurou ter acesso a uma arma de fogo. Ele teria perseguido a v\u00edtima e desferido quatro tiros, acreditando haver uma rela\u00e7\u00e3o amorosa entre os s\u00f3cios, que j\u00e1 foram um casal, mas decidiram pela separa\u00e7\u00e3o consensual um ano antes.<\/p><p>Al\u00e9m da pris\u00e3o do investigado, foram cumpridas buscas em seu endere\u00e7o visando encontrar provas adicionais do crime. As investiga\u00e7\u00f5es ser\u00e3o conclu\u00eddas nos pr\u00f3ximos dias para que o fato seja apreciado na fase judicial.<\/p>\t\t\t\t\t\t\t\t<\/div>\n\t\t\t\t<\/div>\n\t\t\t\t\t<\/div>\n\t\t<\/div>\n\t\t\t\t\t<\/div>\n\t\t<\/section>\n\t\t\t\t<\/div>\n\t\t","protected":false},"excerpt":{"rendered":"<p>Pol\u00edcia Civil prende homem investigado por homic\u00eddio ocorrido em janeiro deste ano em Bigua\u00e7u Nesta quinta-feira (15), a Pol\u00edcia Civil de Santa Catarina, por meio da Delegacia de Pol\u00edcia da Comarca de Bigua\u00e7u, prendeu um investigado pelo homic\u00eddio de um homem, ocorrido no final de janeiro deste ano, no bairro Balne\u00e1rio S\u00e3o Miguel, em Bigua\u00e7u. [&hellip;]<\/p>\n","protected":false},"author":5,"featured_media":17335,"comment_status":"closed","ping_status":"open","sticky":false,"template":"","format":"standard","meta":{"_monsterinsights_skip_tracking":false,"_monsterinsights_sitenote_active":false,"_monsterinsights_sitenote_note":"","_monsterinsights_sitenote_category":0,"footnotes":""},"categories":[1],"tags":[],"class_list":["post-17438","post","type-post","status-publish","format-standard","has-post-thumbnail","hentry","category-sem-categoria"],"_links":{"self":[{"href":"https:\/\/pc.sc.gov.br\/index.php?rest_route=\/wp\/v2\/posts\/17438","targetHints":{"allow":["GET"]}}],"collection":[{"href":"https:\/\/pc.sc.gov.br\/index.php?rest_route=\/wp\/v2\/posts"}],"about":[{"href":"https:\/\/pc.sc.gov.br\/index.php?rest_route=\/wp\/v2\/types\/post"}],"author":[{"embeddable":true,"href":"https:\/\/pc.sc.gov.br\/index.php?rest_route=\/wp\/v2\/users\/5"}],"replies":[{"embeddable":true,"href":"https:\/\/pc.sc.gov.br\/index.php?rest_route=%2Fwp%2Fv2%2Fcomments&post=17438"}],"version-history":[{"count":4,"href":"https:\/\/pc.sc.gov.br\/index.php?rest_route=\/wp\/v2\/posts\/17438\/revisions"}],"predecessor-version":[{"id":17442,"href":"https:\/\/pc.sc.gov.br\/index.php?rest_route=\/wp\/v2\/posts\/17438\/revisions\/17442"}],"wp:featuredmedia":[{"embeddable":true,"href":"https:\/\/pc.sc.gov.br\/index.php?rest_route=\/wp\/v2\/media\/17335"}],"wp:attachment":[{"href":"https:\/\/pc.sc.gov.br\/index.php?rest_route=%2Fwp%2Fv2%2Fmedia&parent=17438"}],"wp:term":[{"taxonomy":"category","embeddable":true,"href":"https:\/\/pc.sc.gov.br\/index.php?rest_route=%2Fwp%2Fv2%2Fcategories&post=17438"},{"taxonomy":"post_tag","embeddable":true,"href":"https:\/\/pc.sc.gov.br\/index.php?rest_route=%2Fwp%2Fv2%2Ftags&post=17438"}],"curies":[{"name":"wp","href":"https:\/\/api.w.org\/{rel}","templated":true}]}}