{"id":17449,"date":"2024-02-16T13:51:46","date_gmt":"2024-02-16T16:51:46","guid":{"rendered":"https:\/\/pc.sc.gov.br\/?p=17449"},"modified":"2024-02-16T13:52:46","modified_gmt":"2024-02-16T16:52:46","slug":"policia-civil-prende-suspeito-de-homicidio-qualificado-em-itajai","status":"publish","type":"post","link":"https:\/\/pc.sc.gov.br\/?p=17449","title":{"rendered":"Pol\u00edcia Civil prende suspeito de homic\u00eddio qualificado em Itaja\u00ed"},"content":{"rendered":"\t\t<div data-elementor-type=\"wp-post\" data-elementor-id=\"17449\" class=\"elementor elementor-17449\" data-elementor-post-type=\"post\">\n\t\t\t\t\t\t<section class=\"elementor-section elementor-top-section elementor-element elementor-element-007b58a elementor-section-boxed elementor-section-height-default elementor-section-height-default\" data-id=\"007b58a\" data-element_type=\"section\">\n\t\t\t\t\t\t<div class=\"elementor-container elementor-column-gap-default\">\n\t\t\t\t\t<div class=\"elementor-column elementor-col-100 elementor-top-column elementor-element elementor-element-bc1fe9b\" data-id=\"bc1fe9b\" data-element_type=\"column\">\n\t\t\t<div class=\"elementor-widget-wrap elementor-element-populated\">\n\t\t\t\t\t\t<div class=\"elementor-element elementor-element-24a7f7e elementor-widget elementor-widget-heading\" data-id=\"24a7f7e\" data-element_type=\"widget\" data-widget_type=\"heading.default\">\n\t\t\t\t<div class=\"elementor-widget-container\">\n\t\t\t\t\t<h2 class=\"elementor-heading-title elementor-size-default\">Pol\u00edcia Civil prende suspeito de homic\u00eddio qualificado em Itaja\u00ed <\/h2>\t\t\t\t<\/div>\n\t\t\t\t<\/div>\n\t\t\t\t\t<\/div>\n\t\t<\/div>\n\t\t\t\t\t<\/div>\n\t\t<\/section>\n\t\t\t\t<section class=\"elementor-section elementor-top-section elementor-element elementor-element-87bab6e elementor-section-boxed elementor-section-height-default elementor-section-height-default\" data-id=\"87bab6e\" data-element_type=\"section\">\n\t\t\t\t\t\t<div class=\"elementor-container elementor-column-gap-default\">\n\t\t\t\t\t<div class=\"elementor-column elementor-col-100 elementor-top-column elementor-element elementor-element-240f62e\" data-id=\"240f62e\" data-element_type=\"column\">\n\t\t\t<div class=\"elementor-widget-wrap elementor-element-populated\">\n\t\t\t\t\t\t<div class=\"elementor-element elementor-element-dce3ad0 elementor-widget elementor-widget-image\" data-id=\"dce3ad0\" data-element_type=\"widget\" data-widget_type=\"image.default\">\n\t\t\t\t<div class=\"elementor-widget-container\">\n\t\t\t\t\t\t\t\t\t\t\t\t\t\t\t<img fetchpriority=\"high\" decoding=\"async\" width=\"696\" height=\"663\" src=\"https:\/\/pc.sc.gov.br\/\/wp-content\/uploads\/2023\/07\/dic-joinville-1-e1756932815475-1024x976.jpeg\" class=\"attachment-large size-large wp-image-11299\" alt=\"\" srcset=\"https:\/\/pc.sc.gov.br\/\/wp-content\/uploads\/2023\/07\/dic-joinville-1-e1756932815475-1024x976.jpeg 1024w, https:\/\/pc.sc.gov.br\/\/wp-content\/uploads\/2023\/07\/dic-joinville-1-e1756932815475-300x286.jpeg 300w, https:\/\/pc.sc.gov.br\/\/wp-content\/uploads\/2023\/07\/dic-joinville-1-e1756932815475-768x732.jpeg 768w, https:\/\/pc.sc.gov.br\/\/wp-content\/uploads\/2023\/07\/dic-joinville-1-e1756932815475-1536x1465.jpeg 1536w, https:\/\/pc.sc.gov.br\/\/wp-content\/uploads\/2023\/07\/dic-joinville-1-e1756932815475.jpeg 1573w\" sizes=\"(max-width: 696px) 100vw, 696px\" \/>\t\t\t\t\t\t\t\t\t\t\t\t\t\t\t<\/div>\n\t\t\t\t<\/div>\n\t\t\t\t\t<\/div>\n\t\t<\/div>\n\t\t\t\t\t<\/div>\n\t\t<\/section>\n\t\t\t\t<section class=\"elementor-section elementor-top-section elementor-element elementor-element-a6c5805 elementor-section-boxed elementor-section-height-default elementor-section-height-default\" data-id=\"a6c5805\" data-element_type=\"section\">\n\t\t\t\t\t\t<div class=\"elementor-container elementor-column-gap-default\">\n\t\t\t\t\t<div class=\"elementor-column elementor-col-100 elementor-top-column elementor-element elementor-element-edbdef4\" data-id=\"edbdef4\" data-element_type=\"column\">\n\t\t\t<div class=\"elementor-widget-wrap elementor-element-populated\">\n\t\t\t\t\t\t<div class=\"elementor-element elementor-element-b37f3d4 elementor-widget elementor-widget-text-editor\" data-id=\"b37f3d4\" data-element_type=\"widget\" data-widget_type=\"text-editor.default\">\n\t\t\t\t<div class=\"elementor-widget-container\">\n\t\t\t\t\t\t\t\t\t<p>Na quinta-feira (15), Pol\u00edcia Civil de Santa Catarina, por meio da Divis\u00e3o de Investiga\u00e7\u00e3o Criminal de Itaja\u00ed (DIC), deflagrou opera\u00e7\u00e3o para cumprimento de um mandado de busca e apreens\u00e3o e um mandado de pris\u00e3o tempor\u00e1ria pelo crime de homic\u00eddio qualificado.<br \/>Trata-se de investiga\u00e7\u00e3o sobre morte ocorrida no dia 30 de dezembro de 2023, quando a v\u00edtima, um homem de 43 anos, foi alvejada por quatro disparos de arma de fogo em im\u00f3vel onde funciona um ponto de vendas de entorpecentes, na localidade do Bambuzal, em Itaja\u00ed.<br \/>O suspeito, homem de 34 anos, foi capturado em sua resid\u00eancia no bairro S\u00e3o Vicente, em Itaja\u00ed. O crime foi motivado por desaven\u00e7as relativas ao tr\u00e1fico de drogas. O preso foi encaminhado ao Sistema Penitenci\u00e1rio, onde permanece \u00e0 disposi\u00e7\u00e3o da Justi\u00e7a. O Inqu\u00e9rito Policial ser\u00e1 finalizado nas pr\u00f3ximas semanas.<\/p>\t\t\t\t\t\t\t\t<\/div>\n\t\t\t\t<\/div>\n\t\t\t\t\t<\/div>\n\t\t<\/div>\n\t\t\t\t\t<\/div>\n\t\t<\/section>\n\t\t\t\t<\/div>\n\t\t","protected":false},"excerpt":{"rendered":"<p>Pol\u00edcia Civil prende suspeito de homic\u00eddio qualificado em Itaja\u00ed Na quinta-feira (15), Pol\u00edcia Civil de Santa Catarina, por meio da Divis\u00e3o de Investiga\u00e7\u00e3o Criminal de Itaja\u00ed (DIC), deflagrou opera\u00e7\u00e3o para cumprimento de um mandado de busca e apreens\u00e3o e um mandado de pris\u00e3o tempor\u00e1ria pelo crime de homic\u00eddio qualificado.Trata-se de investiga\u00e7\u00e3o sobre morte ocorrida no [&hellip;]<\/p>\n","protected":false},"author":5,"featured_media":11299,"comment_status":"closed","ping_status":"open","sticky":false,"template":"","format":"standard","meta":{"_monsterinsights_skip_tracking":false,"_monsterinsights_sitenote_active":false,"_monsterinsights_sitenote_note":"","_monsterinsights_sitenote_category":0,"footnotes":""},"categories":[1],"tags":[],"class_list":["post-17449","post","type-post","status-publish","format-standard","has-post-thumbnail","hentry","category-sem-categoria"],"_links":{"self":[{"href":"https:\/\/pc.sc.gov.br\/index.php?rest_route=\/wp\/v2\/posts\/17449","targetHints":{"allow":["GET"]}}],"collection":[{"href":"https:\/\/pc.sc.gov.br\/index.php?rest_route=\/wp\/v2\/posts"}],"about":[{"href":"https:\/\/pc.sc.gov.br\/index.php?rest_route=\/wp\/v2\/types\/post"}],"author":[{"embeddable":true,"href":"https:\/\/pc.sc.gov.br\/index.php?rest_route=\/wp\/v2\/users\/5"}],"replies":[{"embeddable":true,"href":"https:\/\/pc.sc.gov.br\/index.php?rest_route=%2Fwp%2Fv2%2Fcomments&post=17449"}],"version-history":[{"count":4,"href":"https:\/\/pc.sc.gov.br\/index.php?rest_route=\/wp\/v2\/posts\/17449\/revisions"}],"predecessor-version":[{"id":17453,"href":"https:\/\/pc.sc.gov.br\/index.php?rest_route=\/wp\/v2\/posts\/17449\/revisions\/17453"}],"wp:featuredmedia":[{"embeddable":true,"href":"https:\/\/pc.sc.gov.br\/index.php?rest_route=\/wp\/v2\/media\/11299"}],"wp:attachment":[{"href":"https:\/\/pc.sc.gov.br\/index.php?rest_route=%2Fwp%2Fv2%2Fmedia&parent=17449"}],"wp:term":[{"taxonomy":"category","embeddable":true,"href":"https:\/\/pc.sc.gov.br\/index.php?rest_route=%2Fwp%2Fv2%2Fcategories&post=17449"},{"taxonomy":"post_tag","embeddable":true,"href":"https:\/\/pc.sc.gov.br\/index.php?rest_route=%2Fwp%2Fv2%2Ftags&post=17449"}],"curies":[{"name":"wp","href":"https:\/\/api.w.org\/{rel}","templated":true}]}}