{"id":17454,"date":"2024-02-16T13:59:01","date_gmt":"2024-02-16T16:59:01","guid":{"rendered":"https:\/\/pc.sc.gov.br\/?p=17454"},"modified":"2024-02-16T14:00:39","modified_gmt":"2024-02-16T17:00:39","slug":"dh-de-joinville-soluciona-crime-e-prende-duas-pessoas-por-homicidio-duplamente-qualificado-ocorrido-no-bairro-jardim-paraiso","status":"publish","type":"post","link":"https:\/\/pc.sc.gov.br\/?p=17454","title":{"rendered":"DH de Joinville soluciona crime e prende duas pessoas por homic\u00eddio duplamente qualificado ocorrido no bairro Jardim Para\u00edso"},"content":{"rendered":"\t\t<div data-elementor-type=\"wp-post\" data-elementor-id=\"17454\" class=\"elementor elementor-17454\" data-elementor-post-type=\"post\">\n\t\t\t\t\t\t<section class=\"elementor-section elementor-top-section elementor-element elementor-element-7c898d4 elementor-section-boxed elementor-section-height-default elementor-section-height-default\" data-id=\"7c898d4\" data-element_type=\"section\">\n\t\t\t\t\t\t<div class=\"elementor-container elementor-column-gap-default\">\n\t\t\t\t\t<div class=\"elementor-column elementor-col-100 elementor-top-column elementor-element elementor-element-13725b2\" data-id=\"13725b2\" data-element_type=\"column\">\n\t\t\t<div class=\"elementor-widget-wrap elementor-element-populated\">\n\t\t\t\t\t\t<div class=\"elementor-element elementor-element-c6043d5 elementor-widget elementor-widget-heading\" data-id=\"c6043d5\" data-element_type=\"widget\" data-widget_type=\"heading.default\">\n\t\t\t\t<div class=\"elementor-widget-container\">\n\t\t\t\t\t<h2 class=\"elementor-heading-title elementor-size-default\">DH de Joinville soluciona crime e prende duas pessoas por homic\u00eddio duplamente qualificado ocorrido no bairro Jardim Para\u00edso<\/h2>\t\t\t\t<\/div>\n\t\t\t\t<\/div>\n\t\t\t\t\t<\/div>\n\t\t<\/div>\n\t\t\t\t\t<\/div>\n\t\t<\/section>\n\t\t\t\t<section class=\"elementor-section elementor-top-section elementor-element elementor-element-9f34742 elementor-section-boxed elementor-section-height-default elementor-section-height-default\" data-id=\"9f34742\" data-element_type=\"section\">\n\t\t\t\t\t\t<div class=\"elementor-container elementor-column-gap-default\">\n\t\t\t\t\t<div class=\"elementor-column elementor-col-100 elementor-top-column elementor-element elementor-element-dbaaa81\" data-id=\"dbaaa81\" data-element_type=\"column\">\n\t\t\t<div class=\"elementor-widget-wrap elementor-element-populated\">\n\t\t\t\t\t\t<div class=\"elementor-element elementor-element-52662b8 elementor-widget elementor-widget-image\" data-id=\"52662b8\" data-element_type=\"widget\" data-widget_type=\"image.default\">\n\t\t\t\t<div class=\"elementor-widget-container\">\n\t\t\t\t\t\t\t\t\t\t\t\t\t\t\t<img fetchpriority=\"high\" decoding=\"async\" width=\"696\" height=\"365\" src=\"https:\/\/pc.sc.gov.br\/\/wp-content\/uploads\/2024\/02\/4548ae65-77f4-47c6-9786-6abe1c14a118-fotor-20240216135521-1024x537.jpg\" class=\"attachment-large size-large wp-image-17455\" alt=\"\" srcset=\"https:\/\/pc.sc.gov.br\/\/wp-content\/uploads\/2024\/02\/4548ae65-77f4-47c6-9786-6abe1c14a118-fotor-20240216135521-1024x537.jpg 1024w, https:\/\/pc.sc.gov.br\/\/wp-content\/uploads\/2024\/02\/4548ae65-77f4-47c6-9786-6abe1c14a118-fotor-20240216135521-300x157.jpg 300w, https:\/\/pc.sc.gov.br\/\/wp-content\/uploads\/2024\/02\/4548ae65-77f4-47c6-9786-6abe1c14a118-fotor-20240216135521-768x403.jpg 768w, https:\/\/pc.sc.gov.br\/\/wp-content\/uploads\/2024\/02\/4548ae65-77f4-47c6-9786-6abe1c14a118-fotor-20240216135521.jpg 1520w\" sizes=\"(max-width: 696px) 100vw, 696px\" \/>\t\t\t\t\t\t\t\t\t\t\t\t\t\t\t<\/div>\n\t\t\t\t<\/div>\n\t\t\t\t\t<\/div>\n\t\t<\/div>\n\t\t\t\t\t<\/div>\n\t\t<\/section>\n\t\t\t\t<section class=\"elementor-section elementor-top-section elementor-element elementor-element-47560b7 elementor-section-boxed elementor-section-height-default elementor-section-height-default\" data-id=\"47560b7\" data-element_type=\"section\">\n\t\t\t\t\t\t<div class=\"elementor-container elementor-column-gap-default\">\n\t\t\t\t\t<div class=\"elementor-column elementor-col-100 elementor-top-column elementor-element elementor-element-9037056\" data-id=\"9037056\" data-element_type=\"column\">\n\t\t\t<div class=\"elementor-widget-wrap elementor-element-populated\">\n\t\t\t\t\t\t<div class=\"elementor-element elementor-element-0826119 elementor-widget elementor-widget-text-editor\" data-id=\"0826119\" data-element_type=\"widget\" data-widget_type=\"text-editor.default\">\n\t\t\t\t<div class=\"elementor-widget-container\">\n\t\t\t\t\t\t\t\t\t<p>A Pol\u00edcia Civil, por meio da Delegacia de Homic\u00eddios (DH) de Joinville informa que foram conclu\u00eddas as investiga\u00e7\u00f5es do homic\u00eddio, ocorrido em 24 de setembro de 2022, no bairro Jardim Para\u00edso, e sua rela\u00e7\u00e3o com um crime subsequente no mesmo bairro, que resultou na morte de outras duas pessoas.<\/p>\n<p>Ap\u00f3s um per\u00edodo de investiga\u00e7\u00e3o que se estendeu por mais de um ano, as dilig\u00eancias conduzidas pela Delegacia de Homic\u00eddios (DH) culminaram na pris\u00e3o preventiva de dois suspeitos, implicados no crime contra homem. Este caso, caracterizado pela viol\u00eancia e premedita\u00e7\u00e3o, foi resolvido gra\u00e7as ao empenho cont\u00ednuo dos policiais civis e \u00e0 colabora\u00e7\u00e3o da comunidade.<\/p>\n<p>Al\u00e9m de esclarecer o homic\u00eddio ocorrido no dia 24 de setembro, a investiga\u00e7\u00e3o tamb\u00e9m revelou a conex\u00e3o deste caso com outro crime grave cometido no bairro Jardim Para\u00edso, onde duas outras v\u00edtimas foram brutalmente assassinadas, no dia 18 de setembro do mesmo ano. A investiga\u00e7\u00e3o apontou para um padr\u00e3o de viol\u00eancia e para a atua\u00e7\u00e3o de uma rede criminosa com influ\u00eancia significativa na regi\u00e3o.<\/p>\n<p>As pris\u00f5es recentes dos indiv\u00edduos n\u00e3o apenas proporcionam justi\u00e7a para a v\u00edtima e seus familiares, mas tamb\u00e9m representam um avan\u00e7o significativo na elucida\u00e7\u00e3o do crime conexo, contribuindo para o entendimento da din\u00e2mica criminal no bairro Jardim Para\u00edso e fortalecendo as a\u00e7\u00f5es da Pol\u00edcia Civil contra o crime organizado em Joinville.<\/p>\n<p>Este desenvolvimento \u00e9 um testemunho do compromisso da Delegacia de Homic\u00eddios com a justi\u00e7a e a seguran\u00e7a p\u00fablica, reiterando nossa determina\u00e7\u00e3o em resolver casos complexos e combater a criminalidade. Agradecemos \u00e0 comunidade por sua paci\u00eancia, apoio e colabora\u00e7\u00e3o essenciais \u00e0 conclus\u00e3o bem-sucedida dessas investiga\u00e7\u00f5es.<\/p>\n<p>Encorajamos a continuidade dessa colabora\u00e7\u00e3o, lembrando que den\u00fancias podem ser realizadas de forma an\u00f4nima pelo telefone 181, assegurando o total sigilo das informa\u00e7\u00f5es fornecidas.<span style=\"color: var( --e-global-color-text ); font-family: var( --e-global-typography-primary-font-family ), Sans-serif; font-size: var( --e-global-typography-primary-font-size ); font-weight: var( --e-global-typography-primary-font-weight ); letter-spacing: var( --e-global-typography-primary-letter-spacing );\">&nbsp;<\/span><\/p>\t\t\t\t\t\t\t\t<\/div>\n\t\t\t\t<\/div>\n\t\t\t\t\t<\/div>\n\t\t<\/div>\n\t\t\t\t\t<\/div>\n\t\t<\/section>\n\t\t\t\t<\/div>\n\t\t","protected":false},"excerpt":{"rendered":"<p>DH de Joinville soluciona crime e prende duas pessoas por homic\u00eddio duplamente qualificado ocorrido no bairro Jardim Para\u00edso A Pol\u00edcia Civil, por meio da Delegacia de Homic\u00eddios (DH) de Joinville informa que foram conclu\u00eddas as investiga\u00e7\u00f5es do homic\u00eddio, ocorrido em 24 de setembro de 2022, no bairro Jardim Para\u00edso, e sua rela\u00e7\u00e3o com um crime [&hellip;]<\/p>\n","protected":false},"author":5,"featured_media":17455,"comment_status":"closed","ping_status":"open","sticky":false,"template":"","format":"standard","meta":{"_monsterinsights_skip_tracking":false,"_monsterinsights_sitenote_active":false,"_monsterinsights_sitenote_note":"","_monsterinsights_sitenote_category":0,"footnotes":""},"categories":[1],"tags":[],"class_list":["post-17454","post","type-post","status-publish","format-standard","has-post-thumbnail","hentry","category-sem-categoria"],"_links":{"self":[{"href":"https:\/\/pc.sc.gov.br\/index.php?rest_route=\/wp\/v2\/posts\/17454","targetHints":{"allow":["GET"]}}],"collection":[{"href":"https:\/\/pc.sc.gov.br\/index.php?rest_route=\/wp\/v2\/posts"}],"about":[{"href":"https:\/\/pc.sc.gov.br\/index.php?rest_route=\/wp\/v2\/types\/post"}],"author":[{"embeddable":true,"href":"https:\/\/pc.sc.gov.br\/index.php?rest_route=\/wp\/v2\/users\/5"}],"replies":[{"embeddable":true,"href":"https:\/\/pc.sc.gov.br\/index.php?rest_route=%2Fwp%2Fv2%2Fcomments&post=17454"}],"version-history":[{"count":4,"href":"https:\/\/pc.sc.gov.br\/index.php?rest_route=\/wp\/v2\/posts\/17454\/revisions"}],"predecessor-version":[{"id":17459,"href":"https:\/\/pc.sc.gov.br\/index.php?rest_route=\/wp\/v2\/posts\/17454\/revisions\/17459"}],"wp:featuredmedia":[{"embeddable":true,"href":"https:\/\/pc.sc.gov.br\/index.php?rest_route=\/wp\/v2\/media\/17455"}],"wp:attachment":[{"href":"https:\/\/pc.sc.gov.br\/index.php?rest_route=%2Fwp%2Fv2%2Fmedia&parent=17454"}],"wp:term":[{"taxonomy":"category","embeddable":true,"href":"https:\/\/pc.sc.gov.br\/index.php?rest_route=%2Fwp%2Fv2%2Fcategories&post=17454"},{"taxonomy":"post_tag","embeddable":true,"href":"https:\/\/pc.sc.gov.br\/index.php?rest_route=%2Fwp%2Fv2%2Ftags&post=17454"}],"curies":[{"name":"wp","href":"https:\/\/api.w.org\/{rel}","templated":true}]}}