{"id":17460,"date":"2024-02-16T14:05:31","date_gmt":"2024-02-16T17:05:31","guid":{"rendered":"https:\/\/pc.sc.gov.br\/?p=17460"},"modified":"2024-02-16T14:06:21","modified_gmt":"2024-02-16T17:06:21","slug":"delegacia-de-furtos-e-roubos-de-veiculos-da-deic-recupera-veiculo-que-havia-sido-furtado-em-itajai","status":"publish","type":"post","link":"https:\/\/pc.sc.gov.br\/?p=17460","title":{"rendered":"Delegacia de Furtos e Roubos de Ve\u00edculos da DEIC recupera ve\u00edculo que havia sido furtado em Itaja\u00ed"},"content":{"rendered":"\t\t<div data-elementor-type=\"wp-post\" data-elementor-id=\"17460\" class=\"elementor elementor-17460\" data-elementor-post-type=\"post\">\n\t\t\t\t\t\t<section class=\"elementor-section elementor-top-section elementor-element elementor-element-2e11667 elementor-section-boxed elementor-section-height-default elementor-section-height-default\" data-id=\"2e11667\" data-element_type=\"section\">\n\t\t\t\t\t\t<div class=\"elementor-container elementor-column-gap-default\">\n\t\t\t\t\t<div class=\"elementor-column elementor-col-100 elementor-top-column elementor-element elementor-element-a4280e8\" data-id=\"a4280e8\" data-element_type=\"column\">\n\t\t\t<div class=\"elementor-widget-wrap elementor-element-populated\">\n\t\t\t\t\t\t<div class=\"elementor-element elementor-element-844d4ce elementor-widget elementor-widget-heading\" data-id=\"844d4ce\" data-element_type=\"widget\" data-widget_type=\"heading.default\">\n\t\t\t\t<div class=\"elementor-widget-container\">\n\t\t\t\t\t<h2 class=\"elementor-heading-title elementor-size-default\">Delegacia de Furtos e Roubos de Ve\u00edculos da DEIC recupera ve\u00edculo que havia sido furtado em Itaja\u00ed<\/h2>\t\t\t\t<\/div>\n\t\t\t\t<\/div>\n\t\t\t\t\t<\/div>\n\t\t<\/div>\n\t\t\t\t\t<\/div>\n\t\t<\/section>\n\t\t\t\t<section class=\"elementor-section elementor-top-section elementor-element elementor-element-477f761 elementor-section-boxed elementor-section-height-default elementor-section-height-default\" data-id=\"477f761\" data-element_type=\"section\">\n\t\t\t\t\t\t<div class=\"elementor-container elementor-column-gap-default\">\n\t\t\t\t\t<div class=\"elementor-column elementor-col-100 elementor-top-column elementor-element elementor-element-86365a1\" data-id=\"86365a1\" data-element_type=\"column\">\n\t\t\t<div class=\"elementor-widget-wrap elementor-element-populated\">\n\t\t\t\t\t\t<div class=\"elementor-element elementor-element-f34f5f9 elementor-widget elementor-widget-image\" data-id=\"f34f5f9\" data-element_type=\"widget\" data-widget_type=\"image.default\">\n\t\t\t\t<div class=\"elementor-widget-container\">\n\t\t\t\t\t\t\t\t\t\t\t\t\t\t\t<img fetchpriority=\"high\" decoding=\"async\" width=\"696\" height=\"676\" src=\"https:\/\/pc.sc.gov.br\/\/wp-content\/uploads\/2024\/02\/WhatsApp-Image-2024-02-16-at-13.35.01-1024x994.jpeg\" class=\"attachment-large size-large wp-image-17461\" alt=\"\" srcset=\"https:\/\/pc.sc.gov.br\/\/wp-content\/uploads\/2024\/02\/WhatsApp-Image-2024-02-16-at-13.35.01-1024x994.jpeg 1024w, https:\/\/pc.sc.gov.br\/\/wp-content\/uploads\/2024\/02\/WhatsApp-Image-2024-02-16-at-13.35.01-300x291.jpeg 300w, https:\/\/pc.sc.gov.br\/\/wp-content\/uploads\/2024\/02\/WhatsApp-Image-2024-02-16-at-13.35.01-768x745.jpeg 768w, https:\/\/pc.sc.gov.br\/\/wp-content\/uploads\/2024\/02\/WhatsApp-Image-2024-02-16-at-13.35.01.jpeg 1080w\" sizes=\"(max-width: 696px) 100vw, 696px\" \/>\t\t\t\t\t\t\t\t\t\t\t\t\t\t\t<\/div>\n\t\t\t\t<\/div>\n\t\t\t\t\t<\/div>\n\t\t<\/div>\n\t\t\t\t\t<\/div>\n\t\t<\/section>\n\t\t\t\t<section class=\"elementor-section elementor-top-section elementor-element elementor-element-50f7364 elementor-section-boxed elementor-section-height-default elementor-section-height-default\" data-id=\"50f7364\" data-element_type=\"section\">\n\t\t\t\t\t\t<div class=\"elementor-container elementor-column-gap-default\">\n\t\t\t\t\t<div class=\"elementor-column elementor-col-100 elementor-top-column elementor-element elementor-element-ffb8dea\" data-id=\"ffb8dea\" data-element_type=\"column\">\n\t\t\t<div class=\"elementor-widget-wrap elementor-element-populated\">\n\t\t\t\t\t\t<div class=\"elementor-element elementor-element-231bdad elementor-widget elementor-widget-text-editor\" data-id=\"231bdad\" data-element_type=\"widget\" data-widget_type=\"text-editor.default\">\n\t\t\t\t<div class=\"elementor-widget-container\">\n\t\t\t\t\t\t\t\t\t<p>Na quinta-feira (15), policiais da Delegacia de Furtos e Roubos de Ve\u00edculos da Diretoria Estadual de Investiga\u00e7\u00f5es Criminais, em opera\u00e7\u00e3o conjunta realizada com a Delegacia de Pol\u00edcia da Comarca de Barra Velha e com a Pol\u00edcia Militar de Barra Velha, dando continuidade \u00e0s investiga\u00e7\u00f5es visando coibir o comercio irregular de pe\u00e7as de ve\u00edculos, recuperaram um ve\u00edculo Hyundai Azera.<\/p><p>Segundo o registro, o veiculo havia sido furtado em Itaja\u00ed em 03\/01\/24 e foi recuperado ostentando placas de veiculo com as mesmas caracter\u00edsticas. A localiza\u00e7\u00e3o se deu ap\u00f3s dilig\u00eancias em local conhecido por ser um desmanche na regi\u00e3o de Rio dos Cedros.<\/p><p>O propriet\u00e1rio do local foi conduzido a Delegacia para os procedimentos cartor\u00e1rios e as investiga\u00e7\u00f5es continuam para a identifica\u00e7\u00e3o dos demais integrantes desse grupo criminoso, especializado no desmanche de ve\u00edculos na regi\u00e3o.<\/p>\t\t\t\t\t\t\t\t<\/div>\n\t\t\t\t<\/div>\n\t\t\t\t\t<\/div>\n\t\t<\/div>\n\t\t\t\t\t<\/div>\n\t\t<\/section>\n\t\t\t\t<\/div>\n\t\t","protected":false},"excerpt":{"rendered":"<p>Delegacia de Furtos e Roubos de Ve\u00edculos da DEIC recupera ve\u00edculo que havia sido furtado em Itaja\u00ed Na quinta-feira (15), policiais da Delegacia de Furtos e Roubos de Ve\u00edculos da Diretoria Estadual de Investiga\u00e7\u00f5es Criminais, em opera\u00e7\u00e3o conjunta realizada com a Delegacia de Pol\u00edcia da Comarca de Barra Velha e com a Pol\u00edcia Militar de [&hellip;]<\/p>\n","protected":false},"author":5,"featured_media":17461,"comment_status":"closed","ping_status":"open","sticky":false,"template":"","format":"standard","meta":{"_monsterinsights_skip_tracking":false,"_monsterinsights_sitenote_active":false,"_monsterinsights_sitenote_note":"","_monsterinsights_sitenote_category":0,"footnotes":""},"categories":[1],"tags":[],"class_list":["post-17460","post","type-post","status-publish","format-standard","has-post-thumbnail","hentry","category-sem-categoria"],"_links":{"self":[{"href":"https:\/\/pc.sc.gov.br\/index.php?rest_route=\/wp\/v2\/posts\/17460","targetHints":{"allow":["GET"]}}],"collection":[{"href":"https:\/\/pc.sc.gov.br\/index.php?rest_route=\/wp\/v2\/posts"}],"about":[{"href":"https:\/\/pc.sc.gov.br\/index.php?rest_route=\/wp\/v2\/types\/post"}],"author":[{"embeddable":true,"href":"https:\/\/pc.sc.gov.br\/index.php?rest_route=\/wp\/v2\/users\/5"}],"replies":[{"embeddable":true,"href":"https:\/\/pc.sc.gov.br\/index.php?rest_route=%2Fwp%2Fv2%2Fcomments&post=17460"}],"version-history":[{"count":4,"href":"https:\/\/pc.sc.gov.br\/index.php?rest_route=\/wp\/v2\/posts\/17460\/revisions"}],"predecessor-version":[{"id":17465,"href":"https:\/\/pc.sc.gov.br\/index.php?rest_route=\/wp\/v2\/posts\/17460\/revisions\/17465"}],"wp:featuredmedia":[{"embeddable":true,"href":"https:\/\/pc.sc.gov.br\/index.php?rest_route=\/wp\/v2\/media\/17461"}],"wp:attachment":[{"href":"https:\/\/pc.sc.gov.br\/index.php?rest_route=%2Fwp%2Fv2%2Fmedia&parent=17460"}],"wp:term":[{"taxonomy":"category","embeddable":true,"href":"https:\/\/pc.sc.gov.br\/index.php?rest_route=%2Fwp%2Fv2%2Fcategories&post=17460"},{"taxonomy":"post_tag","embeddable":true,"href":"https:\/\/pc.sc.gov.br\/index.php?rest_route=%2Fwp%2Fv2%2Ftags&post=17460"}],"curies":[{"name":"wp","href":"https:\/\/api.w.org\/{rel}","templated":true}]}}