{"id":17466,"date":"2024-02-16T14:26:36","date_gmt":"2024-02-16T17:26:36","guid":{"rendered":"https:\/\/pc.sc.gov.br\/?p=17466"},"modified":"2024-02-16T14:30:13","modified_gmt":"2024-02-16T17:30:13","slug":"dic-de-maravilha-prende-motoboy-do-trafico-que-agia-no-centro-do-municipio","status":"publish","type":"post","link":"https:\/\/pc.sc.gov.br\/?p=17466","title":{"rendered":"DIC de Maravilha prende motoboy do tr\u00e1fico que agia no centro do munic\u00edpio"},"content":{"rendered":"\t\t<div data-elementor-type=\"wp-post\" data-elementor-id=\"17466\" class=\"elementor elementor-17466\" data-elementor-post-type=\"post\">\n\t\t\t\t\t\t<section class=\"elementor-section elementor-top-section elementor-element elementor-element-e2f91a7 elementor-section-boxed elementor-section-height-default elementor-section-height-default\" data-id=\"e2f91a7\" data-element_type=\"section\">\n\t\t\t\t\t\t<div class=\"elementor-container elementor-column-gap-default\">\n\t\t\t\t\t<div class=\"elementor-column elementor-col-100 elementor-top-column elementor-element elementor-element-fec077d\" data-id=\"fec077d\" data-element_type=\"column\">\n\t\t\t<div class=\"elementor-widget-wrap elementor-element-populated\">\n\t\t\t\t\t\t<div class=\"elementor-element elementor-element-499fd6b elementor-widget elementor-widget-heading\" data-id=\"499fd6b\" data-element_type=\"widget\" data-widget_type=\"heading.default\">\n\t\t\t\t<div class=\"elementor-widget-container\">\n\t\t\t\t\t<h2 class=\"elementor-heading-title elementor-size-default\">DIC de Maravilha prende motoboy do tr\u00e1fico que agia no centro do munic\u00edpio<\/h2>\t\t\t\t<\/div>\n\t\t\t\t<\/div>\n\t\t\t\t\t<\/div>\n\t\t<\/div>\n\t\t\t\t\t<\/div>\n\t\t<\/section>\n\t\t\t\t<section class=\"elementor-section elementor-top-section elementor-element elementor-element-bec8563 elementor-section-boxed elementor-section-height-default elementor-section-height-default\" data-id=\"bec8563\" data-element_type=\"section\">\n\t\t\t\t\t\t<div class=\"elementor-container elementor-column-gap-default\">\n\t\t\t\t\t<div class=\"elementor-column elementor-col-100 elementor-top-column elementor-element elementor-element-bca9edd\" data-id=\"bca9edd\" data-element_type=\"column\">\n\t\t\t<div class=\"elementor-widget-wrap elementor-element-populated\">\n\t\t\t\t\t\t<div class=\"elementor-element elementor-element-0e7fb59 elementor-widget elementor-widget-image\" data-id=\"0e7fb59\" data-element_type=\"widget\" data-widget_type=\"image.default\">\n\t\t\t\t<div class=\"elementor-widget-container\">\n\t\t\t\t\t\t\t\t\t\t\t\t\t\t\t<img fetchpriority=\"high\" decoding=\"async\" width=\"696\" height=\"379\" src=\"https:\/\/pc.sc.gov.br\/\/wp-content\/uploads\/2024\/02\/994626fc-d6f5-42c7-9a60-427f29d636ca-fotor-20240216142557-1024x557.jpg\" class=\"attachment-large size-large wp-image-17467\" alt=\"\" srcset=\"https:\/\/pc.sc.gov.br\/\/wp-content\/uploads\/2024\/02\/994626fc-d6f5-42c7-9a60-427f29d636ca-fotor-20240216142557-1024x557.jpg 1024w, https:\/\/pc.sc.gov.br\/\/wp-content\/uploads\/2024\/02\/994626fc-d6f5-42c7-9a60-427f29d636ca-fotor-20240216142557-300x163.jpg 300w, https:\/\/pc.sc.gov.br\/\/wp-content\/uploads\/2024\/02\/994626fc-d6f5-42c7-9a60-427f29d636ca-fotor-20240216142557-768x418.jpg 768w, https:\/\/pc.sc.gov.br\/\/wp-content\/uploads\/2024\/02\/994626fc-d6f5-42c7-9a60-427f29d636ca-fotor-20240216142557.jpg 1129w\" sizes=\"(max-width: 696px) 100vw, 696px\" \/>\t\t\t\t\t\t\t\t\t\t\t\t\t\t\t<\/div>\n\t\t\t\t<\/div>\n\t\t\t\t\t<\/div>\n\t\t<\/div>\n\t\t\t\t\t<\/div>\n\t\t<\/section>\n\t\t\t\t<section class=\"elementor-section elementor-top-section elementor-element elementor-element-7ee4bc9 elementor-section-boxed elementor-section-height-default elementor-section-height-default\" data-id=\"7ee4bc9\" data-element_type=\"section\">\n\t\t\t\t\t\t<div class=\"elementor-container elementor-column-gap-default\">\n\t\t\t\t\t<div class=\"elementor-column elementor-col-100 elementor-top-column elementor-element elementor-element-1b16965\" data-id=\"1b16965\" data-element_type=\"column\">\n\t\t\t<div class=\"elementor-widget-wrap elementor-element-populated\">\n\t\t\t\t\t\t<div class=\"elementor-element elementor-element-3f788f4 elementor-widget elementor-widget-text-editor\" data-id=\"3f788f4\" data-element_type=\"widget\" data-widget_type=\"text-editor.default\">\n\t\t\t\t<div class=\"elementor-widget-container\">\n\t\t\t\t\t\t\t\t\t<p>A Pol\u00edcia Civil de Maravilha realizou na quinta-feira (15) a pris\u00e3o de um homem em virtude da pr\u00e1tica de tr\u00e1fico de coca\u00edna. A a\u00e7\u00e3o ocorreu na \u00e1rea central do munic\u00edpio.&nbsp;<span style=\"font-family: var( --e-global-typography-primary-font-family ), Sans-serif; font-size: var( --e-global-typography-primary-font-size ); font-weight: var( --e-global-typography-primary-font-weight ); letter-spacing: var( --e-global-typography-primary-letter-spacing );\">Ap\u00f3s cerca de um m\u00eas de investiga\u00e7\u00e3o, foi poss\u00edvel confirmar as informa\u00e7\u00f5es obtidas no sentido de que o rapaz estava se valendo de uma motocicleta de entregador para comercializar coca\u00edna, droga que estaria recebendo com frequ\u00eancia e distribuindo na regi\u00e3o com uma motocicleta prata.<\/span><\/p>\n<p>Na quinta-feira de quinta-feira, os policiais flagraram o indiv\u00edduo com um pacote suspeito e realizaram a sua abordagem, ocasi\u00e3o na qual foi constatado que ele estava transportando mais de 50 gramas da droga il\u00edcita, a qual ainda seria preparada para o consumo.&nbsp;<span style=\"font-family: var( --e-global-typography-primary-font-family ), Sans-serif; font-size: var( --e-global-typography-primary-font-size ); font-weight: var( --e-global-typography-primary-font-weight ); letter-spacing: var( --e-global-typography-primary-letter-spacing );\">O indiv\u00edduo preso n\u00e3o possui antecedentes criminais e, ap\u00f3s ser autuado em flagrante, foi encaminhado \u00e0 unidade prisional de Maravilha.<\/span><\/p><p><span style=\"font-family: var( --e-global-typography-primary-font-family ), Sans-serif; font-size: var( --e-global-typography-primary-font-size ); font-weight: var( --e-global-typography-primary-font-weight ); letter-spacing: var( --e-global-typography-primary-letter-spacing );\">V\u00eddeo: Delegado Rodrigo Moura, titular da DIC de Maravilha, comenta a a\u00e7\u00e3o.<\/span><\/p>\t\t\t\t\t\t\t\t<\/div>\n\t\t\t\t<\/div>\n\t\t\t\t\t<\/div>\n\t\t<\/div>\n\t\t\t\t\t<\/div>\n\t\t<\/section>\n\t\t\t\t<section class=\"elementor-section elementor-top-section elementor-element elementor-element-a48d52b elementor-section-boxed elementor-section-height-default elementor-section-height-default\" data-id=\"a48d52b\" data-element_type=\"section\">\n\t\t\t\t\t\t<div class=\"elementor-container elementor-column-gap-default\">\n\t\t\t\t\t<div class=\"elementor-column elementor-col-100 elementor-top-column elementor-element elementor-element-697b0a1\" data-id=\"697b0a1\" data-element_type=\"column\">\n\t\t\t<div class=\"elementor-widget-wrap elementor-element-populated\">\n\t\t\t\t\t\t<div class=\"elementor-element elementor-element-101f578 elementor-widget elementor-widget-video\" data-id=\"101f578\" data-element_type=\"widget\" data-settings=\"{&quot;video_type&quot;:&quot;hosted&quot;,&quot;controls&quot;:&quot;yes&quot;}\" data-widget_type=\"video.default\">\n\t\t\t\t<div class=\"elementor-widget-container\">\n\t\t\t\t\t\t\t<div class=\"e-hosted-video elementor-wrapper elementor-open-inline\">\n\t\t\t\t\t<video class=\"elementor-video\" src=\"https:\/\/pc.sc.gov.br\/wp-content\/uploads\/2024\/02\/WhatsApp-Video-2024-02-15-at-23.06.22.mp4\" controls=\"\" preload=\"metadata\"><\/video>\n\t\t\t\t<\/div>\n\t\t\t\t\t\t<\/div>\n\t\t\t\t<\/div>\n\t\t\t\t\t<\/div>\n\t\t<\/div>\n\t\t\t\t\t<\/div>\n\t\t<\/section>\n\t\t\t\t<\/div>\n\t\t","protected":false},"excerpt":{"rendered":"<p>DIC de Maravilha prende motoboy do tr\u00e1fico que agia no centro do munic\u00edpio A Pol\u00edcia Civil de Maravilha realizou na quinta-feira (15) a pris\u00e3o de um homem em virtude da pr\u00e1tica de tr\u00e1fico de coca\u00edna. A a\u00e7\u00e3o ocorreu na \u00e1rea central do munic\u00edpio.&nbsp;Ap\u00f3s cerca de um m\u00eas de investiga\u00e7\u00e3o, foi poss\u00edvel confirmar as informa\u00e7\u00f5es obtidas [&hellip;]<\/p>\n","protected":false},"author":5,"featured_media":17467,"comment_status":"closed","ping_status":"open","sticky":false,"template":"","format":"standard","meta":{"_monsterinsights_skip_tracking":false,"_monsterinsights_sitenote_active":false,"_monsterinsights_sitenote_note":"","_monsterinsights_sitenote_category":0,"footnotes":""},"categories":[1],"tags":[],"class_list":["post-17466","post","type-post","status-publish","format-standard","has-post-thumbnail","hentry","category-sem-categoria"],"_links":{"self":[{"href":"https:\/\/pc.sc.gov.br\/index.php?rest_route=\/wp\/v2\/posts\/17466","targetHints":{"allow":["GET"]}}],"collection":[{"href":"https:\/\/pc.sc.gov.br\/index.php?rest_route=\/wp\/v2\/posts"}],"about":[{"href":"https:\/\/pc.sc.gov.br\/index.php?rest_route=\/wp\/v2\/types\/post"}],"author":[{"embeddable":true,"href":"https:\/\/pc.sc.gov.br\/index.php?rest_route=\/wp\/v2\/users\/5"}],"replies":[{"embeddable":true,"href":"https:\/\/pc.sc.gov.br\/index.php?rest_route=%2Fwp%2Fv2%2Fcomments&post=17466"}],"version-history":[{"count":4,"href":"https:\/\/pc.sc.gov.br\/index.php?rest_route=\/wp\/v2\/posts\/17466\/revisions"}],"predecessor-version":[{"id":17472,"href":"https:\/\/pc.sc.gov.br\/index.php?rest_route=\/wp\/v2\/posts\/17466\/revisions\/17472"}],"wp:featuredmedia":[{"embeddable":true,"href":"https:\/\/pc.sc.gov.br\/index.php?rest_route=\/wp\/v2\/media\/17467"}],"wp:attachment":[{"href":"https:\/\/pc.sc.gov.br\/index.php?rest_route=%2Fwp%2Fv2%2Fmedia&parent=17466"}],"wp:term":[{"taxonomy":"category","embeddable":true,"href":"https:\/\/pc.sc.gov.br\/index.php?rest_route=%2Fwp%2Fv2%2Fcategories&post=17466"},{"taxonomy":"post_tag","embeddable":true,"href":"https:\/\/pc.sc.gov.br\/index.php?rest_route=%2Fwp%2Fv2%2Ftags&post=17466"}],"curies":[{"name":"wp","href":"https:\/\/api.w.org\/{rel}","templated":true}]}}