{"id":17480,"date":"2024-02-16T14:39:44","date_gmt":"2024-02-16T17:39:44","guid":{"rendered":"https:\/\/pc.sc.gov.br\/?p=17480"},"modified":"2024-02-16T14:40:52","modified_gmt":"2024-02-16T17:40:52","slug":"policia-civil-deflagra-operacao-sem-fronteiras-contra-pratica-de-agiotagem-na-grande-florianopolis","status":"publish","type":"post","link":"https:\/\/pc.sc.gov.br\/?p=17480","title":{"rendered":"Pol\u00edcia Civil deflagra opera\u00e7\u00e3o \u201cSem Fronteiras\u201d contra pr\u00e1tica de agiotagem na Grande Florian\u00f3polis"},"content":{"rendered":"\t\t<div data-elementor-type=\"wp-post\" data-elementor-id=\"17480\" class=\"elementor elementor-17480\" data-elementor-post-type=\"post\">\n\t\t\t\t\t\t<section class=\"elementor-section elementor-top-section elementor-element elementor-element-86dc009 elementor-section-boxed elementor-section-height-default elementor-section-height-default\" data-id=\"86dc009\" data-element_type=\"section\">\n\t\t\t\t\t\t<div class=\"elementor-container elementor-column-gap-default\">\n\t\t\t\t\t<div class=\"elementor-column elementor-col-100 elementor-top-column elementor-element elementor-element-fa252e4\" data-id=\"fa252e4\" data-element_type=\"column\">\n\t\t\t<div class=\"elementor-widget-wrap elementor-element-populated\">\n\t\t\t\t\t\t<div class=\"elementor-element elementor-element-d49bd40 elementor-widget elementor-widget-heading\" data-id=\"d49bd40\" data-element_type=\"widget\" data-widget_type=\"heading.default\">\n\t\t\t\t<div class=\"elementor-widget-container\">\n\t\t\t\t\t<h2 class=\"elementor-heading-title elementor-size-default\">Pol\u00edcia Civil deflagra opera\u00e7\u00e3o \u201cSem Fronteiras\u201d contra pr\u00e1tica de agiotagem na Grande Florian\u00f3polis<\/h2>\t\t\t\t<\/div>\n\t\t\t\t<\/div>\n\t\t\t\t\t<\/div>\n\t\t<\/div>\n\t\t\t\t\t<\/div>\n\t\t<\/section>\n\t\t\t\t<section class=\"elementor-section elementor-top-section elementor-element elementor-element-8c6599a elementor-section-boxed elementor-section-height-default elementor-section-height-default\" data-id=\"8c6599a\" data-element_type=\"section\">\n\t\t\t\t\t\t<div class=\"elementor-container elementor-column-gap-default\">\n\t\t\t\t\t<div class=\"elementor-column elementor-col-100 elementor-top-column elementor-element elementor-element-c4cddf8\" data-id=\"c4cddf8\" data-element_type=\"column\">\n\t\t\t<div class=\"elementor-widget-wrap elementor-element-populated\">\n\t\t\t\t\t\t<div class=\"elementor-element elementor-element-b987c14 elementor-widget elementor-widget-image\" data-id=\"b987c14\" data-element_type=\"widget\" data-widget_type=\"image.default\">\n\t\t\t\t<div class=\"elementor-widget-container\">\n\t\t\t\t\t\t\t\t\t\t\t\t\t\t\t<img fetchpriority=\"high\" decoding=\"async\" width=\"577\" height=\"1024\" src=\"https:\/\/pc.sc.gov.br\/\/wp-content\/uploads\/2024\/02\/20240216_061741-577x1024.jpg\" class=\"attachment-large size-large wp-image-17475\" alt=\"\" srcset=\"https:\/\/pc.sc.gov.br\/\/wp-content\/uploads\/2024\/02\/20240216_061741-577x1024.jpg 577w, https:\/\/pc.sc.gov.br\/\/wp-content\/uploads\/2024\/02\/20240216_061741-169x300.jpg 169w, https:\/\/pc.sc.gov.br\/\/wp-content\/uploads\/2024\/02\/20240216_061741-768x1364.jpg 768w, https:\/\/pc.sc.gov.br\/\/wp-content\/uploads\/2024\/02\/20240216_061741-865x1536.jpg 865w, https:\/\/pc.sc.gov.br\/\/wp-content\/uploads\/2024\/02\/20240216_061741-1153x2048.jpg 1153w, https:\/\/pc.sc.gov.br\/\/wp-content\/uploads\/2024\/02\/20240216_061741-scaled.jpg 1441w\" sizes=\"(max-width: 577px) 100vw, 577px\" \/>\t\t\t\t\t\t\t\t\t\t\t\t\t\t\t<\/div>\n\t\t\t\t<\/div>\n\t\t\t\t\t<\/div>\n\t\t<\/div>\n\t\t\t\t\t<\/div>\n\t\t<\/section>\n\t\t\t\t<section class=\"elementor-section elementor-top-section elementor-element elementor-element-b26d33e elementor-section-boxed elementor-section-height-default elementor-section-height-default\" data-id=\"b26d33e\" data-element_type=\"section\">\n\t\t\t\t\t\t<div class=\"elementor-container elementor-column-gap-default\">\n\t\t\t\t\t<div class=\"elementor-column elementor-col-100 elementor-top-column elementor-element elementor-element-b14d6f5\" data-id=\"b14d6f5\" data-element_type=\"column\">\n\t\t\t<div class=\"elementor-widget-wrap elementor-element-populated\">\n\t\t\t\t\t\t<div class=\"elementor-element elementor-element-c5cf3aa elementor-widget elementor-widget-text-editor\" data-id=\"c5cf3aa\" data-element_type=\"widget\" data-widget_type=\"text-editor.default\">\n\t\t\t\t<div class=\"elementor-widget-container\">\n\t\t\t\t\t\t\t\t\t<p>Nesta sexta-feira (16), a Pol\u00edcia Civil de Santa Catarina, por meio da Delegacia de Combate ao Crime Organizado da Capital (DECRIM), deflagrou a opera\u00e7\u00e3o \u201cSem Fronteiras&#8221; para desmantelar uma organiza\u00e7\u00e3o criminosa envolvida em pr\u00e1ticas de agiotagem na Grande Florian\u00f3polis. A mobiliza\u00e7\u00e3o dos agentes especializados teve como objetivo desarticular o esquema ilegal que explorava financeiramente diversas v\u00edtimas na regi\u00e3o.<\/p><p>Durante a a\u00e7\u00e3o, os policiais cumpriram mandados de busca e apreens\u00e3o em locais estrat\u00e9gicos. Os suspeitos, de nacionalidade colombiana, foram alvos das investiga\u00e7\u00f5es, destacando a diversidade e a complexidade das atividades criminosas presentes na regi\u00e3o. A opera\u00e7\u00e3o reflete o compromisso das autoridades policiais em combater o crime organizado e proteger os cidad\u00e3os contra pr\u00e1ticas prejudiciais \u00e0 seguran\u00e7a e ao bem-estar da comunidade.<\/p>\t\t\t\t\t\t\t\t<\/div>\n\t\t\t\t<\/div>\n\t\t\t\t\t<\/div>\n\t\t<\/div>\n\t\t\t\t\t<\/div>\n\t\t<\/section>\n\t\t\t\t<\/div>\n\t\t","protected":false},"excerpt":{"rendered":"<p>Pol\u00edcia Civil deflagra opera\u00e7\u00e3o \u201cSem Fronteiras\u201d contra pr\u00e1tica de agiotagem na Grande Florian\u00f3polis Nesta sexta-feira (16), a Pol\u00edcia Civil de Santa Catarina, por meio da Delegacia de Combate ao Crime Organizado da Capital (DECRIM), deflagrou a opera\u00e7\u00e3o \u201cSem Fronteiras&#8221; para desmantelar uma organiza\u00e7\u00e3o criminosa envolvida em pr\u00e1ticas de agiotagem na Grande Florian\u00f3polis. A mobiliza\u00e7\u00e3o dos [&hellip;]<\/p>\n","protected":false},"author":5,"featured_media":17475,"comment_status":"closed","ping_status":"open","sticky":false,"template":"","format":"standard","meta":{"_monsterinsights_skip_tracking":false,"_monsterinsights_sitenote_active":false,"_monsterinsights_sitenote_note":"","_monsterinsights_sitenote_category":0,"footnotes":""},"categories":[1],"tags":[],"class_list":["post-17480","post","type-post","status-publish","format-standard","has-post-thumbnail","hentry","category-sem-categoria"],"_links":{"self":[{"href":"https:\/\/pc.sc.gov.br\/index.php?rest_route=\/wp\/v2\/posts\/17480","targetHints":{"allow":["GET"]}}],"collection":[{"href":"https:\/\/pc.sc.gov.br\/index.php?rest_route=\/wp\/v2\/posts"}],"about":[{"href":"https:\/\/pc.sc.gov.br\/index.php?rest_route=\/wp\/v2\/types\/post"}],"author":[{"embeddable":true,"href":"https:\/\/pc.sc.gov.br\/index.php?rest_route=\/wp\/v2\/users\/5"}],"replies":[{"embeddable":true,"href":"https:\/\/pc.sc.gov.br\/index.php?rest_route=%2Fwp%2Fv2%2Fcomments&post=17480"}],"version-history":[{"count":4,"href":"https:\/\/pc.sc.gov.br\/index.php?rest_route=\/wp\/v2\/posts\/17480\/revisions"}],"predecessor-version":[{"id":17484,"href":"https:\/\/pc.sc.gov.br\/index.php?rest_route=\/wp\/v2\/posts\/17480\/revisions\/17484"}],"wp:featuredmedia":[{"embeddable":true,"href":"https:\/\/pc.sc.gov.br\/index.php?rest_route=\/wp\/v2\/media\/17475"}],"wp:attachment":[{"href":"https:\/\/pc.sc.gov.br\/index.php?rest_route=%2Fwp%2Fv2%2Fmedia&parent=17480"}],"wp:term":[{"taxonomy":"category","embeddable":true,"href":"https:\/\/pc.sc.gov.br\/index.php?rest_route=%2Fwp%2Fv2%2Fcategories&post=17480"},{"taxonomy":"post_tag","embeddable":true,"href":"https:\/\/pc.sc.gov.br\/index.php?rest_route=%2Fwp%2Fv2%2Ftags&post=17480"}],"curies":[{"name":"wp","href":"https:\/\/api.w.org\/{rel}","templated":true}]}}