{"id":17485,"date":"2024-02-16T15:30:04","date_gmt":"2024-02-16T18:30:04","guid":{"rendered":"https:\/\/pc.sc.gov.br\/?p=17485"},"modified":"2024-02-16T15:31:27","modified_gmt":"2024-02-16T18:31:27","slug":"delegacia-de-braco-do-norte-prende-em-jaguaruna-homem-investigado-por-homicidio","status":"publish","type":"post","link":"https:\/\/pc.sc.gov.br\/?p=17485","title":{"rendered":"Delegacia de Bra\u00e7o do Norte prende em Jaguaruna homem investigado por homic\u00eddio"},"content":{"rendered":"\t\t<div data-elementor-type=\"wp-post\" data-elementor-id=\"17485\" class=\"elementor elementor-17485\" data-elementor-post-type=\"post\">\n\t\t\t\t\t\t<section class=\"elementor-section elementor-top-section elementor-element elementor-element-6de2913 elementor-section-boxed elementor-section-height-default elementor-section-height-default\" data-id=\"6de2913\" data-element_type=\"section\">\n\t\t\t\t\t\t<div class=\"elementor-container elementor-column-gap-default\">\n\t\t\t\t\t<div class=\"elementor-column elementor-col-100 elementor-top-column elementor-element elementor-element-fb71b8f\" data-id=\"fb71b8f\" data-element_type=\"column\">\n\t\t\t<div class=\"elementor-widget-wrap elementor-element-populated\">\n\t\t\t\t\t\t<div class=\"elementor-element elementor-element-c42a58c elementor-widget elementor-widget-heading\" data-id=\"c42a58c\" data-element_type=\"widget\" data-widget_type=\"heading.default\">\n\t\t\t\t<div class=\"elementor-widget-container\">\n\t\t\t\t\t<h2 class=\"elementor-heading-title elementor-size-default\">Delegacia de Bra\u00e7o do Norte prende em Jaguaruna homem investigado por homic\u00eddio<\/h2>\t\t\t\t<\/div>\n\t\t\t\t<\/div>\n\t\t\t\t\t<\/div>\n\t\t<\/div>\n\t\t\t\t\t<\/div>\n\t\t<\/section>\n\t\t\t\t<section class=\"elementor-section elementor-top-section elementor-element elementor-element-ba4dd4a elementor-section-boxed elementor-section-height-default elementor-section-height-default\" data-id=\"ba4dd4a\" data-element_type=\"section\">\n\t\t\t\t\t\t<div class=\"elementor-container elementor-column-gap-default\">\n\t\t\t\t\t<div class=\"elementor-column elementor-col-100 elementor-top-column elementor-element elementor-element-3875895\" data-id=\"3875895\" data-element_type=\"column\">\n\t\t\t<div class=\"elementor-widget-wrap elementor-element-populated\">\n\t\t\t\t\t\t<div class=\"elementor-element elementor-element-1f7218a elementor-widget elementor-widget-image\" data-id=\"1f7218a\" data-element_type=\"widget\" data-widget_type=\"image.default\">\n\t\t\t\t<div class=\"elementor-widget-container\">\n\t\t\t\t\t\t\t\t\t\t\t\t\t\t\t<img fetchpriority=\"high\" decoding=\"async\" width=\"696\" height=\"583\" src=\"https:\/\/pc.sc.gov.br\/\/wp-content\/uploads\/2024\/01\/52798047036_d7bc95aaed_k-fotor-20231101135311-1.jpg\" class=\"attachment-large size-large wp-image-16985\" alt=\"\" srcset=\"https:\/\/pc.sc.gov.br\/\/wp-content\/uploads\/2024\/01\/52798047036_d7bc95aaed_k-fotor-20231101135311-1.jpg 961w, https:\/\/pc.sc.gov.br\/\/wp-content\/uploads\/2024\/01\/52798047036_d7bc95aaed_k-fotor-20231101135311-1-300x251.jpg 300w, https:\/\/pc.sc.gov.br\/\/wp-content\/uploads\/2024\/01\/52798047036_d7bc95aaed_k-fotor-20231101135311-1-768x643.jpg 768w\" sizes=\"(max-width: 696px) 100vw, 696px\" \/>\t\t\t\t\t\t\t\t\t\t\t\t\t\t\t<\/div>\n\t\t\t\t<\/div>\n\t\t\t\t\t<\/div>\n\t\t<\/div>\n\t\t\t\t\t<\/div>\n\t\t<\/section>\n\t\t\t\t<section class=\"elementor-section elementor-top-section elementor-element elementor-element-3b185c4 elementor-section-boxed elementor-section-height-default elementor-section-height-default\" data-id=\"3b185c4\" data-element_type=\"section\">\n\t\t\t\t\t\t<div class=\"elementor-container elementor-column-gap-default\">\n\t\t\t\t\t<div class=\"elementor-column elementor-col-100 elementor-top-column elementor-element elementor-element-07e6fb1\" data-id=\"07e6fb1\" data-element_type=\"column\">\n\t\t\t<div class=\"elementor-widget-wrap elementor-element-populated\">\n\t\t\t\t\t\t<div class=\"elementor-element elementor-element-be8bb79 elementor-widget elementor-widget-text-editor\" data-id=\"be8bb79\" data-element_type=\"widget\" data-widget_type=\"text-editor.default\">\n\t\t\t\t<div class=\"elementor-widget-container\">\n\t\t\t\t\t\t\t\t\t<p>A Pol\u00edcia Civil de Santa Catarina, por interm\u00e9dio da Delegacia de Bra\u00e7o do Norte, cumpriu nesta quinta-feira (15) mandado de pris\u00e3o preventiva contra um homem investigado pelo crime de homic\u00eddio.<\/p><p>Ap\u00f3s uma sequ\u00eancia bem-sucedida de dilig\u00eancias e instaura\u00e7\u00e3o de Inqu\u00e9rito policial, a investiga\u00e7\u00e3o apontou que o suspeito de autoria do crime estaria em Jaguaruna. Mediante contato por parte das autoridades policiais, e passagem de informa\u00e7\u00f5es, a equipe de investiga\u00e7\u00e3o conseguiu encontrar e efetuar a pris\u00e3o do suspeito.<\/p><p>A delegada Jucin\u00eas Dilcin\u00e9ia Ferreira, respons\u00e1vel pela investiga\u00e7\u00e3o, destacou a atua\u00e7\u00e3o dos policiais que comp\u00f5em a equipe de investiga\u00e7\u00e3o de Bra\u00e7o do Norte, o apoio do setor de intelig\u00eancia da Pol\u00edcia Militar e guarni\u00e7\u00e3o da pol\u00edcia de Jaguaruna que acompanhou a a\u00e7\u00e3o da pris\u00e3o.<\/p>\t\t\t\t\t\t\t\t<\/div>\n\t\t\t\t<\/div>\n\t\t\t\t\t<\/div>\n\t\t<\/div>\n\t\t\t\t\t<\/div>\n\t\t<\/section>\n\t\t\t\t<\/div>\n\t\t","protected":false},"excerpt":{"rendered":"<p>Delegacia de Bra\u00e7o do Norte prende em Jaguaruna homem investigado por homic\u00eddio A Pol\u00edcia Civil de Santa Catarina, por interm\u00e9dio da Delegacia de Bra\u00e7o do Norte, cumpriu nesta quinta-feira (15) mandado de pris\u00e3o preventiva contra um homem investigado pelo crime de homic\u00eddio. Ap\u00f3s uma sequ\u00eancia bem-sucedida de dilig\u00eancias e instaura\u00e7\u00e3o de Inqu\u00e9rito policial, a investiga\u00e7\u00e3o [&hellip;]<\/p>\n","protected":false},"author":5,"featured_media":16377,"comment_status":"closed","ping_status":"open","sticky":false,"template":"","format":"standard","meta":{"_monsterinsights_skip_tracking":false,"_monsterinsights_sitenote_active":false,"_monsterinsights_sitenote_note":"","_monsterinsights_sitenote_category":0,"footnotes":""},"categories":[1],"tags":[],"class_list":["post-17485","post","type-post","status-publish","format-standard","has-post-thumbnail","hentry","category-sem-categoria"],"_links":{"self":[{"href":"https:\/\/pc.sc.gov.br\/index.php?rest_route=\/wp\/v2\/posts\/17485","targetHints":{"allow":["GET"]}}],"collection":[{"href":"https:\/\/pc.sc.gov.br\/index.php?rest_route=\/wp\/v2\/posts"}],"about":[{"href":"https:\/\/pc.sc.gov.br\/index.php?rest_route=\/wp\/v2\/types\/post"}],"author":[{"embeddable":true,"href":"https:\/\/pc.sc.gov.br\/index.php?rest_route=\/wp\/v2\/users\/5"}],"replies":[{"embeddable":true,"href":"https:\/\/pc.sc.gov.br\/index.php?rest_route=%2Fwp%2Fv2%2Fcomments&post=17485"}],"version-history":[{"count":4,"href":"https:\/\/pc.sc.gov.br\/index.php?rest_route=\/wp\/v2\/posts\/17485\/revisions"}],"predecessor-version":[{"id":17489,"href":"https:\/\/pc.sc.gov.br\/index.php?rest_route=\/wp\/v2\/posts\/17485\/revisions\/17489"}],"wp:featuredmedia":[{"embeddable":true,"href":"https:\/\/pc.sc.gov.br\/index.php?rest_route=\/wp\/v2\/media\/16377"}],"wp:attachment":[{"href":"https:\/\/pc.sc.gov.br\/index.php?rest_route=%2Fwp%2Fv2%2Fmedia&parent=17485"}],"wp:term":[{"taxonomy":"category","embeddable":true,"href":"https:\/\/pc.sc.gov.br\/index.php?rest_route=%2Fwp%2Fv2%2Fcategories&post=17485"},{"taxonomy":"post_tag","embeddable":true,"href":"https:\/\/pc.sc.gov.br\/index.php?rest_route=%2Fwp%2Fv2%2Ftags&post=17485"}],"curies":[{"name":"wp","href":"https:\/\/api.w.org\/{rel}","templated":true}]}}