{"id":17490,"date":"2024-02-16T15:53:24","date_gmt":"2024-02-16T18:53:24","guid":{"rendered":"https:\/\/pc.sc.gov.br\/?p=17490"},"modified":"2024-02-16T16:11:35","modified_gmt":"2024-02-16T19:11:35","slug":"caoagro-participa-da-feira-agropecuaria-industrial-e-comercial-de-sao-miguel-do-oeste","status":"publish","type":"post","link":"https:\/\/pc.sc.gov.br\/?p=17490","title":{"rendered":"CAOAGRO participa da Feira Agropecu\u00e1ria, Industrial e Comercial de S\u00e3o Miguel do Oeste"},"content":{"rendered":"\t\t<div data-elementor-type=\"wp-post\" data-elementor-id=\"17490\" class=\"elementor elementor-17490\" data-elementor-post-type=\"post\">\n\t\t\t\t\t\t<section class=\"elementor-section elementor-top-section elementor-element elementor-element-8516753 elementor-section-boxed elementor-section-height-default elementor-section-height-default\" data-id=\"8516753\" data-element_type=\"section\">\n\t\t\t\t\t\t<div class=\"elementor-container elementor-column-gap-default\">\n\t\t\t\t\t<div class=\"elementor-column elementor-col-100 elementor-top-column elementor-element elementor-element-82096d2\" data-id=\"82096d2\" data-element_type=\"column\">\n\t\t\t<div class=\"elementor-widget-wrap elementor-element-populated\">\n\t\t\t\t\t\t<div class=\"elementor-element elementor-element-a42e6bb elementor-widget elementor-widget-heading\" data-id=\"a42e6bb\" data-element_type=\"widget\" data-widget_type=\"heading.default\">\n\t\t\t\t<div class=\"elementor-widget-container\">\n\t\t\t\t\t<h2 class=\"elementor-heading-title elementor-size-default\">CAOAGRO participa da Feira Agropecu\u00e1ria, Industrial e Comercial de S\u00e3o Miguel do Oeste<\/h2>\t\t\t\t<\/div>\n\t\t\t\t<\/div>\n\t\t\t\t\t<\/div>\n\t\t<\/div>\n\t\t\t\t\t<\/div>\n\t\t<\/section>\n\t\t\t\t<section class=\"elementor-section elementor-top-section elementor-element elementor-element-147a785 elementor-section-boxed elementor-section-height-default elementor-section-height-default\" data-id=\"147a785\" data-element_type=\"section\">\n\t\t\t\t\t\t<div class=\"elementor-container elementor-column-gap-default\">\n\t\t\t\t\t<div class=\"elementor-column elementor-col-100 elementor-top-column elementor-element elementor-element-01005f1\" data-id=\"01005f1\" data-element_type=\"column\">\n\t\t\t<div class=\"elementor-widget-wrap elementor-element-populated\">\n\t\t\t\t\t\t<div class=\"elementor-element elementor-element-6057ef9 elementor-widget elementor-widget-image\" data-id=\"6057ef9\" data-element_type=\"widget\" data-widget_type=\"image.default\">\n\t\t\t\t<div class=\"elementor-widget-container\">\n\t\t\t\t\t\t\t\t\t\t\t\t\t\t\t<img fetchpriority=\"high\" decoding=\"async\" width=\"696\" height=\"522\" src=\"https:\/\/pc.sc.gov.br\/\/wp-content\/uploads\/2024\/02\/WhatsApp-Image-2024-02-16-at-15.36.48-1024x768.jpeg\" class=\"attachment-large size-large wp-image-17493\" alt=\"\" srcset=\"https:\/\/pc.sc.gov.br\/\/wp-content\/uploads\/2024\/02\/WhatsApp-Image-2024-02-16-at-15.36.48-1024x768.jpeg 1024w, https:\/\/pc.sc.gov.br\/\/wp-content\/uploads\/2024\/02\/WhatsApp-Image-2024-02-16-at-15.36.48-300x225.jpeg 300w, https:\/\/pc.sc.gov.br\/\/wp-content\/uploads\/2024\/02\/WhatsApp-Image-2024-02-16-at-15.36.48-768x576.jpeg 768w, https:\/\/pc.sc.gov.br\/\/wp-content\/uploads\/2024\/02\/WhatsApp-Image-2024-02-16-at-15.36.48-1536x1152.jpeg 1536w, https:\/\/pc.sc.gov.br\/\/wp-content\/uploads\/2024\/02\/WhatsApp-Image-2024-02-16-at-15.36.48.jpeg 1600w\" sizes=\"(max-width: 696px) 100vw, 696px\" \/>\t\t\t\t\t\t\t\t\t\t\t\t\t\t\t<\/div>\n\t\t\t\t<\/div>\n\t\t\t\t\t<\/div>\n\t\t<\/div>\n\t\t\t\t\t<\/div>\n\t\t<\/section>\n\t\t\t\t<section class=\"elementor-section elementor-top-section elementor-element elementor-element-7458782 elementor-section-boxed elementor-section-height-default elementor-section-height-default\" data-id=\"7458782\" data-element_type=\"section\">\n\t\t\t\t\t\t<div class=\"elementor-container elementor-column-gap-default\">\n\t\t\t\t\t<div class=\"elementor-column elementor-col-100 elementor-top-column elementor-element elementor-element-2324d37\" data-id=\"2324d37\" data-element_type=\"column\">\n\t\t\t<div class=\"elementor-widget-wrap elementor-element-populated\">\n\t\t\t\t\t\t<div class=\"elementor-element elementor-element-13461ea elementor-widget elementor-widget-text-editor\" data-id=\"13461ea\" data-element_type=\"widget\" data-widget_type=\"text-editor.default\">\n\t\t\t\t<div class=\"elementor-widget-container\">\n\t\t\t\t\t\t\t\t\t<p>A Pol\u00edcia Civil de Santa Catarina, por meio da Delegacia Regional de Pol\u00edcia Civil de S\u00e3o Miguel do Oeste e do Centro de Apoio Operacional de Combate aos Crimes Contra o Agroneg\u00f3cio (CAOAGRO\/PCSC), participa da edi\u00e7\u00e3o de 50 anos da Feira Agropecu\u00e1ria, Industrial e Comercial (FAISMO) de S\u00e3o Miguel do Oeste.<\/p>\n<p>A Pol\u00edcia Civil disp\u00f5e de estande no Pavilh\u00e3o 3 com espa\u00e7o para intera\u00e7\u00e3o infantil, al\u00e9m da viatura da Delegacia M\u00f3vel \u2013 um ve\u00edculo Ducato que cont\u00e9m toda a infraestrutura necess\u00e1ria para registros de ocorr\u00eancias e atendimento ao p\u00fablico em qualquer local.&nbsp;<\/p>\n<p>No estande, o CAOAGRO\/PCSC apresenta as ferramentas da Pol\u00edcia Civil no combate da criminalidade rural, demonstrando para as entidades e produtores rurais da regi\u00e3o como a integra\u00e7\u00e3o entre a tecnologia e a investiga\u00e7\u00e3o pode ajudar na resolu\u00e7\u00e3o dos crimes contra o agroneg\u00f3cio.<\/p>\n<p>Os visitantes inclusive podem conhecer a Delegacia Virtual de Repress\u00e3o aos Crimes Contra o Agroneg\u00f3cio (DELEAGRO). Esse novo servi\u00e7o da Pol\u00edcia Civil de Santa Catarina permite que voc\u00ea fa\u00e7a o registro da ocorr\u00eancia sem sair de casa.<\/p>\n<p>Utilize a Delegacia Virtual para abrir um Boletim de Ocorr\u00eancia de crime contra o agroneg\u00f3cio ou registrar uma Den\u00fancia An\u00f4nima.&nbsp;<a href=\"https:\/\/delegaciavirtual.sc.gov.br\/\" target=\"_blank\" style=\"font-family: var( --e-global-typography-primary-font-family ), Sans-serif; font-size: var( --e-global-typography-primary-font-size ); font-weight: var( --e-global-typography-primary-font-weight ); letter-spacing: var( --e-global-typography-primary-letter-spacing ); background-color: rgb(255, 255, 255);\">Acesse o site aqui<\/a><\/p>\n<p><span style=\"font-family: var( --e-global-typography-text-font-family ), Sans-serif; font-size: var( --e-global-typography-text-font-size );\">Voc\u00ea tamb\u00e9m pode fazer sua den\u00fancia para o CAOAGRO via WhatsApp (49) 99173 8826 ou pelo telefone (49) 2049 9971.<\/span><span style=\"color: var( --e-global-color-text ); font-family: var( --e-global-typography-primary-font-family ), Sans-serif; font-size: var( --e-global-typography-primary-font-size ); font-weight: var( --e-global-typography-primary-font-weight ); letter-spacing: var( --e-global-typography-primary-letter-spacing );\">&nbsp;<\/span><\/p>\t\t\t\t\t\t\t\t<\/div>\n\t\t\t\t<\/div>\n\t\t\t\t\t<\/div>\n\t\t<\/div>\n\t\t\t\t\t<\/div>\n\t\t<\/section>\n\t\t\t\t<section class=\"elementor-section elementor-top-section elementor-element elementor-element-75611ef elementor-section-boxed elementor-section-height-default elementor-section-height-default\" data-id=\"75611ef\" data-element_type=\"section\">\n\t\t\t\t\t\t<div class=\"elementor-container elementor-column-gap-default\">\n\t\t\t\t\t<div class=\"elementor-column elementor-col-100 elementor-top-column elementor-element elementor-element-1572bdc\" data-id=\"1572bdc\" data-element_type=\"column\">\n\t\t\t<div class=\"elementor-widget-wrap elementor-element-populated\">\n\t\t\t\t\t\t<div class=\"elementor-element elementor-element-95505b1 elementor-widget__width-initial elementor-widget elementor-widget-video\" data-id=\"95505b1\" data-element_type=\"widget\" data-settings=\"{&quot;video_type&quot;:&quot;hosted&quot;,&quot;controls&quot;:&quot;yes&quot;}\" data-widget_type=\"video.default\">\n\t\t\t\t<div class=\"elementor-widget-container\">\n\t\t\t\t\t\t\t<div class=\"e-hosted-video elementor-wrapper elementor-open-inline\">\n\t\t\t\t\t<video class=\"elementor-video\" src=\"https:\/\/pc.sc.gov.br\/wp-content\/uploads\/2024\/02\/WhatsApp-Video-2024-02-16-at-15.36.46-1.mp4\" controls=\"\" preload=\"metadata\"><\/video>\n\t\t\t\t<\/div>\n\t\t\t\t\t\t<\/div>\n\t\t\t\t<\/div>\n\t\t\t\t\t<\/div>\n\t\t<\/div>\n\t\t\t\t\t<\/div>\n\t\t<\/section>\n\t\t\t\t<\/div>\n\t\t","protected":false},"excerpt":{"rendered":"<p>CAOAGRO participa da Feira Agropecu\u00e1ria, Industrial e Comercial de S\u00e3o Miguel do Oeste A Pol\u00edcia Civil de Santa Catarina, por meio da Delegacia Regional de Pol\u00edcia Civil de S\u00e3o Miguel do Oeste e do Centro de Apoio Operacional de Combate aos Crimes Contra o Agroneg\u00f3cio (CAOAGRO\/PCSC), participa da edi\u00e7\u00e3o de 50 anos da Feira Agropecu\u00e1ria, [&hellip;]<\/p>\n","protected":false},"author":5,"featured_media":17491,"comment_status":"closed","ping_status":"open","sticky":false,"template":"","format":"standard","meta":{"_monsterinsights_skip_tracking":false,"_monsterinsights_sitenote_active":false,"_monsterinsights_sitenote_note":"","_monsterinsights_sitenote_category":0,"footnotes":""},"categories":[1],"tags":[],"class_list":["post-17490","post","type-post","status-publish","format-standard","has-post-thumbnail","hentry","category-sem-categoria"],"_links":{"self":[{"href":"https:\/\/pc.sc.gov.br\/index.php?rest_route=\/wp\/v2\/posts\/17490","targetHints":{"allow":["GET"]}}],"collection":[{"href":"https:\/\/pc.sc.gov.br\/index.php?rest_route=\/wp\/v2\/posts"}],"about":[{"href":"https:\/\/pc.sc.gov.br\/index.php?rest_route=\/wp\/v2\/types\/post"}],"author":[{"embeddable":true,"href":"https:\/\/pc.sc.gov.br\/index.php?rest_route=\/wp\/v2\/users\/5"}],"replies":[{"embeddable":true,"href":"https:\/\/pc.sc.gov.br\/index.php?rest_route=%2Fwp%2Fv2%2Fcomments&post=17490"}],"version-history":[{"count":10,"href":"https:\/\/pc.sc.gov.br\/index.php?rest_route=\/wp\/v2\/posts\/17490\/revisions"}],"predecessor-version":[{"id":17504,"href":"https:\/\/pc.sc.gov.br\/index.php?rest_route=\/wp\/v2\/posts\/17490\/revisions\/17504"}],"wp:featuredmedia":[{"embeddable":true,"href":"https:\/\/pc.sc.gov.br\/index.php?rest_route=\/wp\/v2\/media\/17491"}],"wp:attachment":[{"href":"https:\/\/pc.sc.gov.br\/index.php?rest_route=%2Fwp%2Fv2%2Fmedia&parent=17490"}],"wp:term":[{"taxonomy":"category","embeddable":true,"href":"https:\/\/pc.sc.gov.br\/index.php?rest_route=%2Fwp%2Fv2%2Fcategories&post=17490"},{"taxonomy":"post_tag","embeddable":true,"href":"https:\/\/pc.sc.gov.br\/index.php?rest_route=%2Fwp%2Fv2%2Ftags&post=17490"}],"curies":[{"name":"wp","href":"https:\/\/api.w.org\/{rel}","templated":true}]}}