{"id":17505,"date":"2024-02-16T16:44:00","date_gmt":"2024-02-16T19:44:00","guid":{"rendered":"https:\/\/pc.sc.gov.br\/?p=17505"},"modified":"2024-02-16T16:48:15","modified_gmt":"2024-02-16T19:48:15","slug":"policia-civil-de-itapoa-prende-em-flagrante-autor-de-crime-de-importunacao-sexual","status":"publish","type":"post","link":"https:\/\/pc.sc.gov.br\/?p=17505","title":{"rendered":"Pol\u00edcia Civil de Itapo\u00e1 prende em flagrante autor de crime de importuna\u00e7\u00e3o sexual"},"content":{"rendered":"\t\t<div data-elementor-type=\"wp-post\" data-elementor-id=\"17505\" class=\"elementor elementor-17505\" data-elementor-post-type=\"post\">\n\t\t\t\t\t\t<section class=\"elementor-section elementor-top-section elementor-element elementor-element-5bd08af elementor-section-boxed elementor-section-height-default elementor-section-height-default\" data-id=\"5bd08af\" data-element_type=\"section\">\n\t\t\t\t\t\t<div class=\"elementor-container elementor-column-gap-default\">\n\t\t\t\t\t<div class=\"elementor-column elementor-col-100 elementor-top-column elementor-element elementor-element-19b8424\" data-id=\"19b8424\" data-element_type=\"column\">\n\t\t\t<div class=\"elementor-widget-wrap elementor-element-populated\">\n\t\t\t\t\t\t<div class=\"elementor-element elementor-element-bda9cd4 elementor-widget elementor-widget-heading\" data-id=\"bda9cd4\" data-element_type=\"widget\" data-widget_type=\"heading.default\">\n\t\t\t\t<div class=\"elementor-widget-container\">\n\t\t\t\t\t<h2 class=\"elementor-heading-title elementor-size-default\">Pol\u00edcia Civil de Itapo\u00e1 prende em flagrante autor de crime de importuna\u00e7\u00e3o sexual<\/h2>\t\t\t\t<\/div>\n\t\t\t\t<\/div>\n\t\t\t\t\t<\/div>\n\t\t<\/div>\n\t\t\t\t\t<\/div>\n\t\t<\/section>\n\t\t\t\t<section class=\"elementor-section elementor-top-section elementor-element elementor-element-ec8a7fb elementor-section-boxed elementor-section-height-default elementor-section-height-default\" data-id=\"ec8a7fb\" data-element_type=\"section\">\n\t\t\t\t\t\t<div class=\"elementor-container elementor-column-gap-default\">\n\t\t\t\t\t<div class=\"elementor-column elementor-col-100 elementor-top-column elementor-element elementor-element-ee93751\" data-id=\"ee93751\" data-element_type=\"column\">\n\t\t\t<div class=\"elementor-widget-wrap elementor-element-populated\">\n\t\t\t\t\t\t<div class=\"elementor-element elementor-element-b422450 elementor-widget elementor-widget-image\" data-id=\"b422450\" data-element_type=\"widget\" data-widget_type=\"image.default\">\n\t\t\t\t<div class=\"elementor-widget-container\">\n\t\t\t\t\t\t\t\t\t\t\t\t\t\t\t<img fetchpriority=\"high\" decoding=\"async\" width=\"696\" height=\"583\" src=\"https:\/\/pc.sc.gov.br\/\/wp-content\/uploads\/2023\/12\/52798047036_d7bc95aaed_k-fotor-20231101135311-1.jpg\" class=\"attachment-large size-large wp-image-15796\" alt=\"\" srcset=\"https:\/\/pc.sc.gov.br\/\/wp-content\/uploads\/2023\/12\/52798047036_d7bc95aaed_k-fotor-20231101135311-1.jpg 961w, https:\/\/pc.sc.gov.br\/\/wp-content\/uploads\/2023\/12\/52798047036_d7bc95aaed_k-fotor-20231101135311-1-300x251.jpg 300w, https:\/\/pc.sc.gov.br\/\/wp-content\/uploads\/2023\/12\/52798047036_d7bc95aaed_k-fotor-20231101135311-1-768x643.jpg 768w\" sizes=\"(max-width: 696px) 100vw, 696px\" \/>\t\t\t\t\t\t\t\t\t\t\t\t\t\t\t<\/div>\n\t\t\t\t<\/div>\n\t\t\t\t\t<\/div>\n\t\t<\/div>\n\t\t\t\t\t<\/div>\n\t\t<\/section>\n\t\t\t\t<section class=\"elementor-section elementor-top-section elementor-element elementor-element-9fd6351 elementor-section-boxed elementor-section-height-default elementor-section-height-default\" data-id=\"9fd6351\" data-element_type=\"section\">\n\t\t\t\t\t\t<div class=\"elementor-container elementor-column-gap-default\">\n\t\t\t\t\t<div class=\"elementor-column elementor-col-100 elementor-top-column elementor-element elementor-element-ff90d30\" data-id=\"ff90d30\" data-element_type=\"column\">\n\t\t\t<div class=\"elementor-widget-wrap elementor-element-populated\">\n\t\t\t\t\t\t<div class=\"elementor-element elementor-element-0c52535 elementor-widget elementor-widget-text-editor\" data-id=\"0c52535\" data-element_type=\"widget\" data-widget_type=\"text-editor.default\">\n\t\t\t\t<div class=\"elementor-widget-container\">\n\t\t\t\t\t\t\t\t\t<p><span style=\"font-family: var( --e-global-typography-text-font-family ), Sans-serif; font-size: var( --e-global-typography-text-font-size );\">Na tarde dessa sexta-feira (16), a Pol\u00edcia Civil de Santa Catarina, por meio da Delegacia de Pol\u00edcia Civil de Itapo\u00e1, prendeu em flagrante homem acusado de ter importunado sexualmente uma adolescente em Itapo\u00e1.<\/span><br><\/p>\n<p>No final da manh\u00e3 dessa sexta-feira, a Pol\u00edcia Civil de Itapo\u00e1 recebeu a informa\u00e7\u00e3o de que uma menina, menor de idade, havia sido v\u00edtima do crime importuna\u00e7\u00e3o sexual enquanto estava esperando pelo \u00f4nibus. Com base nas informa\u00e7\u00f5es, o Setor de Investiga\u00e7\u00e3o Criminal de Itapo\u00e1, iniciou dilig\u00eancias no sentido de identificar e capturar o suspeito do crime.&nbsp;<\/p>\n<p>Ap\u00f3s levantamento de imagens, no in\u00edcio da tarde de hoje (16) foi identificado o ve\u00edculo e o autor, sendo capturado logo em seguida quando saia de seu trabalho.&nbsp; Diante dos fatos o autor foi conduzido \u00e0 Delegacia de Pol\u00edcia Civil de Itapo\u00e1 e preso em flagrante pelo crime de importuna\u00e7\u00e3o sexual. O preso ser\u00e1 encaminhado ao Pres\u00eddio Regional de Joinville.&nbsp;<\/p>\n<p>Colabore com a Pol\u00edcia Civil fazendo den\u00fancias pelo telefone 181 ou pelo WhatsApp (48) 98844-0011. O sigilo \u00e9 absoluto!<\/p>\t\t\t\t\t\t\t\t<\/div>\n\t\t\t\t<\/div>\n\t\t\t\t\t<\/div>\n\t\t<\/div>\n\t\t\t\t\t<\/div>\n\t\t<\/section>\n\t\t\t\t<\/div>\n\t\t","protected":false},"excerpt":{"rendered":"<p>Pol\u00edcia Civil de Itapo\u00e1 prende em flagrante autor de crime de importuna\u00e7\u00e3o sexual Na tarde dessa sexta-feira (16), a Pol\u00edcia Civil de Santa Catarina, por meio da Delegacia de Pol\u00edcia Civil de Itapo\u00e1, prendeu em flagrante homem acusado de ter importunado sexualmente uma adolescente em Itapo\u00e1. No final da manh\u00e3 dessa sexta-feira, a Pol\u00edcia Civil [&hellip;]<\/p>\n","protected":false},"author":5,"featured_media":17128,"comment_status":"closed","ping_status":"open","sticky":false,"template":"","format":"standard","meta":{"_monsterinsights_skip_tracking":false,"_monsterinsights_sitenote_active":false,"_monsterinsights_sitenote_note":"","_monsterinsights_sitenote_category":0,"footnotes":""},"categories":[1],"tags":[],"class_list":["post-17505","post","type-post","status-publish","format-standard","has-post-thumbnail","hentry","category-sem-categoria"],"_links":{"self":[{"href":"https:\/\/pc.sc.gov.br\/index.php?rest_route=\/wp\/v2\/posts\/17505","targetHints":{"allow":["GET"]}}],"collection":[{"href":"https:\/\/pc.sc.gov.br\/index.php?rest_route=\/wp\/v2\/posts"}],"about":[{"href":"https:\/\/pc.sc.gov.br\/index.php?rest_route=\/wp\/v2\/types\/post"}],"author":[{"embeddable":true,"href":"https:\/\/pc.sc.gov.br\/index.php?rest_route=\/wp\/v2\/users\/5"}],"replies":[{"embeddable":true,"href":"https:\/\/pc.sc.gov.br\/index.php?rest_route=%2Fwp%2Fv2%2Fcomments&post=17505"}],"version-history":[{"count":4,"href":"https:\/\/pc.sc.gov.br\/index.php?rest_route=\/wp\/v2\/posts\/17505\/revisions"}],"predecessor-version":[{"id":17509,"href":"https:\/\/pc.sc.gov.br\/index.php?rest_route=\/wp\/v2\/posts\/17505\/revisions\/17509"}],"wp:featuredmedia":[{"embeddable":true,"href":"https:\/\/pc.sc.gov.br\/index.php?rest_route=\/wp\/v2\/media\/17128"}],"wp:attachment":[{"href":"https:\/\/pc.sc.gov.br\/index.php?rest_route=%2Fwp%2Fv2%2Fmedia&parent=17505"}],"wp:term":[{"taxonomy":"category","embeddable":true,"href":"https:\/\/pc.sc.gov.br\/index.php?rest_route=%2Fwp%2Fv2%2Fcategories&post=17505"},{"taxonomy":"post_tag","embeddable":true,"href":"https:\/\/pc.sc.gov.br\/index.php?rest_route=%2Fwp%2Fv2%2Ftags&post=17505"}],"curies":[{"name":"wp","href":"https:\/\/api.w.org\/{rel}","templated":true}]}}