{"id":17510,"date":"2024-02-16T16:55:30","date_gmt":"2024-02-16T19:55:30","guid":{"rendered":"https:\/\/pc.sc.gov.br\/?p=17510"},"modified":"2024-02-16T16:56:26","modified_gmt":"2024-02-16T19:56:26","slug":"dic-de-joinville-prende-condenado-por-trafico-de-armas-de-fogo","status":"publish","type":"post","link":"https:\/\/pc.sc.gov.br\/?p=17510","title":{"rendered":"DIC de Joinville prende condenado por tr\u00e1fico de armas de fogo"},"content":{"rendered":"\t\t<div data-elementor-type=\"wp-post\" data-elementor-id=\"17510\" class=\"elementor elementor-17510\" data-elementor-post-type=\"post\">\n\t\t\t\t\t\t<section class=\"elementor-section elementor-top-section elementor-element elementor-element-2fe6f10 elementor-section-boxed elementor-section-height-default elementor-section-height-default\" data-id=\"2fe6f10\" data-element_type=\"section\">\n\t\t\t\t\t\t<div class=\"elementor-container elementor-column-gap-default\">\n\t\t\t\t\t<div class=\"elementor-column elementor-col-100 elementor-top-column elementor-element elementor-element-20bdc7a\" data-id=\"20bdc7a\" data-element_type=\"column\">\n\t\t\t<div class=\"elementor-widget-wrap elementor-element-populated\">\n\t\t\t\t\t\t<div class=\"elementor-element elementor-element-b6c969c elementor-widget elementor-widget-heading\" data-id=\"b6c969c\" data-element_type=\"widget\" data-widget_type=\"heading.default\">\n\t\t\t\t<div class=\"elementor-widget-container\">\n\t\t\t\t\t<h2 class=\"elementor-heading-title elementor-size-default\">DIC de Joinville prende condenado por tr\u00e1fico de armas de fogo<\/h2>\t\t\t\t<\/div>\n\t\t\t\t<\/div>\n\t\t\t\t\t<\/div>\n\t\t<\/div>\n\t\t\t\t\t<\/div>\n\t\t<\/section>\n\t\t\t\t<section class=\"elementor-section elementor-top-section elementor-element elementor-element-030f94a elementor-section-boxed elementor-section-height-default elementor-section-height-default\" data-id=\"030f94a\" data-element_type=\"section\">\n\t\t\t\t\t\t<div class=\"elementor-container elementor-column-gap-default\">\n\t\t\t\t\t<div class=\"elementor-column elementor-col-100 elementor-top-column elementor-element elementor-element-cf897a5\" data-id=\"cf897a5\" data-element_type=\"column\">\n\t\t\t<div class=\"elementor-widget-wrap elementor-element-populated\">\n\t\t\t\t\t\t<div class=\"elementor-element elementor-element-4f9ba49 elementor-widget elementor-widget-image\" data-id=\"4f9ba49\" data-element_type=\"widget\" data-widget_type=\"image.default\">\n\t\t\t\t<div class=\"elementor-widget-container\">\n\t\t\t\t\t\t\t\t\t\t\t\t\t\t\t<img fetchpriority=\"high\" decoding=\"async\" width=\"696\" height=\"701\" src=\"https:\/\/pc.sc.gov.br\/\/wp-content\/uploads\/2024\/02\/WhatsApp-Image-2024-02-16-at-16.41.09-1017x1024.jpeg\" class=\"attachment-large size-large wp-image-17511\" alt=\"\" srcset=\"https:\/\/pc.sc.gov.br\/\/wp-content\/uploads\/2024\/02\/WhatsApp-Image-2024-02-16-at-16.41.09-1017x1024.jpeg 1017w, https:\/\/pc.sc.gov.br\/\/wp-content\/uploads\/2024\/02\/WhatsApp-Image-2024-02-16-at-16.41.09-298x300.jpeg 298w, https:\/\/pc.sc.gov.br\/\/wp-content\/uploads\/2024\/02\/WhatsApp-Image-2024-02-16-at-16.41.09-150x150.jpeg 150w, https:\/\/pc.sc.gov.br\/\/wp-content\/uploads\/2024\/02\/WhatsApp-Image-2024-02-16-at-16.41.09-768x773.jpeg 768w, https:\/\/pc.sc.gov.br\/\/wp-content\/uploads\/2024\/02\/WhatsApp-Image-2024-02-16-at-16.41.09.jpeg 1080w\" sizes=\"(max-width: 696px) 100vw, 696px\" \/>\t\t\t\t\t\t\t\t\t\t\t\t\t\t\t<\/div>\n\t\t\t\t<\/div>\n\t\t\t\t\t<\/div>\n\t\t<\/div>\n\t\t\t\t\t<\/div>\n\t\t<\/section>\n\t\t\t\t<section class=\"elementor-section elementor-top-section elementor-element elementor-element-87a9173 elementor-section-boxed elementor-section-height-default elementor-section-height-default\" data-id=\"87a9173\" data-element_type=\"section\">\n\t\t\t\t\t\t<div class=\"elementor-container elementor-column-gap-default\">\n\t\t\t\t\t<div class=\"elementor-column elementor-col-100 elementor-top-column elementor-element elementor-element-46494a8\" data-id=\"46494a8\" data-element_type=\"column\">\n\t\t\t<div class=\"elementor-widget-wrap elementor-element-populated\">\n\t\t\t\t\t\t<div class=\"elementor-element elementor-element-954beac elementor-widget elementor-widget-text-editor\" data-id=\"954beac\" data-element_type=\"widget\" data-widget_type=\"text-editor.default\">\n\t\t\t\t<div class=\"elementor-widget-container\">\n\t\t\t\t\t\t\t\t\t<p>A Pol\u00edcia Civil de Santa Catarina, por meio da DIC de Joinville, procedeu ao cumprimento de um mandado de pris\u00e3o expedido pela Justi\u00e7a Criminal catarinense, em desfavor de um homem condenado pela pr\u00e1tica do crime de com\u00e9rcio ilegal de armas de fogo e muni\u00e7\u00f5es.<\/p>\n<p>Importante destacar que o referido indiv\u00edduo foi investigado e indiciado pela DIC de Joinville em 2023, sendo que, ap\u00f3s a regular tramita\u00e7\u00e3o da respectiva a\u00e7\u00e3o penal, restou condenado a uma pena de 08 anos e 02 meses de reclus\u00e3o, em regime fechado.&nbsp;<\/p>\n<p><b>Colabore com a Pol\u00edcia Civil fazendo den\u00fancias pelo telefone 181. O sigilo \u00e9 absoluto.<\/b><\/p>\n<div>&nbsp;<\/div>\t\t\t\t\t\t\t\t<\/div>\n\t\t\t\t<\/div>\n\t\t\t\t\t<\/div>\n\t\t<\/div>\n\t\t\t\t\t<\/div>\n\t\t<\/section>\n\t\t\t\t<\/div>\n\t\t","protected":false},"excerpt":{"rendered":"<p>DIC de Joinville prende condenado por tr\u00e1fico de armas de fogo A Pol\u00edcia Civil de Santa Catarina, por meio da DIC de Joinville, procedeu ao cumprimento de um mandado de pris\u00e3o expedido pela Justi\u00e7a Criminal catarinense, em desfavor de um homem condenado pela pr\u00e1tica do crime de com\u00e9rcio ilegal de armas de fogo e muni\u00e7\u00f5es. [&hellip;]<\/p>\n","protected":false},"author":5,"featured_media":17511,"comment_status":"closed","ping_status":"open","sticky":false,"template":"","format":"standard","meta":{"_monsterinsights_skip_tracking":false,"_monsterinsights_sitenote_active":false,"_monsterinsights_sitenote_note":"","_monsterinsights_sitenote_category":0,"footnotes":""},"categories":[1],"tags":[],"class_list":["post-17510","post","type-post","status-publish","format-standard","has-post-thumbnail","hentry","category-sem-categoria"],"_links":{"self":[{"href":"https:\/\/pc.sc.gov.br\/index.php?rest_route=\/wp\/v2\/posts\/17510","targetHints":{"allow":["GET"]}}],"collection":[{"href":"https:\/\/pc.sc.gov.br\/index.php?rest_route=\/wp\/v2\/posts"}],"about":[{"href":"https:\/\/pc.sc.gov.br\/index.php?rest_route=\/wp\/v2\/types\/post"}],"author":[{"embeddable":true,"href":"https:\/\/pc.sc.gov.br\/index.php?rest_route=\/wp\/v2\/users\/5"}],"replies":[{"embeddable":true,"href":"https:\/\/pc.sc.gov.br\/index.php?rest_route=%2Fwp%2Fv2%2Fcomments&post=17510"}],"version-history":[{"count":4,"href":"https:\/\/pc.sc.gov.br\/index.php?rest_route=\/wp\/v2\/posts\/17510\/revisions"}],"predecessor-version":[{"id":17515,"href":"https:\/\/pc.sc.gov.br\/index.php?rest_route=\/wp\/v2\/posts\/17510\/revisions\/17515"}],"wp:featuredmedia":[{"embeddable":true,"href":"https:\/\/pc.sc.gov.br\/index.php?rest_route=\/wp\/v2\/media\/17511"}],"wp:attachment":[{"href":"https:\/\/pc.sc.gov.br\/index.php?rest_route=%2Fwp%2Fv2%2Fmedia&parent=17510"}],"wp:term":[{"taxonomy":"category","embeddable":true,"href":"https:\/\/pc.sc.gov.br\/index.php?rest_route=%2Fwp%2Fv2%2Fcategories&post=17510"},{"taxonomy":"post_tag","embeddable":true,"href":"https:\/\/pc.sc.gov.br\/index.php?rest_route=%2Fwp%2Fv2%2Ftags&post=17510"}],"curies":[{"name":"wp","href":"https:\/\/api.w.org\/{rel}","templated":true}]}}