{"id":17516,"date":"2024-02-16T17:21:27","date_gmt":"2024-02-16T20:21:27","guid":{"rendered":"https:\/\/pc.sc.gov.br\/?p=17516"},"modified":"2024-02-16T17:37:57","modified_gmt":"2024-02-16T20:37:57","slug":"policia-civil-prende-investigados-apontados-como-lideres-de-trafico-de-drogas-em-blumenau-e-apreende-verdadeiro-arsenal-de-armas","status":"publish","type":"post","link":"https:\/\/pc.sc.gov.br\/?p=17516","title":{"rendered":"Pol\u00edcia Civil prende investigados apontados como l\u00edderes de tr\u00e1fico de drogas em Blumenau e apreende verdadeiro arsenal de armas"},"content":{"rendered":"\t\t<div data-elementor-type=\"wp-post\" data-elementor-id=\"17516\" class=\"elementor elementor-17516\" data-elementor-post-type=\"post\">\n\t\t\t\t\t\t<section class=\"elementor-section elementor-top-section elementor-element elementor-element-a138253 elementor-section-boxed elementor-section-height-default elementor-section-height-default\" data-id=\"a138253\" data-element_type=\"section\">\n\t\t\t\t\t\t<div class=\"elementor-container elementor-column-gap-default\">\n\t\t\t\t\t<div class=\"elementor-column elementor-col-100 elementor-top-column elementor-element elementor-element-181ef11\" data-id=\"181ef11\" data-element_type=\"column\">\n\t\t\t<div class=\"elementor-widget-wrap elementor-element-populated\">\n\t\t\t\t\t\t<div class=\"elementor-element elementor-element-e4e9c72 elementor-widget elementor-widget-heading\" data-id=\"e4e9c72\" data-element_type=\"widget\" data-widget_type=\"heading.default\">\n\t\t\t\t<div class=\"elementor-widget-container\">\n\t\t\t\t\t<h2 class=\"elementor-heading-title elementor-size-default\">Pol\u00edcia Civil prende investigados apontados como l\u00edderes de tr\u00e1fico de drogas em Blumenau e apreende verdadeiro arsenal de armas<\/h2>\t\t\t\t<\/div>\n\t\t\t\t<\/div>\n\t\t\t\t\t<\/div>\n\t\t<\/div>\n\t\t\t\t\t<\/div>\n\t\t<\/section>\n\t\t\t\t<section class=\"elementor-section elementor-top-section elementor-element elementor-element-80386e0 elementor-section-boxed elementor-section-height-default elementor-section-height-default\" data-id=\"80386e0\" data-element_type=\"section\">\n\t\t\t\t\t\t<div class=\"elementor-container elementor-column-gap-default\">\n\t\t\t\t\t<div class=\"elementor-column elementor-col-100 elementor-top-column elementor-element elementor-element-3ad541b\" data-id=\"3ad541b\" data-element_type=\"column\">\n\t\t\t<div class=\"elementor-widget-wrap elementor-element-populated\">\n\t\t\t\t\t\t<div class=\"elementor-element elementor-element-bf0fef5 elementor-widget elementor-widget-image\" data-id=\"bf0fef5\" data-element_type=\"widget\" data-widget_type=\"image.default\">\n\t\t\t\t<div class=\"elementor-widget-container\">\n\t\t\t\t\t\t\t\t\t\t\t\t\t\t\t<img fetchpriority=\"high\" decoding=\"async\" width=\"696\" height=\"522\" src=\"https:\/\/pc.sc.gov.br\/\/wp-content\/uploads\/2024\/02\/WhatsApp-Image-2024-02-16-at-16.57.33-1024x768.jpeg\" class=\"attachment-large size-large wp-image-17517\" alt=\"\" srcset=\"https:\/\/pc.sc.gov.br\/\/wp-content\/uploads\/2024\/02\/WhatsApp-Image-2024-02-16-at-16.57.33-1024x768.jpeg 1024w, https:\/\/pc.sc.gov.br\/\/wp-content\/uploads\/2024\/02\/WhatsApp-Image-2024-02-16-at-16.57.33-300x225.jpeg 300w, https:\/\/pc.sc.gov.br\/\/wp-content\/uploads\/2024\/02\/WhatsApp-Image-2024-02-16-at-16.57.33-768x576.jpeg 768w, https:\/\/pc.sc.gov.br\/\/wp-content\/uploads\/2024\/02\/WhatsApp-Image-2024-02-16-at-16.57.33-1536x1152.jpeg 1536w, https:\/\/pc.sc.gov.br\/\/wp-content\/uploads\/2024\/02\/WhatsApp-Image-2024-02-16-at-16.57.33.jpeg 1600w\" sizes=\"(max-width: 696px) 100vw, 696px\" \/>\t\t\t\t\t\t\t\t\t\t\t\t\t\t\t<\/div>\n\t\t\t\t<\/div>\n\t\t\t\t\t<\/div>\n\t\t<\/div>\n\t\t\t\t\t<\/div>\n\t\t<\/section>\n\t\t\t\t<section class=\"elementor-section elementor-top-section elementor-element elementor-element-608de73 elementor-section-boxed elementor-section-height-default elementor-section-height-default\" data-id=\"608de73\" data-element_type=\"section\">\n\t\t\t\t\t\t<div class=\"elementor-container elementor-column-gap-default\">\n\t\t\t\t\t<div class=\"elementor-column elementor-col-100 elementor-top-column elementor-element elementor-element-0fe046a\" data-id=\"0fe046a\" data-element_type=\"column\">\n\t\t\t<div class=\"elementor-widget-wrap elementor-element-populated\">\n\t\t\t\t\t\t<div class=\"elementor-element elementor-element-a6a4192 elementor-widget elementor-widget-text-editor\" data-id=\"a6a4192\" data-element_type=\"widget\" data-widget_type=\"text-editor.default\">\n\t\t\t\t<div class=\"elementor-widget-container\">\n\t\t\t\t\t\t\t\t\t<p>Na sexta-feira (16), a Pol\u00edcia Civil de Santa Catarina, por meio da Divis\u00e3o de Investiga\u00e7\u00e3o Criminal (DIC) de Blumenau, cumpriu tr\u00eas mandados de pris\u00e3o preventiva e sete de busca e apreens\u00e3o contra investigados apontados como l\u00edderes do tr\u00e1fico de drogas em Blumenau.&nbsp; Durante o cumprimento das ordens judiciais, um verdadeiro arsenal de armas foi localizado. No total, foram apreendidas 25 armas, sendo 17 longas e 8 curtas. Uma pessoa foi presa em flagrante.&nbsp;<br><\/p>\n<p><strong>Entenda o caso<\/strong><\/p>\n<p>Desde 2017, logo ap\u00f3s a pris\u00e3o, realizada pela DIC de Blumenau, de um homem apontado com um dos l\u00edderes do tr\u00e1fico de drogas do Morro Dona Edith, no bairro Velha Grande, em Blumenau, as investiga\u00e7\u00f5es se concentraram na lavagem de dinheiro. Naquela ocasi\u00e3o foram apreendidas quatorze armas de fogo, al\u00e9m de drogas. Posteriormente, o homem foi condenado a mais de 20 anos de pris\u00e3o.<\/p>\n<p>Durante o per\u00edodo analisado, apurou-se uma movimenta\u00e7\u00e3o financeira superior a R$ 1 milh\u00e3o, atrav\u00e9s de dep\u00f3sitos fracionados, totalmente incompat\u00edvel com a renda declarada. Paralelo a isso, uma empresa de motos, que presta servi\u00e7os de pe\u00e7as, revenda, oficina e acess\u00f3rios em Blumenau tamb\u00e9m passou a ser investigada por suspeita de lavar o dinheiro do tr\u00e1fico.<\/p>\n<p>Em an\u00e1lise cont\u00e1bil, verificou-se que, somente a empresa, movimentou mais de R$23 milh\u00f5es de reais. O representante da empresa, alvo de busca e apreens\u00e3o, movimentou em sua conta pessoa f\u00edsica mais de R$ 5 milh\u00f5es.<\/p>\n<p><strong>Cumprimento das ordens judiciais nesta sexta-feira (16)<\/strong><\/p>\n<p>No cumprimento das buscas, um dos investigados mantinha em sua resid\u00eancia tr\u00eas armas de fogo com registro vigente, sendo um fuzil, as quais foram recolhidas.<\/p>\n<p>Na resid\u00eancia e na loja do empres\u00e1rio, um verdadeiro arsenal foi localizado. A posse de armas de fogo em nome de terceiros, bem como a manuten\u00e7\u00e3o de uma m\u00e1quina de recarga de muni\u00e7\u00e3o sem autoriza\u00e7\u00e3o legal, resultou na sua pris\u00e3o em flagrante.<\/p>\n<p>A Pol\u00edcia Federal e o Ex\u00e9rcito Brasileiro ser\u00e3o comunicados para ado\u00e7\u00e3o de medidas administrativas cab\u00edveis sobre a cassa\u00e7\u00e3o do Certificado de Registro de Arma de Fogo.<\/p>\n<p>O Poder Judici\u00e1rio, a pedido da Pol\u00edcia Civil, ainda decretou o bloqueio de contas banc\u00e1rias e sequestro\/indisponibilidade de dois ve\u00edculos e de dois im\u00f3veis. Na Delegacia de Pol\u00edcia, os presos ficaram em sil\u00eancio.<\/p>\n<p>Encerrado o procedimento, os presos foram encaminhados ao Pres\u00eddio Regional de Blumenau, onde ficar\u00e3o \u00e0 disposi\u00e7\u00e3o do Poder Judici\u00e1rio.<\/p>\t\t\t\t\t\t\t\t<\/div>\n\t\t\t\t<\/div>\n\t\t\t\t\t<\/div>\n\t\t<\/div>\n\t\t\t\t\t<\/div>\n\t\t<\/section>\n\t\t\t\t<\/div>\n\t\t","protected":false},"excerpt":{"rendered":"<p>Pol\u00edcia Civil prende investigados apontados como l\u00edderes de tr\u00e1fico de drogas em Blumenau e apreende verdadeiro arsenal de armas Na sexta-feira (16), a Pol\u00edcia Civil de Santa Catarina, por meio da Divis\u00e3o de Investiga\u00e7\u00e3o Criminal (DIC) de Blumenau, cumpriu tr\u00eas mandados de pris\u00e3o preventiva e sete de busca e apreens\u00e3o contra investigados apontados como l\u00edderes [&hellip;]<\/p>\n","protected":false},"author":5,"featured_media":17517,"comment_status":"closed","ping_status":"open","sticky":false,"template":"","format":"standard","meta":{"_monsterinsights_skip_tracking":false,"_monsterinsights_sitenote_active":false,"_monsterinsights_sitenote_note":"","_monsterinsights_sitenote_category":0,"footnotes":""},"categories":[1],"tags":[],"class_list":["post-17516","post","type-post","status-publish","format-standard","has-post-thumbnail","hentry","category-sem-categoria"],"_links":{"self":[{"href":"https:\/\/pc.sc.gov.br\/index.php?rest_route=\/wp\/v2\/posts\/17516","targetHints":{"allow":["GET"]}}],"collection":[{"href":"https:\/\/pc.sc.gov.br\/index.php?rest_route=\/wp\/v2\/posts"}],"about":[{"href":"https:\/\/pc.sc.gov.br\/index.php?rest_route=\/wp\/v2\/types\/post"}],"author":[{"embeddable":true,"href":"https:\/\/pc.sc.gov.br\/index.php?rest_route=\/wp\/v2\/users\/5"}],"replies":[{"embeddable":true,"href":"https:\/\/pc.sc.gov.br\/index.php?rest_route=%2Fwp%2Fv2%2Fcomments&post=17516"}],"version-history":[{"count":7,"href":"https:\/\/pc.sc.gov.br\/index.php?rest_route=\/wp\/v2\/posts\/17516\/revisions"}],"predecessor-version":[{"id":17524,"href":"https:\/\/pc.sc.gov.br\/index.php?rest_route=\/wp\/v2\/posts\/17516\/revisions\/17524"}],"wp:featuredmedia":[{"embeddable":true,"href":"https:\/\/pc.sc.gov.br\/index.php?rest_route=\/wp\/v2\/media\/17517"}],"wp:attachment":[{"href":"https:\/\/pc.sc.gov.br\/index.php?rest_route=%2Fwp%2Fv2%2Fmedia&parent=17516"}],"wp:term":[{"taxonomy":"category","embeddable":true,"href":"https:\/\/pc.sc.gov.br\/index.php?rest_route=%2Fwp%2Fv2%2Fcategories&post=17516"},{"taxonomy":"post_tag","embeddable":true,"href":"https:\/\/pc.sc.gov.br\/index.php?rest_route=%2Fwp%2Fv2%2Ftags&post=17516"}],"curies":[{"name":"wp","href":"https:\/\/api.w.org\/{rel}","templated":true}]}}