{"id":17525,"date":"2024-02-19T14:44:25","date_gmt":"2024-02-19T17:44:25","guid":{"rendered":"https:\/\/pc.sc.gov.br\/?p=17525"},"modified":"2024-02-19T14:45:14","modified_gmt":"2024-02-19T17:45:14","slug":"delegacia-de-capturas-da-deic-prende-homem-por-homicidio-em-jaguaruna","status":"publish","type":"post","link":"https:\/\/pc.sc.gov.br\/?p=17525","title":{"rendered":"Delegacia de Capturas da DEIC prende homem por homic\u00eddio em Jaguaruna"},"content":{"rendered":"\t\t<div data-elementor-type=\"wp-post\" data-elementor-id=\"17525\" class=\"elementor elementor-17525\" data-elementor-post-type=\"post\">\n\t\t\t\t\t\t<section class=\"elementor-section elementor-top-section elementor-element elementor-element-4fd8710 elementor-section-boxed elementor-section-height-default elementor-section-height-default\" data-id=\"4fd8710\" data-element_type=\"section\">\n\t\t\t\t\t\t<div class=\"elementor-container elementor-column-gap-default\">\n\t\t\t\t\t<div class=\"elementor-column elementor-col-100 elementor-top-column elementor-element elementor-element-dd24164\" data-id=\"dd24164\" data-element_type=\"column\">\n\t\t\t<div class=\"elementor-widget-wrap elementor-element-populated\">\n\t\t\t\t\t\t<div class=\"elementor-element elementor-element-62a3e8a elementor-widget elementor-widget-heading\" data-id=\"62a3e8a\" data-element_type=\"widget\" data-widget_type=\"heading.default\">\n\t\t\t\t<div class=\"elementor-widget-container\">\n\t\t\t\t\t<h2 class=\"elementor-heading-title elementor-size-default\">Delegacia de Capturas da DEIC prende homem por homic\u00eddio em Jaguaruna<\/h2>\t\t\t\t<\/div>\n\t\t\t\t<\/div>\n\t\t\t\t\t<\/div>\n\t\t<\/div>\n\t\t\t\t\t<\/div>\n\t\t<\/section>\n\t\t\t\t<section class=\"elementor-section elementor-top-section elementor-element elementor-element-bf4d4ba elementor-section-boxed elementor-section-height-default elementor-section-height-default\" data-id=\"bf4d4ba\" data-element_type=\"section\">\n\t\t\t\t\t\t<div class=\"elementor-container elementor-column-gap-default\">\n\t\t\t\t\t<div class=\"elementor-column elementor-col-100 elementor-top-column elementor-element elementor-element-43271be\" data-id=\"43271be\" data-element_type=\"column\">\n\t\t\t<div class=\"elementor-widget-wrap elementor-element-populated\">\n\t\t\t\t\t\t<div class=\"elementor-element elementor-element-dad2d3f elementor-widget elementor-widget-image\" data-id=\"dad2d3f\" data-element_type=\"widget\" data-widget_type=\"image.default\">\n\t\t\t\t<div class=\"elementor-widget-container\">\n\t\t\t\t\t\t\t\t\t\t\t\t\t\t\t<img fetchpriority=\"high\" decoding=\"async\" width=\"696\" height=\"927\" src=\"https:\/\/pc.sc.gov.br\/\/wp-content\/uploads\/2024\/02\/WhatsApp-Image-2024-02-06-at-13.53.20-769x1024.jpeg\" class=\"attachment-large size-large wp-image-17181\" alt=\"\" srcset=\"https:\/\/pc.sc.gov.br\/\/wp-content\/uploads\/2024\/02\/WhatsApp-Image-2024-02-06-at-13.53.20-769x1024.jpeg 769w, https:\/\/pc.sc.gov.br\/\/wp-content\/uploads\/2024\/02\/WhatsApp-Image-2024-02-06-at-13.53.20-225x300.jpeg 225w, https:\/\/pc.sc.gov.br\/\/wp-content\/uploads\/2024\/02\/WhatsApp-Image-2024-02-06-at-13.53.20-768x1023.jpeg 768w, https:\/\/pc.sc.gov.br\/\/wp-content\/uploads\/2024\/02\/WhatsApp-Image-2024-02-06-at-13.53.20.jpeg 868w\" sizes=\"(max-width: 696px) 100vw, 696px\" \/>\t\t\t\t\t\t\t\t\t\t\t\t\t\t\t<\/div>\n\t\t\t\t<\/div>\n\t\t\t\t\t<\/div>\n\t\t<\/div>\n\t\t\t\t\t<\/div>\n\t\t<\/section>\n\t\t\t\t<section class=\"elementor-section elementor-top-section elementor-element elementor-element-aff4432 elementor-section-boxed elementor-section-height-default elementor-section-height-default\" data-id=\"aff4432\" data-element_type=\"section\">\n\t\t\t\t\t\t<div class=\"elementor-container elementor-column-gap-default\">\n\t\t\t\t\t<div class=\"elementor-column elementor-col-100 elementor-top-column elementor-element elementor-element-83b6ef1\" data-id=\"83b6ef1\" data-element_type=\"column\">\n\t\t\t<div class=\"elementor-widget-wrap elementor-element-populated\">\n\t\t\t\t\t\t<div class=\"elementor-element elementor-element-596c2e4 elementor-widget elementor-widget-text-editor\" data-id=\"596c2e4\" data-element_type=\"widget\" data-widget_type=\"text-editor.default\">\n\t\t\t\t<div class=\"elementor-widget-container\">\n\t\t\t\t\t\t\t\t\t<p>Na sexta-feira (16), a Pol\u00edcia Civil de Santa Catarina, por meio da Delegacia de Capturas da Diretoria Estadual de Investiga\u00e7\u00f5es Criminais, cumpriu mandado de pris\u00e3o, oriundo da 1\u00b0 Vara Especializada em J\u00fari de Canoas, no Rio Grande do Sul, por homic\u00eddio, crime previsto no art. 121 do C\u00f3digo Penal.<\/p><p>Ciente do mandado de pris\u00e3o em seu desfavor, o homem, que \u00e9 integrante de uma fac\u00e7\u00e3o criminosa, evadiu-se para o estado vizinho, sendo que as \u00faltimas informa\u00e7\u00f5es apuradas pela Pol\u00edcia Judici\u00e1ria ga\u00facha davam conta que ele poderia estar escondido em Santa Catarina. Os policiais civis do Rio Grande do Sul solicitaram apoio para localiza\u00e7\u00e3o e captura do ent\u00e3o foragido \u00e0 DECAP\/DEIC.<\/p><p>Ap\u00f3s diversas dilig\u00eancias investigativas, foi poss\u00edvel descobrir o paradeiro do homem, sendo acompanhado pelas equipes da delegacia especializada e abordado momento que sa\u00eda de uma resid\u00eancia situada no interior do Munic\u00edpio de Jaguaruna.<\/p><p>A DECAP\/DEIC refor\u00e7a o seu compromisso em prol da seguran\u00e7a da sociedade catarinense e se compromete com as demais unidades policiais do Estado no aux\u00edlio \u00e0 captura de foragidos.<\/p><p>Den\u00fancias e informa\u00e7\u00f5es relacionadas a foragidos da Justi\u00e7a podem ser encaminhadas para o e-mail deic-capturas@pc.sc.gov.br. Al\u00e9m disso, pelo\u00a0<a href=\"https:\/\/sistemas.pc.sc.gov.br\/foragidos\/\">Portal Foragidos da PCSC<\/a>\u00a0\u00e9 poss\u00edvel conhecer a rela\u00e7\u00e3o de procurados pela Justi\u00e7a. A Pol\u00edcia Civil de Santa Catarina garante o anonimato de quem prestar informa\u00e7\u00f5es sobre foragidos.<\/p>\t\t\t\t\t\t\t\t<\/div>\n\t\t\t\t<\/div>\n\t\t\t\t\t<\/div>\n\t\t<\/div>\n\t\t\t\t\t<\/div>\n\t\t<\/section>\n\t\t\t\t<\/div>\n\t\t","protected":false},"excerpt":{"rendered":"<p>Delegacia de Capturas da DEIC prende homem por homic\u00eddio em Jaguaruna Na sexta-feira (16), a Pol\u00edcia Civil de Santa Catarina, por meio da Delegacia de Capturas da Diretoria Estadual de Investiga\u00e7\u00f5es Criminais, cumpriu mandado de pris\u00e3o, oriundo da 1\u00b0 Vara Especializada em J\u00fari de Canoas, no Rio Grande do Sul, por homic\u00eddio, crime previsto no [&hellip;]<\/p>\n","protected":false},"author":5,"featured_media":17181,"comment_status":"closed","ping_status":"open","sticky":false,"template":"","format":"standard","meta":{"_monsterinsights_skip_tracking":false,"_monsterinsights_sitenote_active":false,"_monsterinsights_sitenote_note":"","_monsterinsights_sitenote_category":0,"footnotes":""},"categories":[1],"tags":[],"class_list":["post-17525","post","type-post","status-publish","format-standard","has-post-thumbnail","hentry","category-sem-categoria"],"_links":{"self":[{"href":"https:\/\/pc.sc.gov.br\/index.php?rest_route=\/wp\/v2\/posts\/17525","targetHints":{"allow":["GET"]}}],"collection":[{"href":"https:\/\/pc.sc.gov.br\/index.php?rest_route=\/wp\/v2\/posts"}],"about":[{"href":"https:\/\/pc.sc.gov.br\/index.php?rest_route=\/wp\/v2\/types\/post"}],"author":[{"embeddable":true,"href":"https:\/\/pc.sc.gov.br\/index.php?rest_route=\/wp\/v2\/users\/5"}],"replies":[{"embeddable":true,"href":"https:\/\/pc.sc.gov.br\/index.php?rest_route=%2Fwp%2Fv2%2Fcomments&post=17525"}],"version-history":[{"count":4,"href":"https:\/\/pc.sc.gov.br\/index.php?rest_route=\/wp\/v2\/posts\/17525\/revisions"}],"predecessor-version":[{"id":17529,"href":"https:\/\/pc.sc.gov.br\/index.php?rest_route=\/wp\/v2\/posts\/17525\/revisions\/17529"}],"wp:featuredmedia":[{"embeddable":true,"href":"https:\/\/pc.sc.gov.br\/index.php?rest_route=\/wp\/v2\/media\/17181"}],"wp:attachment":[{"href":"https:\/\/pc.sc.gov.br\/index.php?rest_route=%2Fwp%2Fv2%2Fmedia&parent=17525"}],"wp:term":[{"taxonomy":"category","embeddable":true,"href":"https:\/\/pc.sc.gov.br\/index.php?rest_route=%2Fwp%2Fv2%2Fcategories&post=17525"},{"taxonomy":"post_tag","embeddable":true,"href":"https:\/\/pc.sc.gov.br\/index.php?rest_route=%2Fwp%2Fv2%2Ftags&post=17525"}],"curies":[{"name":"wp","href":"https:\/\/api.w.org\/{rel}","templated":true}]}}