{"id":17530,"date":"2024-02-19T17:43:43","date_gmt":"2024-02-19T20:43:43","guid":{"rendered":"https:\/\/pc.sc.gov.br\/?p=17530"},"modified":"2024-02-19T17:45:04","modified_gmt":"2024-02-19T20:45:04","slug":"dic-de-curitibanos-investiga-homicidio-em-que-autor-do-crime-permaneceu-com-corpo-da-vitima-por-uma-semana-em-sua-residencia","status":"publish","type":"post","link":"https:\/\/pc.sc.gov.br\/?p=17530","title":{"rendered":"DIC de Curitibanos investiga homic\u00eddio em que autor do crime permaneceu com corpo da v\u00edtima por uma semana em sua resid\u00eancia"},"content":{"rendered":"\t\t<div data-elementor-type=\"wp-post\" data-elementor-id=\"17530\" class=\"elementor elementor-17530\" data-elementor-post-type=\"post\">\n\t\t\t\t\t\t<section class=\"elementor-section elementor-top-section elementor-element elementor-element-f8ccdfa elementor-section-boxed elementor-section-height-default elementor-section-height-default\" data-id=\"f8ccdfa\" data-element_type=\"section\">\n\t\t\t\t\t\t<div class=\"elementor-container elementor-column-gap-default\">\n\t\t\t\t\t<div class=\"elementor-column elementor-col-100 elementor-top-column elementor-element elementor-element-bc25339\" data-id=\"bc25339\" data-element_type=\"column\">\n\t\t\t<div class=\"elementor-widget-wrap elementor-element-populated\">\n\t\t\t\t\t\t<div class=\"elementor-element elementor-element-7d57865 elementor-widget elementor-widget-heading\" data-id=\"7d57865\" data-element_type=\"widget\" data-widget_type=\"heading.default\">\n\t\t\t\t<div class=\"elementor-widget-container\">\n\t\t\t\t\t<h2 class=\"elementor-heading-title elementor-size-default\">DIC de Curitibanos investiga homic\u00eddio em que autor  do crime permaneceu com corpo da v\u00edtima por uma semana em sua resid\u00eancia<\/h2>\t\t\t\t<\/div>\n\t\t\t\t<\/div>\n\t\t\t\t\t<\/div>\n\t\t<\/div>\n\t\t\t\t\t<\/div>\n\t\t<\/section>\n\t\t\t\t<section class=\"elementor-section elementor-top-section elementor-element elementor-element-0da60db elementor-section-boxed elementor-section-height-default elementor-section-height-default\" data-id=\"0da60db\" data-element_type=\"section\">\n\t\t\t\t\t\t<div class=\"elementor-container elementor-column-gap-default\">\n\t\t\t\t\t<div class=\"elementor-column elementor-col-100 elementor-top-column elementor-element elementor-element-7e4ae9b\" data-id=\"7e4ae9b\" data-element_type=\"column\">\n\t\t\t<div class=\"elementor-widget-wrap elementor-element-populated\">\n\t\t\t\t\t\t<div class=\"elementor-element elementor-element-b3480de elementor-widget elementor-widget-image\" data-id=\"b3480de\" data-element_type=\"widget\" data-widget_type=\"image.default\">\n\t\t\t\t<div class=\"elementor-widget-container\">\n\t\t\t\t\t\t\t\t\t\t\t\t\t\t\t<img fetchpriority=\"high\" decoding=\"async\" width=\"696\" height=\"583\" src=\"https:\/\/pc.sc.gov.br\/\/wp-content\/uploads\/2024\/01\/52798047036_d7bc95aaed_k-fotor-20231101135311-1.jpg\" class=\"attachment-large size-large wp-image-16985\" alt=\"\" srcset=\"https:\/\/pc.sc.gov.br\/\/wp-content\/uploads\/2024\/01\/52798047036_d7bc95aaed_k-fotor-20231101135311-1.jpg 961w, https:\/\/pc.sc.gov.br\/\/wp-content\/uploads\/2024\/01\/52798047036_d7bc95aaed_k-fotor-20231101135311-1-300x251.jpg 300w, https:\/\/pc.sc.gov.br\/\/wp-content\/uploads\/2024\/01\/52798047036_d7bc95aaed_k-fotor-20231101135311-1-768x643.jpg 768w\" sizes=\"(max-width: 696px) 100vw, 696px\" \/>\t\t\t\t\t\t\t\t\t\t\t\t\t\t\t<\/div>\n\t\t\t\t<\/div>\n\t\t\t\t\t<\/div>\n\t\t<\/div>\n\t\t\t\t\t<\/div>\n\t\t<\/section>\n\t\t\t\t<section class=\"elementor-section elementor-top-section elementor-element elementor-element-4c6ba34 elementor-section-boxed elementor-section-height-default elementor-section-height-default\" data-id=\"4c6ba34\" data-element_type=\"section\">\n\t\t\t\t\t\t<div class=\"elementor-container elementor-column-gap-default\">\n\t\t\t\t\t<div class=\"elementor-column elementor-col-100 elementor-top-column elementor-element elementor-element-8202f37\" data-id=\"8202f37\" data-element_type=\"column\">\n\t\t\t<div class=\"elementor-widget-wrap elementor-element-populated\">\n\t\t\t\t\t\t<div class=\"elementor-element elementor-element-b5b1dc7 elementor-widget elementor-widget-text-editor\" data-id=\"b5b1dc7\" data-element_type=\"widget\" data-widget_type=\"text-editor.default\">\n\t\t\t\t<div class=\"elementor-widget-container\">\n\t\t\t\t\t\t\t\t\t<p>A Pol\u00edcia Civil de Santa Catarina, por meio da Divis\u00e3o de Investiga\u00e7\u00e3o Criminal (DIC) de Curitibanos informa que nesta segunda-feira (19) o homem suspeito de matar o amigo, em Curitibanos, foi novamente interrogado na sede da DIC. De acordo com o delegado Diones Pavoni de Freitas, titular da DIC, at\u00e9 o momento, apurou-se que o suspeito estava residindo na casa na qual os fatos ocorreram h\u00e1 poucos dias, e na sexta-feira, 09\/02, a v\u00edtima passou a residir consigo em referido im\u00f3vel. Ambos j\u00e1 se conheciam desde o m\u00eas de agosto de 2023, quanto estiveram em tratamento na \u201ccasa de miseric\u00f3rdia\u201d desta cidade.<\/p>\n<p>O conjunto de ind\u00edcios indica que no s\u00e1bado (10), por volta das 19h, o suspeito e a v\u00edtima come\u00e7aram a ingerir bebida alco\u00f3lica dentro da casa. Em seguida, a v\u00edtima teria sa\u00eddo para comprar drogas, sendo acompanhada pelo suspeito. Posteriormente, retornaram para a casa e a v\u00edtima fez uso da droga que comprou, e o suspeito continuou a ingerir bebida alco\u00f3lica. Por volta das 22h, novamente, a v\u00edtima saiu para adquirir mais drogas, sendo mais uma vez acompanhada pelo suspeito.&nbsp;<\/p>\n<p>Ap\u00f3s a v\u00edtima obter as drogas, ambos retornaram para o im\u00f3vel, sendo que a v\u00edtima usou o entorpecente e o suspeito permaneceu bebendo. J\u00e1 na madrugada de domingo (11), a v\u00edtima teria ficado agressiva com o suspeito, e em determinado momento, desferiu um tapa no rosto deste, que por sua vez revidou, e ent\u00e3o entraram em luta corporal dentro da casa. Durante a briga, o suspeito conseguiu empregar um golpe no pesco\u00e7o da v\u00edtima \u2013 \u201cmata-le\u00e3o\u201d, e o pressionou at\u00e9 que desmaiasse.&nbsp;<\/p>\n<p>Ap\u00f3s provocar o estado de inconsci\u00eancia da v\u00edtima, o suspeito continuou a beber e posteriormente foi dormir. Ao amanhecer, foi em dire\u00e7\u00e3o \u00e0 v\u00edtima, com a inten\u00e7\u00e3o de acord\u00e1-lo, contudo, percebeu que ele estava com a face arroxeada e com a pele fria, circunst\u00e2ncias que o fez perceber que a v\u00edtima na verdade estava morta.<\/p>\n<p>Diante disso, o suspeito salientou ter ficado atordoado e, sem saber o que fazer, permaneceu com o corpo da v\u00edtima por uma semana dentro do im\u00f3vel, at\u00e9 que resolveu informar ao seu patr\u00e3o sobre o ocorrido, o que aconteceu apenas no domingo (18). O suspeito afirmou que entre segunda e ter\u00e7a-feira subsequente a morte da v\u00edtima, o cad\u00e1ver desta passou a exalar um forte odor, o que fez com que ele empregasse meios para dissimular o cheiro que exalava de dentro da casa. Para tanto, usou de produtos de limpeza, sabonetes, desodorante, dentre outros, os quais foram jogados sobre o cad\u00e1ver da v\u00edtima.&nbsp;<span style=\"font-family: var( --e-global-typography-primary-font-family ), Sans-serif; font-size: var( --e-global-typography-primary-font-size ); font-weight: var( --e-global-typography-primary-font-weight ); letter-spacing: var( --e-global-typography-primary-letter-spacing );\">Ressaltou, ainda, que neste \u00faltimo final de semana o cheiro estava ficando muito forte, e por n\u00e3o suportar mais a situa\u00e7\u00e3o, resolver expor o que havia acontecido.<\/span><\/p>\n<p>As investiga\u00e7\u00f5es prosseguem com a inten\u00e7\u00e3o de esclarecer os fatos em sua plenitude. Diante da aus\u00eancia de registros criminais pret\u00e9ritos do suspeito, aliada a sua colabora\u00e7\u00e3o com as investiga\u00e7\u00f5es, o Delegado de Pol\u00edcia entendeu, neste momento, n\u00e3o representar pela pris\u00e3o preventiva.<\/p>\n<div>&nbsp;<\/div>\t\t\t\t\t\t\t\t<\/div>\n\t\t\t\t<\/div>\n\t\t\t\t\t<\/div>\n\t\t<\/div>\n\t\t\t\t\t<\/div>\n\t\t<\/section>\n\t\t\t\t<\/div>\n\t\t","protected":false},"excerpt":{"rendered":"<p>DIC de Curitibanos investiga homic\u00eddio em que autor do crime permaneceu com corpo da v\u00edtima por uma semana em sua resid\u00eancia A Pol\u00edcia Civil de Santa Catarina, por meio da Divis\u00e3o de Investiga\u00e7\u00e3o Criminal (DIC) de Curitibanos informa que nesta segunda-feira (19) o homem suspeito de matar o amigo, em Curitibanos, foi novamente interrogado na [&hellip;]<\/p>\n","protected":false},"author":5,"featured_media":16985,"comment_status":"closed","ping_status":"open","sticky":false,"template":"","format":"standard","meta":{"_monsterinsights_skip_tracking":false,"_monsterinsights_sitenote_active":false,"_monsterinsights_sitenote_note":"","_monsterinsights_sitenote_category":0,"footnotes":""},"categories":[1],"tags":[],"class_list":["post-17530","post","type-post","status-publish","format-standard","has-post-thumbnail","hentry","category-sem-categoria"],"_links":{"self":[{"href":"https:\/\/pc.sc.gov.br\/index.php?rest_route=\/wp\/v2\/posts\/17530","targetHints":{"allow":["GET"]}}],"collection":[{"href":"https:\/\/pc.sc.gov.br\/index.php?rest_route=\/wp\/v2\/posts"}],"about":[{"href":"https:\/\/pc.sc.gov.br\/index.php?rest_route=\/wp\/v2\/types\/post"}],"author":[{"embeddable":true,"href":"https:\/\/pc.sc.gov.br\/index.php?rest_route=\/wp\/v2\/users\/5"}],"replies":[{"embeddable":true,"href":"https:\/\/pc.sc.gov.br\/index.php?rest_route=%2Fwp%2Fv2%2Fcomments&post=17530"}],"version-history":[{"count":4,"href":"https:\/\/pc.sc.gov.br\/index.php?rest_route=\/wp\/v2\/posts\/17530\/revisions"}],"predecessor-version":[{"id":17534,"href":"https:\/\/pc.sc.gov.br\/index.php?rest_route=\/wp\/v2\/posts\/17530\/revisions\/17534"}],"wp:featuredmedia":[{"embeddable":true,"href":"https:\/\/pc.sc.gov.br\/index.php?rest_route=\/wp\/v2\/media\/16985"}],"wp:attachment":[{"href":"https:\/\/pc.sc.gov.br\/index.php?rest_route=%2Fwp%2Fv2%2Fmedia&parent=17530"}],"wp:term":[{"taxonomy":"category","embeddable":true,"href":"https:\/\/pc.sc.gov.br\/index.php?rest_route=%2Fwp%2Fv2%2Fcategories&post=17530"},{"taxonomy":"post_tag","embeddable":true,"href":"https:\/\/pc.sc.gov.br\/index.php?rest_route=%2Fwp%2Fv2%2Ftags&post=17530"}],"curies":[{"name":"wp","href":"https:\/\/api.w.org\/{rel}","templated":true}]}}