{"id":17535,"date":"2024-02-19T18:09:18","date_gmt":"2024-02-19T21:09:18","guid":{"rendered":"https:\/\/pc.sc.gov.br\/?p=17535"},"modified":"2024-02-19T18:10:26","modified_gmt":"2024-02-19T21:10:26","slug":"policia-civil-prende-autores-de-cinco-furtos-ocorridos-no-ano-passado-em-garopaba","status":"publish","type":"post","link":"https:\/\/pc.sc.gov.br\/?p=17535","title":{"rendered":"Pol\u00edcia Civil prende autores de cinco furtos ocorridos no ano passado em Garopaba"},"content":{"rendered":"\t\t<div data-elementor-type=\"wp-post\" data-elementor-id=\"17535\" class=\"elementor elementor-17535\" data-elementor-post-type=\"post\">\n\t\t\t\t\t\t<section class=\"elementor-section elementor-top-section elementor-element elementor-element-9f04aee elementor-section-boxed elementor-section-height-default elementor-section-height-default\" data-id=\"9f04aee\" data-element_type=\"section\">\n\t\t\t\t\t\t<div class=\"elementor-container elementor-column-gap-default\">\n\t\t\t\t\t<div class=\"elementor-column elementor-col-100 elementor-top-column elementor-element elementor-element-d157ab3\" data-id=\"d157ab3\" data-element_type=\"column\">\n\t\t\t<div class=\"elementor-widget-wrap elementor-element-populated\">\n\t\t\t\t\t\t<div class=\"elementor-element elementor-element-4259a37 elementor-widget elementor-widget-heading\" data-id=\"4259a37\" data-element_type=\"widget\" data-widget_type=\"heading.default\">\n\t\t\t\t<div class=\"elementor-widget-container\">\n\t\t\t\t\t<h2 class=\"elementor-heading-title elementor-size-default\">Pol\u00edcia Civil prende autores de cinco furtos ocorridos no ano passado em Garopaba<\/h2>\t\t\t\t<\/div>\n\t\t\t\t<\/div>\n\t\t\t\t\t<\/div>\n\t\t<\/div>\n\t\t\t\t\t<\/div>\n\t\t<\/section>\n\t\t\t\t<section class=\"elementor-section elementor-top-section elementor-element elementor-element-26b5c03 elementor-section-boxed elementor-section-height-default elementor-section-height-default\" data-id=\"26b5c03\" data-element_type=\"section\">\n\t\t\t\t\t\t<div class=\"elementor-container elementor-column-gap-default\">\n\t\t\t\t\t<div class=\"elementor-column elementor-col-100 elementor-top-column elementor-element elementor-element-a46ddbf\" data-id=\"a46ddbf\" data-element_type=\"column\">\n\t\t\t<div class=\"elementor-widget-wrap elementor-element-populated\">\n\t\t\t\t\t\t<div class=\"elementor-element elementor-element-bda7ca7 elementor-widget elementor-widget-image\" data-id=\"bda7ca7\" data-element_type=\"widget\" data-widget_type=\"image.default\">\n\t\t\t\t<div class=\"elementor-widget-container\">\n\t\t\t\t\t\t\t\t\t\t\t\t\t\t\t<img fetchpriority=\"high\" decoding=\"async\" width=\"696\" height=\"455\" src=\"https:\/\/pc.sc.gov.br\/\/wp-content\/uploads\/2024\/02\/4548ae65-77f4-47c6-9786-6abe1c14a118-fotor-2024021918839.jpg\" class=\"attachment-large size-large wp-image-17536\" alt=\"\" srcset=\"https:\/\/pc.sc.gov.br\/\/wp-content\/uploads\/2024\/02\/4548ae65-77f4-47c6-9786-6abe1c14a118-fotor-2024021918839.jpg 876w, https:\/\/pc.sc.gov.br\/\/wp-content\/uploads\/2024\/02\/4548ae65-77f4-47c6-9786-6abe1c14a118-fotor-2024021918839-300x196.jpg 300w, https:\/\/pc.sc.gov.br\/\/wp-content\/uploads\/2024\/02\/4548ae65-77f4-47c6-9786-6abe1c14a118-fotor-2024021918839-768x502.jpg 768w\" sizes=\"(max-width: 696px) 100vw, 696px\" \/>\t\t\t\t\t\t\t\t\t\t\t\t\t\t\t<\/div>\n\t\t\t\t<\/div>\n\t\t\t\t\t<\/div>\n\t\t<\/div>\n\t\t\t\t\t<\/div>\n\t\t<\/section>\n\t\t\t\t<section class=\"elementor-section elementor-top-section elementor-element elementor-element-65c03fb elementor-section-boxed elementor-section-height-default elementor-section-height-default\" data-id=\"65c03fb\" data-element_type=\"section\">\n\t\t\t\t\t\t<div class=\"elementor-container elementor-column-gap-default\">\n\t\t\t\t\t<div class=\"elementor-column elementor-col-100 elementor-top-column elementor-element elementor-element-f05749b\" data-id=\"f05749b\" data-element_type=\"column\">\n\t\t\t<div class=\"elementor-widget-wrap elementor-element-populated\">\n\t\t\t\t\t\t<div class=\"elementor-element elementor-element-59aa465 elementor-widget elementor-widget-text-editor\" data-id=\"59aa465\" data-element_type=\"widget\" data-widget_type=\"text-editor.default\">\n\t\t\t\t<div class=\"elementor-widget-container\">\n\t\t\t\t\t\t\t\t\t<p>A Delegacia de Pol\u00edcia de Garopaba identificou tr\u00eas autores de furtos efetuados entre os meses de agosto e outubro do ano passado. Um dos crimes, que ganhou maior repercuss\u00e3o, ocorreu em uma loja de acess\u00f3rios de celular no Centro de Garopaba, no dia 7\/10\/23, da qual os criminosos subtra\u00edram produtos avaliados em R$ 30 mil.<\/p>\n<p>As dilig\u00eancias permitiram identificar o grupo de tr\u00eas homens, como sendo respons\u00e1vel pelo furto n\u00e3o s\u00f3 na loja, como, tamb\u00e9m, em duas resid\u00eancias e em duas obras. De uma das v\u00edtimas, os criminosos chegaram a subtrair cart\u00e3o de cr\u00e9dito que foi posteriormente usado para efetuar compras no com\u00e9rcio local.&nbsp;<\/p>\n<p>Com o trabalho investigativo, a Pol\u00edcia Civil conseguiu vincular os cinco furtos ao citado grupo, o que ensejou a representa\u00e7\u00e3o pela decreta\u00e7\u00e3o da pris\u00e3o preventiva dos homens. Com manifesta\u00e7\u00e3o favor\u00e1vel do Minist\u00e9rio P\u00fablico, o Poder Judici\u00e1rio decretou a pris\u00e3o preventiva de dois dos investigados, tendo a Pol\u00edcia Civil dado cumprimento aos mandados nesta segunda-feira. O terceiro investigado, por ter menor participa\u00e7\u00e3o nos crimes, n\u00e3o teve a pris\u00e3o decretada, de todo modo, responder\u00e1 pelos mesmos crimes dos demais.<\/p>\n<p>Os presos encontram-se no Pres\u00eddio de Imbituba, onde permanecer\u00e3o \u00e0 disposi\u00e7\u00e3o da Justi\u00e7a. A pol\u00edcia acredita que, com a retirada de tais indiv\u00edduos do conv\u00edvio social, v\u00e1rios crimes patrimoniais ser\u00e3o evitados.&nbsp;<\/p>\n<p><b>Colabore com a Pol\u00edcia Civil. Denuncie! Disque 181, escreva para (48) 98844-0011 (WhatsApp) ou acesse www.pc.sc.gov.br.<\/b><\/p>\n<div>&nbsp;<\/div>\t\t\t\t\t\t\t\t<\/div>\n\t\t\t\t<\/div>\n\t\t\t\t\t<\/div>\n\t\t<\/div>\n\t\t\t\t\t<\/div>\n\t\t<\/section>\n\t\t\t\t<\/div>\n\t\t","protected":false},"excerpt":{"rendered":"<p>Pol\u00edcia Civil prende autores de cinco furtos ocorridos no ano passado em Garopaba A Delegacia de Pol\u00edcia de Garopaba identificou tr\u00eas autores de furtos efetuados entre os meses de agosto e outubro do ano passado. Um dos crimes, que ganhou maior repercuss\u00e3o, ocorreu em uma loja de acess\u00f3rios de celular no Centro de Garopaba, no [&hellip;]<\/p>\n","protected":false},"author":5,"featured_media":17536,"comment_status":"closed","ping_status":"open","sticky":false,"template":"","format":"standard","meta":{"_monsterinsights_skip_tracking":false,"_monsterinsights_sitenote_active":false,"_monsterinsights_sitenote_note":"","_monsterinsights_sitenote_category":0,"footnotes":""},"categories":[1],"tags":[],"class_list":["post-17535","post","type-post","status-publish","format-standard","has-post-thumbnail","hentry","category-sem-categoria"],"_links":{"self":[{"href":"https:\/\/pc.sc.gov.br\/index.php?rest_route=\/wp\/v2\/posts\/17535","targetHints":{"allow":["GET"]}}],"collection":[{"href":"https:\/\/pc.sc.gov.br\/index.php?rest_route=\/wp\/v2\/posts"}],"about":[{"href":"https:\/\/pc.sc.gov.br\/index.php?rest_route=\/wp\/v2\/types\/post"}],"author":[{"embeddable":true,"href":"https:\/\/pc.sc.gov.br\/index.php?rest_route=\/wp\/v2\/users\/5"}],"replies":[{"embeddable":true,"href":"https:\/\/pc.sc.gov.br\/index.php?rest_route=%2Fwp%2Fv2%2Fcomments&post=17535"}],"version-history":[{"count":4,"href":"https:\/\/pc.sc.gov.br\/index.php?rest_route=\/wp\/v2\/posts\/17535\/revisions"}],"predecessor-version":[{"id":17540,"href":"https:\/\/pc.sc.gov.br\/index.php?rest_route=\/wp\/v2\/posts\/17535\/revisions\/17540"}],"wp:featuredmedia":[{"embeddable":true,"href":"https:\/\/pc.sc.gov.br\/index.php?rest_route=\/wp\/v2\/media\/17536"}],"wp:attachment":[{"href":"https:\/\/pc.sc.gov.br\/index.php?rest_route=%2Fwp%2Fv2%2Fmedia&parent=17535"}],"wp:term":[{"taxonomy":"category","embeddable":true,"href":"https:\/\/pc.sc.gov.br\/index.php?rest_route=%2Fwp%2Fv2%2Fcategories&post=17535"},{"taxonomy":"post_tag","embeddable":true,"href":"https:\/\/pc.sc.gov.br\/index.php?rest_route=%2Fwp%2Fv2%2Ftags&post=17535"}],"curies":[{"name":"wp","href":"https:\/\/api.w.org\/{rel}","templated":true}]}}