{"id":17541,"date":"2024-02-20T13:39:13","date_gmt":"2024-02-20T16:39:13","guid":{"rendered":"https:\/\/pc.sc.gov.br\/?p=17541"},"modified":"2024-02-20T13:40:02","modified_gmt":"2024-02-20T16:40:02","slug":"policia-civil-representa-por-manutencao-do-afastamento-dos-cargos-publicos-de-tres-investigados-da-operacao-pressagio","status":"publish","type":"post","link":"https:\/\/pc.sc.gov.br\/?p=17541","title":{"rendered":"Pol\u00edcia Civil representa por manuten\u00e7\u00e3o do afastamento dos cargos p\u00fablicos de tr\u00eas investigados da opera\u00e7\u00e3o \u201cPress\u00e1gio\u201d"},"content":{"rendered":"\t\t<div data-elementor-type=\"wp-post\" data-elementor-id=\"17541\" class=\"elementor elementor-17541\" data-elementor-post-type=\"post\">\n\t\t\t\t\t\t<section class=\"elementor-section elementor-top-section elementor-element elementor-element-731540e elementor-section-boxed elementor-section-height-default elementor-section-height-default\" data-id=\"731540e\" data-element_type=\"section\">\n\t\t\t\t\t\t<div class=\"elementor-container elementor-column-gap-default\">\n\t\t\t\t\t<div class=\"elementor-column elementor-col-100 elementor-top-column elementor-element elementor-element-ee02bc4\" data-id=\"ee02bc4\" data-element_type=\"column\">\n\t\t\t<div class=\"elementor-widget-wrap elementor-element-populated\">\n\t\t\t\t\t\t<div class=\"elementor-element elementor-element-89b07f5 elementor-widget elementor-widget-heading\" data-id=\"89b07f5\" data-element_type=\"widget\" data-widget_type=\"heading.default\">\n\t\t\t\t<div class=\"elementor-widget-container\">\n\t\t\t\t\t<h2 class=\"elementor-heading-title elementor-size-default\">Pol\u00edcia Civil representa por manuten\u00e7\u00e3o do afastamento dos cargos p\u00fablicos de tr\u00eas investigados da opera\u00e7\u00e3o \u201cPress\u00e1gio\u201d <\/h2>\t\t\t\t<\/div>\n\t\t\t\t<\/div>\n\t\t\t\t\t<\/div>\n\t\t<\/div>\n\t\t\t\t\t<\/div>\n\t\t<\/section>\n\t\t\t\t<section class=\"elementor-section elementor-top-section elementor-element elementor-element-4798c87 elementor-section-boxed elementor-section-height-default elementor-section-height-default\" data-id=\"4798c87\" data-element_type=\"section\">\n\t\t\t\t\t\t<div class=\"elementor-container elementor-column-gap-default\">\n\t\t\t\t\t<div class=\"elementor-column elementor-col-100 elementor-top-column elementor-element elementor-element-1486b54\" data-id=\"1486b54\" data-element_type=\"column\">\n\t\t\t<div class=\"elementor-widget-wrap elementor-element-populated\">\n\t\t\t\t\t\t<div class=\"elementor-element elementor-element-e9b3d07 elementor-widget elementor-widget-image\" data-id=\"e9b3d07\" data-element_type=\"widget\" data-widget_type=\"image.default\">\n\t\t\t\t<div class=\"elementor-widget-container\">\n\t\t\t\t\t\t\t\t\t\t\t\t\t\t\t<img fetchpriority=\"high\" decoding=\"async\" width=\"696\" height=\"522\" src=\"https:\/\/pc.sc.gov.br\/\/wp-content\/uploads\/2024\/01\/CARRO-VIATUIRA-SIRENE-NOITE-POLICIA-CIVIL-PCSC-1024x768.jpg\" class=\"attachment-large size-large wp-image-16597\" alt=\"\" srcset=\"https:\/\/pc.sc.gov.br\/\/wp-content\/uploads\/2024\/01\/CARRO-VIATUIRA-SIRENE-NOITE-POLICIA-CIVIL-PCSC-1024x768.jpg 1024w, https:\/\/pc.sc.gov.br\/\/wp-content\/uploads\/2024\/01\/CARRO-VIATUIRA-SIRENE-NOITE-POLICIA-CIVIL-PCSC-300x225.jpg 300w, https:\/\/pc.sc.gov.br\/\/wp-content\/uploads\/2024\/01\/CARRO-VIATUIRA-SIRENE-NOITE-POLICIA-CIVIL-PCSC-768x576.jpg 768w, https:\/\/pc.sc.gov.br\/\/wp-content\/uploads\/2024\/01\/CARRO-VIATUIRA-SIRENE-NOITE-POLICIA-CIVIL-PCSC.jpg 1280w\" sizes=\"(max-width: 696px) 100vw, 696px\" \/>\t\t\t\t\t\t\t\t\t\t\t\t\t\t\t<\/div>\n\t\t\t\t<\/div>\n\t\t\t\t\t<\/div>\n\t\t<\/div>\n\t\t\t\t\t<\/div>\n\t\t<\/section>\n\t\t\t\t<section class=\"elementor-section elementor-top-section elementor-element elementor-element-1552af0 elementor-section-boxed elementor-section-height-default elementor-section-height-default\" data-id=\"1552af0\" data-element_type=\"section\">\n\t\t\t\t\t\t<div class=\"elementor-container elementor-column-gap-default\">\n\t\t\t\t\t<div class=\"elementor-column elementor-col-100 elementor-top-column elementor-element elementor-element-32c3c59\" data-id=\"32c3c59\" data-element_type=\"column\">\n\t\t\t<div class=\"elementor-widget-wrap elementor-element-populated\">\n\t\t\t\t\t\t<div class=\"elementor-element elementor-element-ff16b1c elementor-widget elementor-widget-text-editor\" data-id=\"ff16b1c\" data-element_type=\"widget\" data-widget_type=\"text-editor.default\">\n\t\t\t\t<div class=\"elementor-widget-container\">\n\t\t\t\t\t\t\t\t\t<p>A Pol\u00edcia Civil de Santa Catarina, por meio da Delegacia de Investiga\u00e7\u00e3o de Crimes Ambientais e Crimes contra Rela\u00e7\u00f5es de Consumo da Diretoria Estadual de Investiga\u00e7\u00f5es Criminais, representou pela manuten\u00e7\u00e3o do afastamento dos cargos p\u00fablicos ocupados por tr\u00eas investigados na opera\u00e7\u00e3o \u201cPress\u00e1gio\u201d.<\/p><p>Ap\u00f3s an\u00e1lise preliminar do material apreendido no cumprimento das buscas, realizadas no dia 18\/01\/2024, a Delegada de Pol\u00edcia que preside a investiga\u00e7\u00e3o representou pela prorroga\u00e7\u00e3o do per\u00edodo de afastamento do cargo p\u00fablico em rela\u00e7\u00e3o a tr\u00eas investigados, o que foi deferido pelo ju\u00edzo, ap\u00f3s aquiesc\u00eancia do Minist\u00e9rio P\u00fablico.<\/p><p>Inicialmente a decis\u00e3o judicial estabeleceu 30 dias de afastamento, entretanto, os novos elementos apresentados pela Pol\u00edcia Civil subsidiou a nova decis\u00e3o judicial, proferida na data de 19\/02\/2024, que estendeu o prazo de afastamento at\u00e9 o t\u00e9rmino da investiga\u00e7\u00e3o.<\/p><p>Relembrando que a Opera\u00e7\u00e3o Press\u00e1gio visa apurar a suposta pr\u00e1tica de crime ambiental de polui\u00e7\u00e3o, fraude \u00e0 licita\u00e7\u00e3o, corrup\u00e7\u00e3o passiva, corrup\u00e7\u00e3o ativa, peculato, organiza\u00e7\u00e3o criminosa e lavagem de dinheiro, perpetrados, em tese, por agentes p\u00fablicos, em conluio com particulares.<\/p><p>A investiga\u00e7\u00e3o segue em andamento e para evitar qualquer preju\u00edzo no seu desfecho, demais informa\u00e7\u00f5es ser\u00e3o repassadas oportunamente.<\/p>\t\t\t\t\t\t\t\t<\/div>\n\t\t\t\t<\/div>\n\t\t\t\t\t<\/div>\n\t\t<\/div>\n\t\t\t\t\t<\/div>\n\t\t<\/section>\n\t\t\t\t<\/div>\n\t\t","protected":false},"excerpt":{"rendered":"<p>Pol\u00edcia Civil representa por manuten\u00e7\u00e3o do afastamento dos cargos p\u00fablicos de tr\u00eas investigados da opera\u00e7\u00e3o \u201cPress\u00e1gio\u201d A Pol\u00edcia Civil de Santa Catarina, por meio da Delegacia de Investiga\u00e7\u00e3o de Crimes Ambientais e Crimes contra Rela\u00e7\u00f5es de Consumo da Diretoria Estadual de Investiga\u00e7\u00f5es Criminais, representou pela manuten\u00e7\u00e3o do afastamento dos cargos p\u00fablicos ocupados por tr\u00eas investigados [&hellip;]<\/p>\n","protected":false},"author":5,"featured_media":13381,"comment_status":"closed","ping_status":"open","sticky":false,"template":"","format":"standard","meta":{"_monsterinsights_skip_tracking":false,"_monsterinsights_sitenote_active":false,"_monsterinsights_sitenote_note":"","_monsterinsights_sitenote_category":0,"footnotes":""},"categories":[1],"tags":[],"class_list":["post-17541","post","type-post","status-publish","format-standard","has-post-thumbnail","hentry","category-sem-categoria"],"_links":{"self":[{"href":"https:\/\/pc.sc.gov.br\/index.php?rest_route=\/wp\/v2\/posts\/17541","targetHints":{"allow":["GET"]}}],"collection":[{"href":"https:\/\/pc.sc.gov.br\/index.php?rest_route=\/wp\/v2\/posts"}],"about":[{"href":"https:\/\/pc.sc.gov.br\/index.php?rest_route=\/wp\/v2\/types\/post"}],"author":[{"embeddable":true,"href":"https:\/\/pc.sc.gov.br\/index.php?rest_route=\/wp\/v2\/users\/5"}],"replies":[{"embeddable":true,"href":"https:\/\/pc.sc.gov.br\/index.php?rest_route=%2Fwp%2Fv2%2Fcomments&post=17541"}],"version-history":[{"count":4,"href":"https:\/\/pc.sc.gov.br\/index.php?rest_route=\/wp\/v2\/posts\/17541\/revisions"}],"predecessor-version":[{"id":17545,"href":"https:\/\/pc.sc.gov.br\/index.php?rest_route=\/wp\/v2\/posts\/17541\/revisions\/17545"}],"wp:featuredmedia":[{"embeddable":true,"href":"https:\/\/pc.sc.gov.br\/index.php?rest_route=\/wp\/v2\/media\/13381"}],"wp:attachment":[{"href":"https:\/\/pc.sc.gov.br\/index.php?rest_route=%2Fwp%2Fv2%2Fmedia&parent=17541"}],"wp:term":[{"taxonomy":"category","embeddable":true,"href":"https:\/\/pc.sc.gov.br\/index.php?rest_route=%2Fwp%2Fv2%2Fcategories&post=17541"},{"taxonomy":"post_tag","embeddable":true,"href":"https:\/\/pc.sc.gov.br\/index.php?rest_route=%2Fwp%2Fv2%2Ftags&post=17541"}],"curies":[{"name":"wp","href":"https:\/\/api.w.org\/{rel}","templated":true}]}}