{"id":17546,"date":"2024-02-20T13:44:29","date_gmt":"2024-02-20T16:44:29","guid":{"rendered":"https:\/\/pc.sc.gov.br\/?p=17546"},"modified":"2024-02-20T13:46:12","modified_gmt":"2024-02-20T16:46:12","slug":"delegacia-de-brusque-prende-homem-que-ha-15-anos-vivia-com-documentos-falsos-na-regiao","status":"publish","type":"post","link":"https:\/\/pc.sc.gov.br\/?p=17546","title":{"rendered":"Delegacia de Brusque prende homem que h\u00e1 15 anos vivia com documentos falsos na regi\u00e3o"},"content":{"rendered":"\t\t<div data-elementor-type=\"wp-post\" data-elementor-id=\"17546\" class=\"elementor elementor-17546\" data-elementor-post-type=\"post\">\n\t\t\t\t\t\t<section class=\"elementor-section elementor-top-section elementor-element elementor-element-714eeb3 elementor-section-boxed elementor-section-height-default elementor-section-height-default\" data-id=\"714eeb3\" data-element_type=\"section\">\n\t\t\t\t\t\t<div class=\"elementor-container elementor-column-gap-default\">\n\t\t\t\t\t<div class=\"elementor-column elementor-col-100 elementor-top-column elementor-element elementor-element-d142aae\" data-id=\"d142aae\" data-element_type=\"column\">\n\t\t\t<div class=\"elementor-widget-wrap elementor-element-populated\">\n\t\t\t\t\t\t<div class=\"elementor-element elementor-element-f808d34 elementor-widget elementor-widget-heading\" data-id=\"f808d34\" data-element_type=\"widget\" data-widget_type=\"heading.default\">\n\t\t\t\t<div class=\"elementor-widget-container\">\n\t\t\t\t\t<h2 class=\"elementor-heading-title elementor-size-default\">Delegacia de Brusque prende homem que h\u00e1 15 anos vivia com documentos falsos na regi\u00e3o<\/h2>\t\t\t\t<\/div>\n\t\t\t\t<\/div>\n\t\t\t\t\t<\/div>\n\t\t<\/div>\n\t\t\t\t\t<\/div>\n\t\t<\/section>\n\t\t\t\t<section class=\"elementor-section elementor-top-section elementor-element elementor-element-d061f9f elementor-section-boxed elementor-section-height-default elementor-section-height-default\" data-id=\"d061f9f\" data-element_type=\"section\">\n\t\t\t\t\t\t<div class=\"elementor-container elementor-column-gap-default\">\n\t\t\t\t\t<div class=\"elementor-column elementor-col-100 elementor-top-column elementor-element elementor-element-2e7fa85\" data-id=\"2e7fa85\" data-element_type=\"column\">\n\t\t\t<div class=\"elementor-widget-wrap elementor-element-populated\">\n\t\t\t\t\t\t<div class=\"elementor-element elementor-element-35f8015 elementor-widget elementor-widget-image\" data-id=\"35f8015\" data-element_type=\"widget\" data-widget_type=\"image.default\">\n\t\t\t\t<div class=\"elementor-widget-container\">\n\t\t\t\t\t\t\t\t\t\t\t\t\t\t\t<img fetchpriority=\"high\" decoding=\"async\" width=\"696\" height=\"522\" src=\"https:\/\/pc.sc.gov.br\/\/wp-content\/uploads\/2024\/02\/7d1f0d0b-9943-4858-817c-a248f5e646dc-fotor-20240220134142-1024x768.jpg\" class=\"attachment-large size-large wp-image-17547\" alt=\"\" srcset=\"https:\/\/pc.sc.gov.br\/\/wp-content\/uploads\/2024\/02\/7d1f0d0b-9943-4858-817c-a248f5e646dc-fotor-20240220134142-1024x768.jpg 1024w, https:\/\/pc.sc.gov.br\/\/wp-content\/uploads\/2024\/02\/7d1f0d0b-9943-4858-817c-a248f5e646dc-fotor-20240220134142-300x225.jpg 300w, https:\/\/pc.sc.gov.br\/\/wp-content\/uploads\/2024\/02\/7d1f0d0b-9943-4858-817c-a248f5e646dc-fotor-20240220134142-768x576.jpg 768w, https:\/\/pc.sc.gov.br\/\/wp-content\/uploads\/2024\/02\/7d1f0d0b-9943-4858-817c-a248f5e646dc-fotor-20240220134142-1536x1152.jpg 1536w, https:\/\/pc.sc.gov.br\/\/wp-content\/uploads\/2024\/02\/7d1f0d0b-9943-4858-817c-a248f5e646dc-fotor-20240220134142.jpg 1600w\" sizes=\"(max-width: 696px) 100vw, 696px\" \/>\t\t\t\t\t\t\t\t\t\t\t\t\t\t\t<\/div>\n\t\t\t\t<\/div>\n\t\t\t\t\t<\/div>\n\t\t<\/div>\n\t\t\t\t\t<\/div>\n\t\t<\/section>\n\t\t\t\t<section class=\"elementor-section elementor-top-section elementor-element elementor-element-a008929 elementor-section-boxed elementor-section-height-default elementor-section-height-default\" data-id=\"a008929\" data-element_type=\"section\">\n\t\t\t\t\t\t<div class=\"elementor-container elementor-column-gap-default\">\n\t\t\t\t\t<div class=\"elementor-column elementor-col-100 elementor-top-column elementor-element elementor-element-e50d95c\" data-id=\"e50d95c\" data-element_type=\"column\">\n\t\t\t<div class=\"elementor-widget-wrap elementor-element-populated\">\n\t\t\t\t\t\t<div class=\"elementor-element elementor-element-80f2e5e elementor-widget elementor-widget-text-editor\" data-id=\"80f2e5e\" data-element_type=\"widget\" data-widget_type=\"text-editor.default\">\n\t\t\t\t<div class=\"elementor-widget-container\">\n\t\t\t\t\t\t\t\t\t<p>A Pol\u00edcia Civil de Santa Catarina, por meio da Delegacia de Pol\u00edcia da Comarca de Brusque, prendeu nesta segunda-feira (19) um homem que morava no bairro Santa Terezinha, no munic\u00edpio de Brusque, por uso de documento falso, falsifica\u00e7\u00e3o de documento e falsidade ideol\u00f3gica.\u00a0\u00a0<\/p><p>As investiga\u00e7\u00f5es se iniciaram quando a Pol\u00edcia Cient\u00edfica compartilhou informa\u00e7\u00f5es com a Pol\u00edcia Civil sobre poss\u00edvel uso de documento falso pelo suspeito. A Pol\u00edcia Civil instaurou um inqu\u00e9rito policial para apurar os fatos e pediu a pris\u00e3o preventiva do investigado, al\u00e9m de busca e apreens\u00e3o na sua resid\u00eancia. O Minist\u00e9rio P\u00fablico concordou com as provid\u00eancias e o Poder Judici\u00e1rio decretou as medidas cautelares.<\/p><p>Durante as buscas, os policiais encontraram na resid\u00eancia do investigado uma pequena quantidade de maconha, v\u00e1rios cart\u00f5es banc\u00e1rios, cheques, documentos de uma empresa da cidade e uma carteira de motorista, tudo com nome falso.<\/p><p>As investiga\u00e7\u00f5es apontam que o homem usou documentos falsos em v\u00e1rias oportunidades e diante de v\u00e1rios \u00f3rg\u00e3os p\u00fablicos, inclusive para abrir empresas, abrir contas banc\u00e1rias, conseguir alvar\u00e1s e chegou at\u00e9 a registrar os pr\u00f3prios filhos com nome falso, al\u00e9m de ser preso por pens\u00e3o aliment\u00edcia, se passando por outra pessoa.<\/p><p>Ap\u00f3s a pris\u00e3o, o investigado foi interrogado na Delegacia de Pol\u00edcia, na presen\u00e7a do seu advogado e em seguida encaminhado para o sistema prisional, onde aguardar\u00e1 a conclus\u00e3o das investiga\u00e7\u00f5es e decis\u00e3o judicial.<\/p>\t\t\t\t\t\t\t\t<\/div>\n\t\t\t\t<\/div>\n\t\t\t\t\t<\/div>\n\t\t<\/div>\n\t\t\t\t\t<\/div>\n\t\t<\/section>\n\t\t\t\t<\/div>\n\t\t","protected":false},"excerpt":{"rendered":"<p>Delegacia de Brusque prende homem que h\u00e1 15 anos vivia com documentos falsos na regi\u00e3o A Pol\u00edcia Civil de Santa Catarina, por meio da Delegacia de Pol\u00edcia da Comarca de Brusque, prendeu nesta segunda-feira (19) um homem que morava no bairro Santa Terezinha, no munic\u00edpio de Brusque, por uso de documento falso, falsifica\u00e7\u00e3o de documento [&hellip;]<\/p>\n","protected":false},"author":5,"featured_media":17547,"comment_status":"closed","ping_status":"open","sticky":false,"template":"","format":"standard","meta":{"_monsterinsights_skip_tracking":false,"_monsterinsights_sitenote_active":false,"_monsterinsights_sitenote_note":"","_monsterinsights_sitenote_category":0,"footnotes":""},"categories":[1],"tags":[],"class_list":["post-17546","post","type-post","status-publish","format-standard","has-post-thumbnail","hentry","category-sem-categoria"],"_links":{"self":[{"href":"https:\/\/pc.sc.gov.br\/index.php?rest_route=\/wp\/v2\/posts\/17546","targetHints":{"allow":["GET"]}}],"collection":[{"href":"https:\/\/pc.sc.gov.br\/index.php?rest_route=\/wp\/v2\/posts"}],"about":[{"href":"https:\/\/pc.sc.gov.br\/index.php?rest_route=\/wp\/v2\/types\/post"}],"author":[{"embeddable":true,"href":"https:\/\/pc.sc.gov.br\/index.php?rest_route=\/wp\/v2\/users\/5"}],"replies":[{"embeddable":true,"href":"https:\/\/pc.sc.gov.br\/index.php?rest_route=%2Fwp%2Fv2%2Fcomments&post=17546"}],"version-history":[{"count":3,"href":"https:\/\/pc.sc.gov.br\/index.php?rest_route=\/wp\/v2\/posts\/17546\/revisions"}],"predecessor-version":[{"id":17550,"href":"https:\/\/pc.sc.gov.br\/index.php?rest_route=\/wp\/v2\/posts\/17546\/revisions\/17550"}],"wp:featuredmedia":[{"embeddable":true,"href":"https:\/\/pc.sc.gov.br\/index.php?rest_route=\/wp\/v2\/media\/17547"}],"wp:attachment":[{"href":"https:\/\/pc.sc.gov.br\/index.php?rest_route=%2Fwp%2Fv2%2Fmedia&parent=17546"}],"wp:term":[{"taxonomy":"category","embeddable":true,"href":"https:\/\/pc.sc.gov.br\/index.php?rest_route=%2Fwp%2Fv2%2Fcategories&post=17546"},{"taxonomy":"post_tag","embeddable":true,"href":"https:\/\/pc.sc.gov.br\/index.php?rest_route=%2Fwp%2Fv2%2Ftags&post=17546"}],"curies":[{"name":"wp","href":"https:\/\/api.w.org\/{rel}","templated":true}]}}