{"id":17551,"date":"2024-02-20T14:56:50","date_gmt":"2024-02-20T17:56:50","guid":{"rendered":"https:\/\/pc.sc.gov.br\/?p=17551"},"modified":"2024-02-20T14:59:06","modified_gmt":"2024-02-20T17:59:06","slug":"em-joinville-policia-civil-prende-estelionatario-foragido-por-golpe-milionario-em-belem-no-para","status":"publish","type":"post","link":"https:\/\/pc.sc.gov.br\/?p=17551","title":{"rendered":"Em Joinville, Pol\u00edcia Civil prende estelionat\u00e1rio foragido por golpe milion\u00e1rio em Bel\u00e9m, no Par\u00e1"},"content":{"rendered":"\t\t<div data-elementor-type=\"wp-post\" data-elementor-id=\"17551\" class=\"elementor elementor-17551\" data-elementor-post-type=\"post\">\n\t\t\t\t\t\t<section class=\"elementor-section elementor-top-section elementor-element elementor-element-666227a elementor-section-boxed elementor-section-height-default elementor-section-height-default\" data-id=\"666227a\" data-element_type=\"section\">\n\t\t\t\t\t\t<div class=\"elementor-container elementor-column-gap-default\">\n\t\t\t\t\t<div class=\"elementor-column elementor-col-100 elementor-top-column elementor-element elementor-element-cb52bc3\" data-id=\"cb52bc3\" data-element_type=\"column\">\n\t\t\t<div class=\"elementor-widget-wrap elementor-element-populated\">\n\t\t\t\t\t\t<div class=\"elementor-element elementor-element-e0bb812 elementor-widget elementor-widget-heading\" data-id=\"e0bb812\" data-element_type=\"widget\" data-widget_type=\"heading.default\">\n\t\t\t\t<div class=\"elementor-widget-container\">\n\t\t\t\t\t<h2 class=\"elementor-heading-title elementor-size-default\">Em Joinville, Pol\u00edcia Civil prende estelionat\u00e1rio foragido por golpe milion\u00e1rio em Bel\u00e9m, no Par\u00e1<\/h2>\t\t\t\t<\/div>\n\t\t\t\t<\/div>\n\t\t\t\t\t<\/div>\n\t\t<\/div>\n\t\t\t\t\t<\/div>\n\t\t<\/section>\n\t\t\t\t<section class=\"elementor-section elementor-top-section elementor-element elementor-element-d35b6f6 elementor-section-boxed elementor-section-height-default elementor-section-height-default\" data-id=\"d35b6f6\" data-element_type=\"section\">\n\t\t\t\t\t\t<div class=\"elementor-container elementor-column-gap-default\">\n\t\t\t\t\t<div class=\"elementor-column elementor-col-100 elementor-top-column elementor-element elementor-element-52f7440\" data-id=\"52f7440\" data-element_type=\"column\">\n\t\t\t<div class=\"elementor-widget-wrap elementor-element-populated\">\n\t\t\t\t\t\t<div class=\"elementor-element elementor-element-72e0112 elementor-widget elementor-widget-image\" data-id=\"72e0112\" data-element_type=\"widget\" data-widget_type=\"image.default\">\n\t\t\t\t<div class=\"elementor-widget-container\">\n\t\t\t\t\t\t\t\t\t\t\t\t\t\t\t<img fetchpriority=\"high\" decoding=\"async\" width=\"696\" height=\"397\" src=\"https:\/\/pc.sc.gov.br\/\/wp-content\/uploads\/2024\/02\/7eafe7c9-ccf5-4491-b929-3a59b1618a89-fotor-20240220145711-1024x584.jpg\" class=\"attachment-large size-large wp-image-17552\" alt=\"\" srcset=\"https:\/\/pc.sc.gov.br\/\/wp-content\/uploads\/2024\/02\/7eafe7c9-ccf5-4491-b929-3a59b1618a89-fotor-20240220145711-1024x584.jpg 1024w, https:\/\/pc.sc.gov.br\/\/wp-content\/uploads\/2024\/02\/7eafe7c9-ccf5-4491-b929-3a59b1618a89-fotor-20240220145711-300x171.jpg 300w, https:\/\/pc.sc.gov.br\/\/wp-content\/uploads\/2024\/02\/7eafe7c9-ccf5-4491-b929-3a59b1618a89-fotor-20240220145711-768x438.jpg 768w, https:\/\/pc.sc.gov.br\/\/wp-content\/uploads\/2024\/02\/7eafe7c9-ccf5-4491-b929-3a59b1618a89-fotor-20240220145711.jpg 1068w\" sizes=\"(max-width: 696px) 100vw, 696px\" \/>\t\t\t\t\t\t\t\t\t\t\t\t\t\t\t<\/div>\n\t\t\t\t<\/div>\n\t\t\t\t\t<\/div>\n\t\t<\/div>\n\t\t\t\t\t<\/div>\n\t\t<\/section>\n\t\t\t\t<section class=\"elementor-section elementor-top-section elementor-element elementor-element-93b5acd elementor-section-boxed elementor-section-height-default elementor-section-height-default\" data-id=\"93b5acd\" data-element_type=\"section\">\n\t\t\t\t\t\t<div class=\"elementor-container elementor-column-gap-default\">\n\t\t\t\t\t<div class=\"elementor-column elementor-col-100 elementor-top-column elementor-element elementor-element-bf348e2\" data-id=\"bf348e2\" data-element_type=\"column\">\n\t\t\t<div class=\"elementor-widget-wrap elementor-element-populated\">\n\t\t\t\t\t\t<div class=\"elementor-element elementor-element-345279c elementor-widget elementor-widget-text-editor\" data-id=\"345279c\" data-element_type=\"widget\" data-widget_type=\"text-editor.default\">\n\t\t\t\t<div class=\"elementor-widget-container\">\n\t\t\t\t\t\t\t\t\t<p class=\"MsoNormal\">A Pol\u00edcia Civil de Santa Catarina, por meio da 1\u00aa Delegacia de Pol\u00edcia de Joinville realizou nesta segunda-feira (19) a pris\u00e3o de um indiv\u00edduo foragido pela pr\u00e1tica de estelionato no estado do Par\u00e1. Trata-se de investiga\u00e7\u00e3o realizada pela Divis\u00e3o de Repress\u00e3o ao Crime Organizado de Bel\u00e9m (PA) que apura a pr\u00e1tica do crime de estelionato praticado em continuidade delitiva.<\/p>\n<p class=\"MsoNormal\">O investigado se apresentava como propriet\u00e1rio de uma loja de ve\u00edculos em Bel\u00e9m, realizava compra, venda e troca de ve\u00edculos, assumindo a responsabilidade de quitar os ve\u00edculos envolvidos em transa\u00e7\u00f5es comerciais. No entanto, realizava outros neg\u00f3cios com os ve\u00edculos adquiridos, praticando v\u00e1rios estelionatos em continuidade delitiva.<\/p>\n<p class=\"MsoNormal\">Depois de aplicar tantos golpes, o investigado se evadiu de Bel\u00e9m com todo o dinheiro que recebeu dos neg\u00f3cios realizados, deixando diversas v\u00edtimas. O preju\u00edzo estimado pelos crimes praticados \u00e9 de aproximadamente R$ 1,5 milh\u00e3o. Ap\u00f3s a conclus\u00e3o das investiga\u00e7\u00f5es foi representado por sua pris\u00e3o preventiva, a qual foi deferida no m\u00eas de outubro de 2023.<\/p>\n<p class=\"MsoNormal\">Ap\u00f3s intenso trabalho investigativo, a Pol\u00edcia Civil do Par\u00e1, encontrou ind\u00edcios de que o foragido estaria residindo em Joinville, sendo realizado o compartilhamento de informa\u00e7\u00f5es com a Pol\u00edcia Civil de Santa Catarina.<\/p>\n<p class=\"MsoNormal\">Depois de um trabalho de levantamento de informa\u00e7\u00f5es, a equipe de Investiga\u00e7\u00e3o da 1\u00aa DP realizou uma longa campana policial que culminou com o cumprimento do mandado de pris\u00e3o expedido pela Vara de Inqu\u00e9ritos Policiais da Comarca de Bel\u00e9m (PA). O investigado foi encaminhado ao Pres\u00eddio Regional de Joinville.<\/p>\n<p><\/p>\n<p class=\"MsoNormal\"><b>DENUNCIE atrav\u00e9s do telefone 181, o sigilo \u00e9 absoluto.<\/b><\/p>\t\t\t\t\t\t\t\t<\/div>\n\t\t\t\t<\/div>\n\t\t\t\t\t<\/div>\n\t\t<\/div>\n\t\t\t\t\t<\/div>\n\t\t<\/section>\n\t\t\t\t<\/div>\n\t\t","protected":false},"excerpt":{"rendered":"<p>Em Joinville, Pol\u00edcia Civil prende estelionat\u00e1rio foragido por golpe milion\u00e1rio em Bel\u00e9m, no Par\u00e1 A Pol\u00edcia Civil de Santa Catarina, por meio da 1\u00aa Delegacia de Pol\u00edcia de Joinville realizou nesta segunda-feira (19) a pris\u00e3o de um indiv\u00edduo foragido pela pr\u00e1tica de estelionato no estado do Par\u00e1. Trata-se de investiga\u00e7\u00e3o realizada pela Divis\u00e3o de Repress\u00e3o [&hellip;]<\/p>\n","protected":false},"author":5,"featured_media":17552,"comment_status":"closed","ping_status":"open","sticky":false,"template":"","format":"standard","meta":{"_monsterinsights_skip_tracking":false,"_monsterinsights_sitenote_active":false,"_monsterinsights_sitenote_note":"","_monsterinsights_sitenote_category":0,"footnotes":""},"categories":[1],"tags":[],"class_list":["post-17551","post","type-post","status-publish","format-standard","has-post-thumbnail","hentry","category-sem-categoria"],"_links":{"self":[{"href":"https:\/\/pc.sc.gov.br\/index.php?rest_route=\/wp\/v2\/posts\/17551","targetHints":{"allow":["GET"]}}],"collection":[{"href":"https:\/\/pc.sc.gov.br\/index.php?rest_route=\/wp\/v2\/posts"}],"about":[{"href":"https:\/\/pc.sc.gov.br\/index.php?rest_route=\/wp\/v2\/types\/post"}],"author":[{"embeddable":true,"href":"https:\/\/pc.sc.gov.br\/index.php?rest_route=\/wp\/v2\/users\/5"}],"replies":[{"embeddable":true,"href":"https:\/\/pc.sc.gov.br\/index.php?rest_route=%2Fwp%2Fv2%2Fcomments&post=17551"}],"version-history":[{"count":3,"href":"https:\/\/pc.sc.gov.br\/index.php?rest_route=\/wp\/v2\/posts\/17551\/revisions"}],"predecessor-version":[{"id":17555,"href":"https:\/\/pc.sc.gov.br\/index.php?rest_route=\/wp\/v2\/posts\/17551\/revisions\/17555"}],"wp:featuredmedia":[{"embeddable":true,"href":"https:\/\/pc.sc.gov.br\/index.php?rest_route=\/wp\/v2\/media\/17552"}],"wp:attachment":[{"href":"https:\/\/pc.sc.gov.br\/index.php?rest_route=%2Fwp%2Fv2%2Fmedia&parent=17551"}],"wp:term":[{"taxonomy":"category","embeddable":true,"href":"https:\/\/pc.sc.gov.br\/index.php?rest_route=%2Fwp%2Fv2%2Fcategories&post=17551"},{"taxonomy":"post_tag","embeddable":true,"href":"https:\/\/pc.sc.gov.br\/index.php?rest_route=%2Fwp%2Fv2%2Ftags&post=17551"}],"curies":[{"name":"wp","href":"https:\/\/api.w.org\/{rel}","templated":true}]}}