{"id":17556,"date":"2024-02-20T18:18:28","date_gmt":"2024-02-20T21:18:28","guid":{"rendered":"https:\/\/pc.sc.gov.br\/?p=17556"},"modified":"2024-02-20T18:19:32","modified_gmt":"2024-02-20T21:19:32","slug":"dpcami-de-joinville-prende-homem-que-ateou-fogo-na-casa-da-ex-companheira","status":"publish","type":"post","link":"https:\/\/pc.sc.gov.br\/?p=17556","title":{"rendered":"DPCAMI de Joinville prende homem que ateou fogo na casa da ex-companheira"},"content":{"rendered":"\t\t<div data-elementor-type=\"wp-post\" data-elementor-id=\"17556\" class=\"elementor elementor-17556\" data-elementor-post-type=\"post\">\n\t\t\t\t\t\t<section class=\"elementor-section elementor-top-section elementor-element elementor-element-8c4d263 elementor-section-boxed elementor-section-height-default elementor-section-height-default\" data-id=\"8c4d263\" data-element_type=\"section\">\n\t\t\t\t\t\t<div class=\"elementor-container elementor-column-gap-default\">\n\t\t\t\t\t<div class=\"elementor-column elementor-col-100 elementor-top-column elementor-element elementor-element-de4c60d\" data-id=\"de4c60d\" data-element_type=\"column\">\n\t\t\t<div class=\"elementor-widget-wrap elementor-element-populated\">\n\t\t\t\t\t\t<div class=\"elementor-element elementor-element-b230c21 elementor-widget elementor-widget-heading\" data-id=\"b230c21\" data-element_type=\"widget\" data-widget_type=\"heading.default\">\n\t\t\t\t<div class=\"elementor-widget-container\">\n\t\t\t\t\t<h2 class=\"elementor-heading-title elementor-size-default\">DPCAMI de Joinville prende homem que ateou fogo na casa da ex-companheira <\/h2>\t\t\t\t<\/div>\n\t\t\t\t<\/div>\n\t\t\t\t\t<\/div>\n\t\t<\/div>\n\t\t\t\t\t<\/div>\n\t\t<\/section>\n\t\t\t\t<section class=\"elementor-section elementor-top-section elementor-element elementor-element-3a04b5d elementor-section-boxed elementor-section-height-default elementor-section-height-default\" data-id=\"3a04b5d\" data-element_type=\"section\">\n\t\t\t\t\t\t<div class=\"elementor-container elementor-column-gap-default\">\n\t\t\t\t\t<div class=\"elementor-column elementor-col-100 elementor-top-column elementor-element elementor-element-7978664\" data-id=\"7978664\" data-element_type=\"column\">\n\t\t\t<div class=\"elementor-widget-wrap elementor-element-populated\">\n\t\t\t\t\t\t<div class=\"elementor-element elementor-element-3c94a90 elementor-widget elementor-widget-image\" data-id=\"3c94a90\" data-element_type=\"widget\" data-widget_type=\"image.default\">\n\t\t\t\t<div class=\"elementor-widget-container\">\n\t\t\t\t\t\t\t\t\t\t\t\t\t\t\t<img fetchpriority=\"high\" decoding=\"async\" width=\"605\" height=\"603\" src=\"https:\/\/pc.sc.gov.br\/\/wp-content\/uploads\/2024\/02\/WhatsApp-Image-2024-02-20-at-16.25.15.jpeg\" class=\"attachment-large size-large wp-image-17557\" alt=\"\" srcset=\"https:\/\/pc.sc.gov.br\/\/wp-content\/uploads\/2024\/02\/WhatsApp-Image-2024-02-20-at-16.25.15.jpeg 605w, https:\/\/pc.sc.gov.br\/\/wp-content\/uploads\/2024\/02\/WhatsApp-Image-2024-02-20-at-16.25.15-300x300.jpeg 300w, https:\/\/pc.sc.gov.br\/\/wp-content\/uploads\/2024\/02\/WhatsApp-Image-2024-02-20-at-16.25.15-150x150.jpeg 150w\" sizes=\"(max-width: 605px) 100vw, 605px\" \/>\t\t\t\t\t\t\t\t\t\t\t\t\t\t\t<\/div>\n\t\t\t\t<\/div>\n\t\t\t\t\t<\/div>\n\t\t<\/div>\n\t\t\t\t\t<\/div>\n\t\t<\/section>\n\t\t\t\t<section class=\"elementor-section elementor-top-section elementor-element elementor-element-2d1fe98 elementor-section-boxed elementor-section-height-default elementor-section-height-default\" data-id=\"2d1fe98\" data-element_type=\"section\">\n\t\t\t\t\t\t<div class=\"elementor-container elementor-column-gap-default\">\n\t\t\t\t\t<div class=\"elementor-column elementor-col-100 elementor-top-column elementor-element elementor-element-e9c9581\" data-id=\"e9c9581\" data-element_type=\"column\">\n\t\t\t<div class=\"elementor-widget-wrap elementor-element-populated\">\n\t\t\t\t\t\t<div class=\"elementor-element elementor-element-82256db elementor-widget elementor-widget-text-editor\" data-id=\"82256db\" data-element_type=\"widget\" data-widget_type=\"text-editor.default\">\n\t\t\t\t<div class=\"elementor-widget-container\">\n\t\t\t\t\t\t\t\t\t<p>A Pol\u00edcia Civil de Santa Catarina, por meio da DPCAMI de Joinville, realizou nesta ter\u00e7a-feira (20) o cumprimento de mandados de busca e apreens\u00e3o e mandado de pris\u00e3o preventiva em desfavor do homem, investigado pelo crime de inc\u00eandio e descumprimento de medida protetiva de urg\u00eancia.<\/p>\n<p>No final do m\u00eas de janeiro uma mulher teve sua resid\u00eancia, no bairro Vila Nova, acometida por um inc\u00eandio criminoso. Por sorte, a mulher e os filhos n\u00e3o estavam no local no momento do crime. Segundo a per\u00edcia, realizada pela Pol\u00edcia Cientifica, o inc\u00eandio atingiu 62m\u00b2 da resid\u00eancia, sendo a principal suspeita a\u00e7\u00e3o humana, sendo descartado acidente.<\/p>\n<p>Em um primeiro momento, existia apenas um v\u00eddeo de c\u00e2mera de seguran\u00e7a, em que um homem encapuzado aparecia indo at\u00e9 a resid\u00eancia da v\u00edtima e, na sequ\u00eancia, se iniciava um clar\u00e3o. Em seguida o homem sa\u00eda a p\u00e9. O v\u00eddeo foi amplamente divulgado pela imprensa na cidade.&nbsp;<\/p>\n<p>Ap\u00f3s dilig\u00eancias, a equipe de investiga\u00e7\u00e3o da DPCAMI descobriu que o ex-companheiro da v\u00edtima, que residia em S\u00e3o Francisco do Sul, esteve em Joinville durante o hor\u00e1rio do cometimento do crime.&nbsp;&nbsp;<\/p>\n<p>O que n\u00e3o se imaginava at\u00e9 ent\u00e3o, \u00e9 que mais uma pessoa estaria envolvida. O ex-companheiro da v\u00edtima, teve ajuda de comparsa, tamb\u00e9m conhecido da v\u00edtima, que al\u00e9m de emprestar o ve\u00edculo utilizado no crime, o ajudou a empreender fuga. Depois do crime, o ex-companheiro ainda tentou se reaproximar da mulher, utilizando a desculpa de que ela estava sem casa, para voltar a morar com ele.&nbsp;<\/p>\n<p>Diante da desconfian\u00e7a que ele seria o culpado pelo crime, a v\u00edtima solicitou medida protetiva de urg\u00eancia, que foi deferida pelo judici\u00e1rio.&nbsp;<\/p>\n<p>No in\u00edcio de fevereiro, o homem descumpriu a Medida Protetiva enviando mensagens para a v\u00edtima.&nbsp; Diante dos fatos a Pol\u00edcia Civil representou pela Pris\u00e3o Preventiva do suspeito e pelo cumprimento de Mandado de Busca e Apreens\u00e3o na resid\u00eancia do poss\u00edvel comparsa.&nbsp;<\/p>\n<p>O suspeito foi preso em S\u00e3o Francisco do Sul, no bairro Ubatuba. Tamb\u00e9m foi cumprido Mandado de Busca e Apreens\u00e3o no bairro Morro do Meio em Joinville.<\/p>\n<p><b>Colabore com a Pol\u00edcia Civil fazendo den\u00fancias pelo telefone 181.&nbsp;<\/b><\/p>\n<div>&nbsp;<\/div>\t\t\t\t\t\t\t\t<\/div>\n\t\t\t\t<\/div>\n\t\t\t\t\t<\/div>\n\t\t<\/div>\n\t\t\t\t\t<\/div>\n\t\t<\/section>\n\t\t\t\t<\/div>\n\t\t","protected":false},"excerpt":{"rendered":"<p>DPCAMI de Joinville prende homem que ateou fogo na casa da ex-companheira A Pol\u00edcia Civil de Santa Catarina, por meio da DPCAMI de Joinville, realizou nesta ter\u00e7a-feira (20) o cumprimento de mandados de busca e apreens\u00e3o e mandado de pris\u00e3o preventiva em desfavor do homem, investigado pelo crime de inc\u00eandio e descumprimento de medida protetiva [&hellip;]<\/p>\n","protected":false},"author":5,"featured_media":17557,"comment_status":"closed","ping_status":"open","sticky":false,"template":"","format":"standard","meta":{"_monsterinsights_skip_tracking":false,"_monsterinsights_sitenote_active":false,"_monsterinsights_sitenote_note":"","_monsterinsights_sitenote_category":0,"footnotes":""},"categories":[1],"tags":[],"class_list":["post-17556","post","type-post","status-publish","format-standard","has-post-thumbnail","hentry","category-sem-categoria"],"_links":{"self":[{"href":"https:\/\/pc.sc.gov.br\/index.php?rest_route=\/wp\/v2\/posts\/17556","targetHints":{"allow":["GET"]}}],"collection":[{"href":"https:\/\/pc.sc.gov.br\/index.php?rest_route=\/wp\/v2\/posts"}],"about":[{"href":"https:\/\/pc.sc.gov.br\/index.php?rest_route=\/wp\/v2\/types\/post"}],"author":[{"embeddable":true,"href":"https:\/\/pc.sc.gov.br\/index.php?rest_route=\/wp\/v2\/users\/5"}],"replies":[{"embeddable":true,"href":"https:\/\/pc.sc.gov.br\/index.php?rest_route=%2Fwp%2Fv2%2Fcomments&post=17556"}],"version-history":[{"count":4,"href":"https:\/\/pc.sc.gov.br\/index.php?rest_route=\/wp\/v2\/posts\/17556\/revisions"}],"predecessor-version":[{"id":17561,"href":"https:\/\/pc.sc.gov.br\/index.php?rest_route=\/wp\/v2\/posts\/17556\/revisions\/17561"}],"wp:featuredmedia":[{"embeddable":true,"href":"https:\/\/pc.sc.gov.br\/index.php?rest_route=\/wp\/v2\/media\/17557"}],"wp:attachment":[{"href":"https:\/\/pc.sc.gov.br\/index.php?rest_route=%2Fwp%2Fv2%2Fmedia&parent=17556"}],"wp:term":[{"taxonomy":"category","embeddable":true,"href":"https:\/\/pc.sc.gov.br\/index.php?rest_route=%2Fwp%2Fv2%2Fcategories&post=17556"},{"taxonomy":"post_tag","embeddable":true,"href":"https:\/\/pc.sc.gov.br\/index.php?rest_route=%2Fwp%2Fv2%2Ftags&post=17556"}],"curies":[{"name":"wp","href":"https:\/\/api.w.org\/{rel}","templated":true}]}}