{"id":1757,"date":"2022-12-06T06:00:44","date_gmt":"2022-12-06T09:00:44","guid":{"rendered":"https:\/\/pc.sc.gov.br\/?p=1757"},"modified":"2022-12-14T08:54:08","modified_gmt":"2022-12-14T11:54:08","slug":"policia-civil-prende-em-flagrante-autor-de-feminicidio-em-xanxere","status":"publish","type":"post","link":"https:\/\/pc.sc.gov.br\/?p=1757","title":{"rendered":"Pol\u00edcia Civil prende em flagrante autor de feminic\u00eddio em Xanxer\u00ea"},"content":{"rendered":"\t\t<div data-elementor-type=\"wp-post\" data-elementor-id=\"1757\" class=\"elementor elementor-1757\" data-elementor-post-type=\"post\">\n\t\t\t\t\t\t<section class=\"elementor-section elementor-top-section elementor-element elementor-element-14dfaa7 elementor-section-boxed elementor-section-height-default elementor-section-height-default\" data-id=\"14dfaa7\" data-element_type=\"section\">\n\t\t\t\t\t\t<div class=\"elementor-container elementor-column-gap-default\">\n\t\t\t\t\t<div class=\"elementor-column elementor-col-100 elementor-top-column elementor-element elementor-element-59cc732\" data-id=\"59cc732\" data-element_type=\"column\">\n\t\t\t<div class=\"elementor-widget-wrap elementor-element-populated\">\n\t\t\t\t\t\t<div class=\"elementor-element elementor-element-78b3885 elementor-widget elementor-widget-heading\" data-id=\"78b3885\" data-element_type=\"widget\" data-widget_type=\"heading.default\">\n\t\t\t\t<div class=\"elementor-widget-container\">\n\t\t\t\t\t<h2 class=\"elementor-heading-title elementor-size-default\">Pol\u00edcia Civil prende em flagrante autor de feminic\u00eddio em Xanxer\u00ea<\/h2>\t\t\t\t<\/div>\n\t\t\t\t<\/div>\n\t\t\t\t\t<\/div>\n\t\t<\/div>\n\t\t\t\t\t<\/div>\n\t\t<\/section>\n\t\t\t\t<section class=\"elementor-section elementor-top-section elementor-element elementor-element-af99b4b elementor-section-boxed elementor-section-height-default elementor-section-height-default\" data-id=\"af99b4b\" data-element_type=\"section\">\n\t\t\t\t\t\t<div class=\"elementor-container elementor-column-gap-default\">\n\t\t\t\t\t<div class=\"elementor-column elementor-col-100 elementor-top-column elementor-element elementor-element-cb5f1ea\" data-id=\"cb5f1ea\" data-element_type=\"column\">\n\t\t\t<div class=\"elementor-widget-wrap elementor-element-populated\">\n\t\t\t\t\t\t<div class=\"elementor-element elementor-element-f309f86 elementor-widget elementor-widget-image\" data-id=\"f309f86\" data-element_type=\"widget\" data-widget_type=\"image.default\">\n\t\t\t\t<div class=\"elementor-widget-container\">\n\t\t\t\t\t\t\t\t\t\t\t\t\t\t\t<img fetchpriority=\"high\" decoding=\"async\" width=\"668\" height=\"904\" src=\"https:\/\/pc.sc.gov.br\/\/wp-content\/uploads\/2022\/12\/01-1.jpg\" class=\"attachment-large size-large wp-image-1765\" alt=\"\" srcset=\"https:\/\/pc.sc.gov.br\/\/wp-content\/uploads\/2022\/12\/01-1.jpg 668w, https:\/\/pc.sc.gov.br\/\/wp-content\/uploads\/2022\/12\/01-1-222x300.jpg 222w\" sizes=\"(max-width: 668px) 100vw, 668px\" \/>\t\t\t\t\t\t\t\t\t\t\t\t\t\t\t<\/div>\n\t\t\t\t<\/div>\n\t\t\t\t\t<\/div>\n\t\t<\/div>\n\t\t\t\t\t<\/div>\n\t\t<\/section>\n\t\t\t\t<section class=\"elementor-section elementor-top-section elementor-element elementor-element-516e730 elementor-section-boxed elementor-section-height-default elementor-section-height-default\" data-id=\"516e730\" data-element_type=\"section\">\n\t\t\t\t\t\t<div class=\"elementor-container elementor-column-gap-default\">\n\t\t\t\t\t<div class=\"elementor-column elementor-col-100 elementor-top-column elementor-element elementor-element-f68ac8a\" data-id=\"f68ac8a\" data-element_type=\"column\">\n\t\t\t<div class=\"elementor-widget-wrap elementor-element-populated\">\n\t\t\t\t\t\t<div class=\"elementor-element elementor-element-a812ccc elementor-widget elementor-widget-text-editor\" data-id=\"a812ccc\" data-element_type=\"widget\" data-widget_type=\"text-editor.default\">\n\t\t\t\t<div class=\"elementor-widget-container\">\n\t\t\t\t\t\t\t\t\t<p>Na segunda-feira (5), a Pol\u00edcia Civil de Santa Catarina, por meio da Divis\u00e3o de Investiga\u00e7\u00e3o Criminal de Xanxer\u00ea, prendeu em flagrante um homem pelo crime de feminic\u00eddio.\u00a0O fato criminoso ocorreu na madrugada da segunda-feira (5), em Xanxer\u00ea, quando uma mulher foi encontrada morta por asfixia no interior de uma resid\u00eancia no bairro Bela Vista. Assim que tomou conhecimento dos fatos, a Pol\u00edcia Civil iniciou dilig\u00eancias investigativas para encontrar o autor do crime, o qual foi identificado como sendo o ex-companheiro da v\u00edtima.<\/p><p>No final da manh\u00e3 da segunda-feira (5), os policiais civis de Xanxer\u00ea, com apoio de policiais civis da Delegacia de Pol\u00edcia do Munic\u00edpio de Faxinal dos Guedes, localizaram o autor do crime no bairro Nossa Senhora de Lourdes. O homem recebeu voz de pris\u00e3o e foi conduzido \u00e0 Delegacia de Pol\u00edcia de Xanxer\u00ea.<\/p><p>Durante as investiga\u00e7\u00f5es apurou-se que o suspeito estava \u00e0 procura de conhecidos para angariar dinheiro e poder fugir da cidade. O homem possu\u00eda v\u00e1rios registros de ocorr\u00eancia em seu nome. O procedimento policial foi encaminhado \u00e0 Delegacia de Prote\u00e7\u00e3o \u00e0 Crian\u00e7a, Adolescente, Mulher e Idoso de Xanxer\u00ea. O preso foi conduzido ao Pres\u00eddio Regional de Xanxer\u00ea.<\/p>\t\t\t\t\t\t\t\t<\/div>\n\t\t\t\t<\/div>\n\t\t\t\t\t<\/div>\n\t\t<\/div>\n\t\t\t\t\t<\/div>\n\t\t<\/section>\n\t\t\t\t<\/div>\n\t\t","protected":false},"excerpt":{"rendered":"<p>Pol\u00edcia Civil prende em flagrante autor de feminic\u00eddio em Xanxer\u00ea Na segunda-feira (5), a Pol\u00edcia Civil de Santa Catarina, por meio da Divis\u00e3o de Investiga\u00e7\u00e3o Criminal de Xanxer\u00ea, prendeu em flagrante um homem pelo crime de feminic\u00eddio.\u00a0O fato criminoso ocorreu na madrugada da segunda-feira (5), em Xanxer\u00ea, quando uma mulher foi encontrada morta por asfixia [&hellip;]<\/p>\n","protected":false},"author":2,"featured_media":1765,"comment_status":"closed","ping_status":"open","sticky":false,"template":"elementor_header_footer","format":"standard","meta":{"_monsterinsights_skip_tracking":false,"_monsterinsights_sitenote_active":false,"_monsterinsights_sitenote_note":"","_monsterinsights_sitenote_category":0,"footnotes":""},"categories":[1],"tags":[],"class_list":["post-1757","post","type-post","status-publish","format-standard","has-post-thumbnail","hentry","category-sem-categoria"],"_links":{"self":[{"href":"https:\/\/pc.sc.gov.br\/index.php?rest_route=\/wp\/v2\/posts\/1757","targetHints":{"allow":["GET"]}}],"collection":[{"href":"https:\/\/pc.sc.gov.br\/index.php?rest_route=\/wp\/v2\/posts"}],"about":[{"href":"https:\/\/pc.sc.gov.br\/index.php?rest_route=\/wp\/v2\/types\/post"}],"author":[{"embeddable":true,"href":"https:\/\/pc.sc.gov.br\/index.php?rest_route=\/wp\/v2\/users\/2"}],"replies":[{"embeddable":true,"href":"https:\/\/pc.sc.gov.br\/index.php?rest_route=%2Fwp%2Fv2%2Fcomments&post=1757"}],"version-history":[{"count":7,"href":"https:\/\/pc.sc.gov.br\/index.php?rest_route=\/wp\/v2\/posts\/1757\/revisions"}],"predecessor-version":[{"id":1777,"href":"https:\/\/pc.sc.gov.br\/index.php?rest_route=\/wp\/v2\/posts\/1757\/revisions\/1777"}],"wp:featuredmedia":[{"embeddable":true,"href":"https:\/\/pc.sc.gov.br\/index.php?rest_route=\/wp\/v2\/media\/1765"}],"wp:attachment":[{"href":"https:\/\/pc.sc.gov.br\/index.php?rest_route=%2Fwp%2Fv2%2Fmedia&parent=1757"}],"wp:term":[{"taxonomy":"category","embeddable":true,"href":"https:\/\/pc.sc.gov.br\/index.php?rest_route=%2Fwp%2Fv2%2Fcategories&post=1757"},{"taxonomy":"post_tag","embeddable":true,"href":"https:\/\/pc.sc.gov.br\/index.php?rest_route=%2Fwp%2Fv2%2Ftags&post=1757"}],"curies":[{"name":"wp","href":"https:\/\/api.w.org\/{rel}","templated":true}]}}